{"id":164894,"date":"2025-06-10T05:08:13","date_gmt":"2025-06-10T05:08:13","guid":{"rendered":"https:\/\/www.europesays.com\/fr\/164894\/"},"modified":"2025-06-10T05:08:13","modified_gmt":"2025-06-10T05:08:13","slug":"entreprises-trois-arrivees-a-la-fondation-uga-trois-grosses-entreprises-vont-experimenter-huggy-lactu-en-bref","status":"publish","type":"post","link":"https:\/\/www.europesays.com\/fr\/164894\/","title":{"rendered":"Entreprises. Trois arriv\u00e9es \u00e0 la Fondation UGA, trois grosses entreprises vont exp\u00e9rimenter Huggy&#8230; l&rsquo;actu en bref"},"content":{"rendered":"<p>  &#13;<br \/>\n      <a href=\"https:\/\/cdn-s-www.ledauphine.com\/images\/88a5d62d-504e-4d87-af9d-e67be01cda75\/NW_raw\/la-fondation-universite-grenoble-alpes-a-annonce-l-entree-de-trois-nouveaux-membres-au-sein-de-son-assemblee-des-fondateurs-la-scop-alma-le-crous-grenoble-alpes-et-inria-1749487565.jpg\" title=\"La Fondation Universit\u00e9 Grenoble Alpes a annonc\u00e9 l\u2019entr\u00e9e de trois nouveaux membres au sein de son assembl\u00e9e des fondateurs : la SCOP Alma, le CROUS Grenoble-Alpes et Inria.\" class=\"chocolat-image GA-tracking\" data-ga_type=\"click\" data-ga_category=\"D\u00e9tail\" data-ga_action=\"zoomer\" data-ga_label=\"agrandir image\" target=\"_blank\" rel=\"noopener\">&#13;<br \/>\n          <img loading=\"lazy\" decoding=\"async\" src=\"https:\/\/www.europesays.com\/fr\/wp-content\/uploads\/2025\/06\/la-fondation-universite-grenoble-alpes-a-annonce-l-entree-de-trois-nouveaux-membres-au-sein-de-son-a.jpeg\" data-mobile=\"NW_listC_M|1749487565\" data-base=\"NW_listC|1749487565\" alt=\"La Fondation Universit\u00e9 Grenoble Alpes a annonc\u00e9 l\u2019entr\u00e9e de trois nouveaux membres au sein de son assembl\u00e9e des fondateurs : la SCOP Alma, le CROUS Grenoble-Alpes et Inria.\"\/>&#13;<br \/>\n      <\/a>&#13;<\/p>\n<p style=\"margin: 0cm; margin-bottom: .0001pt;\">La Fondation Universit\u00e9 Grenoble Alpes a annonc\u00e9 l\u2019entr\u00e9e de trois nouveaux membres au sein de son assembl\u00e9e des fondateurs : la SCOP Alma, le CROUS Grenoble-Alpes et Inria.<\/p>\n<p>&#13;<\/p>\n<p>  Is\u00e8re : trois\u00a0partenaires rejoignent la Fondation UGA<\/p>\n<p>La Fondation Universit\u00e9 Grenoble Alpes accueille trois nouveaux fondateurs jusqu&rsquo;en 2028 (minimum) : la SCOP Alma, le Crous Grenoble-Alpes et Inria.<\/p>\n<p>Ces derniers rejoignent les\u00a0sept fondateurs historiques,\u00a0qui ont tous ont renouvel\u00e9 leur soutien\u00a0:\u00a0Air Liquide, bioM\u00e9rieux, la Banque Populaire Auvergne Rh\u00f4ne-Alpes, le CHU Grenoble Alpes, Grenoble Alpes M\u00e9tropole et le D\u00e9partement de l\u2019Is\u00e8re.<\/p>\n<p>Ces dix entit\u00e9s\u00a0contribuent <a href=\"https:\/\/www.ledauphine.com\/economie\/2024\/04\/25\/fondation-uga-avec-nous-l-entreprise-est-citoyenne-de-son-territoire\" target=\"_blank\" rel=\"noopener\">au pilotage strat\u00e9gique de la Fondation<\/a> ainsi qu\u2019au financement de son fonctionnement et de programmes d\u00e9di\u00e9s \u00e0 la vie \u00e9tudiante. Avec le soutien de m\u00e9c\u00e8nes industriels et de collectivit\u00e9s, la Fondation permet la r\u00e9alisation de 12 chaires de recherche port\u00e9es par l\u2019Universit\u00e9 Grenoble Alpes et de programmes de soutien \u00e0 la vie \u00e9tudiante.<\/p>\n<p>Depuis sa cr\u00e9ation, la Fondation Universit\u00e9 Grenoble Alpes a lev\u00e9 23 millions d\u2019euros gr\u00e2ce au soutien de plus de 150 m\u00e9c\u00e8nes.<\/p>\n<p>  R\u00e9gion \/ Emploi :\u00a0trois nouvelles entreprises vont exp\u00e9rimenter Huggy<\/p>\n<p>Huggy, une plateforme \u00ab active \u00bb pour motiver chercheurs d&#8217;emploi et entreprises, et France Travail m\u00e8nent actuellement une exp\u00e9rimentation visant\u00a0\u00e0 fluidifier les recrutements dans le secteur du nucl\u00e9aire puis dans tout l&rsquo;industriel d\u00e9sormais\u00a0<a href=\"https:\/\/www.ledauphine.com\/economie\/2025\/05\/26\/avec-huggy-la-recherche-d-emploi-devient-active\" target=\"_blank\" rel=\"noopener\">gr\u00e2ce \u00e0 une m\u00e9thode collaborative<\/a>.<\/p>\n<p>Un dispositif qui a s\u00e9duit trois nouvelles entreprises et pas des moindres\u00a0:\u00a0Enedis, CTP environnement et Ineo Nucl\u00e9aire.<\/p>\n<p>\u00ab \u00c0 travers cette exp\u00e9rimentation, c&rsquo;est la logique de collaboration entre entreprises que nous souhaitons activer pour faciliter les recrutements. En recommandant les bons profils \u00e0 qui elles ne peuvent proposer d&rsquo;opportunit\u00e9 professionnelle et en b\u00e9n\u00e9ficiant en retour des recommandations de leurs pairs, les entreprises engag\u00e9es dans le Recrutement Circulaire exp\u00e9rimentent une approche innovante, responsable et efficiente \u00bb, pr\u00e9cise\u00a0Juliette Jarry, Directrice g\u00e9n\u00e9rale de Huggy.<\/p>\n<p>\u00c0 noter que cette\u00a0phase d\u2019exp\u00e9rimentation est\u00a0 prolong\u00e9e jusqu\u2019\u00e0 fin novembre pour \u00ab\u00a0en maximiser les effets\u00a0\u00bb.<\/p>\n","protected":false},"excerpt":{"rendered":"&#13; &#13; &#13; &#13; La Fondation Universit\u00e9 Grenoble Alpes a annonc\u00e9 l\u2019entr\u00e9e de trois nouveaux membres au sein&hellip;\n","protected":false},"author":2,"featured_media":164895,"comment_status":"","ping_status":"","sticky":false,"template":"","format":"standard","meta":{"footnotes":""},"categories":[9566],"tags":[1111,11,2738,4646,2430,9810,2730,33,1777,674,1011,27,2731,4638,693,5015,108,3367,12,25,2429,5508,216],"class_list":{"0":"post-164894","1":"post","2":"type-post","3":"status-publish","4":"format-standard","5":"has-post-thumbnail","7":"category-grenoble","8":"tag-actu","9":"tag-actualites","10":"tag-ain","11":"tag-ardeche","12":"tag-auvergne-rhone-alpes","13":"tag-direct-entreprises","14":"tag-drome","15":"tag-economie","16":"tag-eu","17":"tag-europe","18":"tag-fr","19":"tag-france","20":"tag-grenoble","21":"tag-haute-savoie","22":"tag-industrie","23":"tag-innovation-et-start-up","24":"tag-isere","25":"tag-loire","26":"tag-news","27":"tag-republique-francaise","28":"tag-rhone","29":"tag-savoie","30":"tag-vie-des-entreprises"},"share_on_mastodon":{"url":"https:\/\/pubeurope.com\/@fr\/114657342597602997","error":""},"_links":{"self":[{"href":"https:\/\/www.europesays.com\/fr\/wp-json\/wp\/v2\/posts\/164894","targetHints":{"allow":["GET"]}}],"collection":[{"href":"https:\/\/www.europesays.com\/fr\/wp-json\/wp\/v2\/posts"}],"about":[{"href":"https:\/\/www.europesays.com\/fr\/wp-json\/wp\/v2\/types\/post"}],"author":[{"embeddable":true,"href":"https:\/\/www.europesays.com\/fr\/wp-json\/wp\/v2\/users\/2"}],"replies":[{"embeddable":true,"href":"https:\/\/www.europesays.com\/fr\/wp-json\/wp\/v2\/comments?post=164894"}],"version-history":[{"count":0,"href":"https:\/\/www.europesays.com\/fr\/wp-json\/wp\/v2\/posts\/164894\/revisions"}],"wp:featuredmedia":[{"embeddable":true,"href":"https:\/\/www.europesays.com\/fr\/wp-json\/wp\/v2\/media\/164895"}],"wp:attachment":[{"href":"https:\/\/www.europesays.com\/fr\/wp-json\/wp\/v2\/media?parent=164894"}],"wp:term":[{"taxonomy":"category","embeddable":true,"href":"https:\/\/www.europesays.com\/fr\/wp-json\/wp\/v2\/categories?post=164894"},{"taxonomy":"post_tag","embeddable":true,"href":"https:\/\/www.europesays.com\/fr\/wp-json\/wp\/v2\/tags?post=164894"}],"curies":[{"name":"wp","href":"https:\/\/api.w.org\/{rel}","templated":true}]}}