{"id":164898,"date":"2025-06-10T05:10:10","date_gmt":"2025-06-10T05:10:10","guid":{"rendered":"https:\/\/www.europesays.com\/fr\/164898\/"},"modified":"2025-06-10T05:10:10","modified_gmt":"2025-06-10T05:10:10","slug":"chantepie-pour-coup-de-theatre-lamour-est-au-programme","status":"publish","type":"post","link":"https:\/\/www.europesays.com\/fr\/164898\/","title":{"rendered":"Chantepie. Pour Coup de th\u00e9\u00e2tre, l\u2019amour est au programme"},"content":{"rendered":"<p>L\u2019association Coup de th\u00e9\u00e2tre proposera un nouveau spectacle samedi\u00a0et dimanche, intitul\u00e9 Cupidon est en RTT.<\/p>\n<p>\u00ab<strong>\u00a0Comme son titre peut le laisser deviner, cette pi\u00e8ce explore les jeux du destin, de l\u2019amour et du hasard, avec une pointe de fac\u00e9tie, un soup\u00e7on de malice, et une touche d\u2019humour\u00a0\u00bb<\/strong>, pr\u00e9sente Cl\u00e9mence Harel, pr\u00e9sidente de l\u2019association.\u00a0Lui est introverti et d\u00e9sillusionn\u00e9\u00a0; elle est dynamique et souriante. Ils ne parviennent pas \u00e0 sortir de leur solitude affective et d\u00e9sesp\u00e8rent de rencontrer l\u2019\u00e2me s\u0153ur. Cupidon semble les avoir oubli\u00e9s\u2026<\/p>\n<p>\u00ab<strong>\u00a0C\u2019est une cr\u00e9ation originale et collective qui fait la fiert\u00e9 de notre groupe de dix\u00a0adultes. Parmi nous, six\u00a0vivent leur toute premi\u00e8re exp\u00e9rience th\u00e9\u00e2trale mais c\u2019est tout l\u2019atelier qui vit sa premi\u00e8re exp\u00e9rience de cr\u00e9ation avec un r\u00e9el enchantement.<\/strong>\u00a0\u00bb<\/p>\n<p>Celle-ci s\u2019est d\u00e9roul\u00e9e en plusieurs \u00e9tapes\u00a0: la d\u00e9finition du th\u00e8me (la s\u00e9duction, ou comment deux personnes peuvent r\u00e9ussir \u00e0 se rencontrer, puis \u00e0 se s\u00e9duire en 2025), la cr\u00e9ation des personnages, la trame de l\u2019histoire, la mise en situation des sc\u00e8nes\u2026<\/p>\n<p>\u00ab<strong>\u00a0L\u2019\u00e9quipe s\u2019est beaucoup amus\u00e9e \u00e0 imaginer l\u2019histoire, \u00e0 construire les personnages pendant les r\u00e9p\u00e9titions hebdomadaires \u00e0 l\u2019ambiance studieuse mais d\u00e9tendue, sous les conseils d\u2019Am\u00e9lie Barth, notre metteuse en sc\u00e8ne<\/strong>\u00a0\u00bb.<\/p>\n<p><strong>Samedi 14\u00a0juin<\/strong>, \u00e0 20\u00a0h, <strong>dimanche 15\u00a0juin<\/strong>, \u00e0 15\u00a0h, complexe des Deux Ruisseaux, avenue Andr\u00e9-Bonnin\u00a0; tarifs\u00a0: 7\u00a0\u20ac, 5\u00a0\u20ac, moins de 15\u00a0ans, gratuit moins de 10\u00a0ans. R\u00e9servation possible au 06\u00a086\u00a014\u00a080\u00a003.<\/p>\n<p>\u00a0<\/p>\n","protected":false},"excerpt":{"rendered":"L\u2019association Coup de th\u00e9\u00e2tre proposera un nouveau spectacle samedi\u00a0et dimanche, intitul\u00e9 Cupidon est en RTT. \u00ab\u00a0Comme son titre&hellip;\n","protected":false},"author":2,"featured_media":164899,"comment_status":"","ping_status":"","sticky":false,"template":"","format":"standard","meta":{"footnotes":""},"categories":[2821],"tags":[1111,11,1376,829,12790,3952,1777,674,1011,27,12,5240,3086,584,25,1347],"class_list":{"0":"post-164898","1":"post","2":"type-post","3":"status-publish","4":"format-standard","5":"has-post-thumbnail","7":"category-rennes","8":"tag-actu","9":"tag-actualites","10":"tag-amour","11":"tag-bretagne","12":"tag-chantepie","13":"tag-coup","14":"tag-eu","15":"tag-europe","16":"tag-fr","17":"tag-france","18":"tag-news","19":"tag-programme","20":"tag-redon","21":"tag-rennes","22":"tag-republique-francaise","23":"tag-theatre"},"share_on_mastodon":{"url":"https:\/\/pubeurope.com\/@fr\/114657350410542732","error":""},"_links":{"self":[{"href":"https:\/\/www.europesays.com\/fr\/wp-json\/wp\/v2\/posts\/164898","targetHints":{"allow":["GET"]}}],"collection":[{"href":"https:\/\/www.europesays.com\/fr\/wp-json\/wp\/v2\/posts"}],"about":[{"href":"https:\/\/www.europesays.com\/fr\/wp-json\/wp\/v2\/types\/post"}],"author":[{"embeddable":true,"href":"https:\/\/www.europesays.com\/fr\/wp-json\/wp\/v2\/users\/2"}],"replies":[{"embeddable":true,"href":"https:\/\/www.europesays.com\/fr\/wp-json\/wp\/v2\/comments?post=164898"}],"version-history":[{"count":0,"href":"https:\/\/www.europesays.com\/fr\/wp-json\/wp\/v2\/posts\/164898\/revisions"}],"wp:featuredmedia":[{"embeddable":true,"href":"https:\/\/www.europesays.com\/fr\/wp-json\/wp\/v2\/media\/164899"}],"wp:attachment":[{"href":"https:\/\/www.europesays.com\/fr\/wp-json\/wp\/v2\/media?parent=164898"}],"wp:term":[{"taxonomy":"category","embeddable":true,"href":"https:\/\/www.europesays.com\/fr\/wp-json\/wp\/v2\/categories?post=164898"},{"taxonomy":"post_tag","embeddable":true,"href":"https:\/\/www.europesays.com\/fr\/wp-json\/wp\/v2\/tags?post=164898"}],"curies":[{"name":"wp","href":"https:\/\/api.w.org\/{rel}","templated":true}]}}