{"id":164907,"date":"2025-06-10T05:15:14","date_gmt":"2025-06-10T05:15:14","guid":{"rendered":"https:\/\/www.europesays.com\/fr\/164907\/"},"modified":"2025-06-10T05:15:14","modified_gmt":"2025-06-10T05:15:14","slug":"mais-pourquoi-ca-pegue-on-vous-explique-pourquoi-ca-colle-quand-on-marche-dans-certaines-rues-de-nice","status":"publish","type":"post","link":"https:\/\/www.europesays.com\/fr\/164907\/","title":{"rendered":"\u00ab\u00a0Mais pourquoi \u00e7a p\u00e8gue?\u00a0\u00bb On vous explique pourquoi \u00e7a colle quand on marche dans certaines rues de Nice"},"content":{"rendered":"<p>\u00ab\u00a0Mais pourquoi \u00e7a p\u00e8gue?\u00a0\u00bb<\/p>\n<p>Bien des Ni\u00e7ois, bien des touristes se posent cette question depuis quelques jours, alors qu\u2019ils foulent les trottoirs de l\u2019avenue Jean-M\u00e9decin et du boulevard Gambetta.<\/p>\n<p>Curieuse et d\u00e9sagr\u00e9able sensation de marcher sur des nappes de sirop hyper sucr\u00e9. Pourtant ce ne sont pas des bouteilles de sirop ou des pots de miel qui se sont fracass\u00e9s sur ces deux voies majeures du centre-ville ni\u00e7ois. La faute en revient \u00e0 des insectes!<\/p>\n<p>\u00ab\u00a0Souvent des pucerons ou des cochenilles\u00a0\u00bb<\/p>\n<p>L\u2019affaire commence \u00e0 essaimer sur les r\u00e9seaux sociaux. Ces taches sombres \u00e9toil\u00e9es qui collent aux semelles, se trouvent sous les tilleuls, jalonnant le boulevard Gambetta et l\u2019avenue Jean-M\u00e9decin. Il s\u2019agit d\u2019un \u00e9pisode normal et saisonnier, d\u00e9crypt\u00e9 par Fr\u00e9d\u00e9ric Billy, pr\u00e9sident de l\u2019association des naturalistes des Alpes-Maritimes et entomologiste, autrement dit, sp\u00e9cialiste des insectes.<\/p>\n<p>M\u00eame si ce sont les papillons qui fascinent le scientifique ni\u00e7ois, ce dernier a l\u2019habitude de ce comportement imputable \u00e0 des insectes: \u00ab\u00a0Ce sont souvent des pucerons ou des cochenilles qui s\u00e9cr\u00e8tent un liquide sucr\u00e9. Comme les arbres, les tilleuls, en l\u2019occurrence produisent beaucoup de s\u00e8ve actuellement, ce suc attire les insectes qui se posent sur les arbres afin de s\u2019en nourrir.\u00a0\u00bb<\/p>\n<p>Excr\u00e9tion sucr\u00e9e<\/p>\n<p>Une fois le liquide aspir\u00e9 par les bestioles, il est restitu\u00e9 par leur organisme et \u00ab\u00a0ce sont leurs d\u00e9jections, le miellat, excr\u00e9tion sucr\u00e9e produite par ces insectes suceurs, qui g\u00e9n\u00e8rent cette substance gluante\u00a0\u00bb.<\/p>\n<p>Ce ph\u00e9nom\u00e8ne est passager, li\u00e9 \u00e0 l\u2019exc\u00e8s de s\u00e8ve des v\u00e9g\u00e9taux. Le soleil contribue \u00e0 s\u00e9cher les d\u00e9jections et l\u2019eau \u2013 de pluie ou d\u2019arrosage \u2013 permet de les supprimer. L\u2019arrosage municipal r\u00e9gulier apporte une solution temporaire, mais bien vite dans la journ\u00e9e, la pluie de colle recommence.<\/p>\n","protected":false},"excerpt":{"rendered":"\u00ab\u00a0Mais pourquoi \u00e7a p\u00e8gue?\u00a0\u00bb Bien des Ni\u00e7ois, bien des touristes se posent cette question depuis quelques jours, alors&hellip;\n","protected":false},"author":2,"featured_media":164908,"comment_status":"","ping_status":"","sticky":false,"template":"","format":"standard","meta":{"footnotes":""},"categories":[2819],"tags":[1111,11,436,1777,674,1011,27,12,2401,882,25],"class_list":{"0":"post-164907","1":"post","2":"type-post","3":"status-publish","4":"format-standard","5":"has-post-thumbnail","7":"category-nice","8":"tag-actu","9":"tag-actualites","10":"tag-environnement","11":"tag-eu","12":"tag-europe","13":"tag-fr","14":"tag-france","15":"tag-news","16":"tag-nice","17":"tag-provence-alpes-cote-dazur","18":"tag-republique-francaise"},"share_on_mastodon":{"url":"https:\/\/pubeurope.com\/@fr\/114657370013132799","error":""},"_links":{"self":[{"href":"https:\/\/www.europesays.com\/fr\/wp-json\/wp\/v2\/posts\/164907","targetHints":{"allow":["GET"]}}],"collection":[{"href":"https:\/\/www.europesays.com\/fr\/wp-json\/wp\/v2\/posts"}],"about":[{"href":"https:\/\/www.europesays.com\/fr\/wp-json\/wp\/v2\/types\/post"}],"author":[{"embeddable":true,"href":"https:\/\/www.europesays.com\/fr\/wp-json\/wp\/v2\/users\/2"}],"replies":[{"embeddable":true,"href":"https:\/\/www.europesays.com\/fr\/wp-json\/wp\/v2\/comments?post=164907"}],"version-history":[{"count":0,"href":"https:\/\/www.europesays.com\/fr\/wp-json\/wp\/v2\/posts\/164907\/revisions"}],"wp:featuredmedia":[{"embeddable":true,"href":"https:\/\/www.europesays.com\/fr\/wp-json\/wp\/v2\/media\/164908"}],"wp:attachment":[{"href":"https:\/\/www.europesays.com\/fr\/wp-json\/wp\/v2\/media?parent=164907"}],"wp:term":[{"taxonomy":"category","embeddable":true,"href":"https:\/\/www.europesays.com\/fr\/wp-json\/wp\/v2\/categories?post=164907"},{"taxonomy":"post_tag","embeddable":true,"href":"https:\/\/www.europesays.com\/fr\/wp-json\/wp\/v2\/tags?post=164907"}],"curies":[{"name":"wp","href":"https:\/\/api.w.org\/{rel}","templated":true}]}}