{"id":164909,"date":"2025-06-10T05:16:18","date_gmt":"2025-06-10T05:16:18","guid":{"rendered":"https:\/\/www.europesays.com\/fr\/164909\/"},"modified":"2025-06-10T05:16:18","modified_gmt":"2025-06-10T05:16:18","slug":"saint-sebastien-sur-loire-exposition-dun-artiste-peintre-roumain-a-la-gare-danjou","status":"publish","type":"post","link":"https:\/\/www.europesays.com\/fr\/164909\/","title":{"rendered":"Saint-S\u00e9bastien-sur-Loire. Exposition d\u2019un artiste peintre roumain\u00a0\u00e0 la gare d\u2019Anjou"},"content":{"rendered":"<p>Dans le cadre des \u00e9changes culturels des comit\u00e9s de Jumelage de Cernavoda (Roumanie), des animations sont programm\u00e9es.<\/p>\n<p>D\u00e9j\u00e0, un repas typiquement roumain a eu lieu avec une quarantaine de participants. Il \u00e9tait anim\u00e9 par Alin, accord\u00e9oniste, et Andreea, chanteuse.<\/p>\n<p>60\u00a0tableaux expos\u00e9s<\/p>\n<p>Actuellement, l\u2019artiste roumain Adrian Ioan Mocan expose \u00e0 la gare d\u2019Anjou soixante tableaux peints \u00e0 l\u2019huile. Cette exposition repr\u00e9sente des personnalit\u00e9s de Cernavoda, des tableaux repr\u00e9sentant les beaux monuments ou\u00a0ponts de la ville, des paysages champ\u00eatres, des coutumes roumaines, folklore\u2026<\/p>\n<p>Certains d\u2019entre eux peuvent \u00eatre achet\u00e9s. L\u2019artiste \u00e9tant pr\u00e9sent pendant toute la dur\u00e9e de l\u2019exposition (d\u00e9part de l\u2019artiste le 14\u00a0juin).<\/p>\n<p>L\u2019exposition est ouverte de 10\u00a0h \u00e0 12\u00a0h\u00a030 et de 14\u00a0h \u00e0 18\u00a0h. Entr\u00e9e gratuite.<\/p>\n<p>\u00a0<\/p>\n","protected":false},"excerpt":{"rendered":"Dans le cadre des \u00e9changes culturels des comit\u00e9s de Jumelage de Cernavoda (Roumanie), des animations sont programm\u00e9es. D\u00e9j\u00e0,&hellip;\n","protected":false},"author":2,"featured_media":164910,"comment_status":"","ping_status":"","sticky":false,"template":"","format":"standard","meta":{"footnotes":""},"categories":[2818],"tags":[1111,11,18314,2593,1777,674,3293,1011,27,7533,766,12,2636,17258,25,29827,3272,3524],"class_list":{"0":"post-164909","1":"post","2":"type-post","3":"status-publish","4":"format-standard","5":"has-post-thumbnail","7":"category-nantes","8":"tag-actu","9":"tag-actualites","10":"tag-anjou","11":"tag-artiste","12":"tag-eu","13":"tag-europe","14":"tag-exposition","15":"tag-fr","16":"tag-france","17":"tag-gare","18":"tag-nantes","19":"tag-news","20":"tag-pays-de-la-loire","21":"tag-peintre","22":"tag-republique-francaise","23":"tag-roumain","24":"tag-saint-nazaire","25":"tag-saint-sebastien-sur-loire"},"share_on_mastodon":{"url":"https:\/\/pubeurope.com\/@fr\/114657373938520155","error":""},"_links":{"self":[{"href":"https:\/\/www.europesays.com\/fr\/wp-json\/wp\/v2\/posts\/164909","targetHints":{"allow":["GET"]}}],"collection":[{"href":"https:\/\/www.europesays.com\/fr\/wp-json\/wp\/v2\/posts"}],"about":[{"href":"https:\/\/www.europesays.com\/fr\/wp-json\/wp\/v2\/types\/post"}],"author":[{"embeddable":true,"href":"https:\/\/www.europesays.com\/fr\/wp-json\/wp\/v2\/users\/2"}],"replies":[{"embeddable":true,"href":"https:\/\/www.europesays.com\/fr\/wp-json\/wp\/v2\/comments?post=164909"}],"version-history":[{"count":0,"href":"https:\/\/www.europesays.com\/fr\/wp-json\/wp\/v2\/posts\/164909\/revisions"}],"wp:featuredmedia":[{"embeddable":true,"href":"https:\/\/www.europesays.com\/fr\/wp-json\/wp\/v2\/media\/164910"}],"wp:attachment":[{"href":"https:\/\/www.europesays.com\/fr\/wp-json\/wp\/v2\/media?parent=164909"}],"wp:term":[{"taxonomy":"category","embeddable":true,"href":"https:\/\/www.europesays.com\/fr\/wp-json\/wp\/v2\/categories?post=164909"},{"taxonomy":"post_tag","embeddable":true,"href":"https:\/\/www.europesays.com\/fr\/wp-json\/wp\/v2\/tags?post=164909"}],"curies":[{"name":"wp","href":"https:\/\/api.w.org\/{rel}","templated":true}]}}