{"id":164919,"date":"2025-06-10T05:23:25","date_gmt":"2025-06-10T05:23:25","guid":{"rendered":"https:\/\/www.europesays.com\/fr\/164919\/"},"modified":"2025-06-10T05:23:25","modified_gmt":"2025-06-10T05:23:25","slug":"indymedia-lille-brochure-combattre-la-civilisation","status":"publish","type":"post","link":"https:\/\/www.europesays.com\/fr\/164919\/","title":{"rendered":"Indymedia Lille &#8211; [Brochure] : Combattre la civilisation"},"content":{"rendered":"<p>\t<img loading=\"lazy\" decoding=\"async\" class=\"copyleft\" src=\"https:\/\/www.europesays.com\/fr\/wp-content\/uploads\/2025\/06\/copyleft.png\" height=\"16\" width=\"16\" alt=\"copyleft\" \/>\u00a0Copyleft Indymedia (Independent M\u00e9dia Center). Sauf au cas o\u00f9 un auteur ait formul\u00e9 un avis contraire, les documents du site sont libres de droits pour la copie, l&rsquo;impression, l&rsquo;\u00e9dition, etc, pour toute publication sur le net ou sur tout autre support, \u00e0 condition que cette utilisation soit NON COMMERCIALE.\t\t <\/p>\n<p>RSS articles<a href=\"https:\/\/lille.indymedia.org\/spip.php?page=backend\" title=\"RSS articles\" rel=\"nofollow noopener\" target=\"_blank\"><img loading=\"lazy\" decoding=\"async\" src=\"https:\/\/www.europesays.com\/fr\/wp-content\/uploads\/2025\/06\/feed.png\" alt=\"RSS articles\" width=\"16\" height=\"16\" class=\"format_png\" \/><\/a>\u00a0|\u00a0<\/p>\n<p>\tSite r\u00e9alis\u00e9 avec\u00a0<a href=\"http:\/\/www.spip.net\" rel=\"nofollow noopener\" target=\"_blank\">spip 3.2.19 [24473]<\/a><\/p>\n","protected":false},"excerpt":{"rendered":"\u00a0Copyleft Indymedia (Independent M\u00e9dia Center). Sauf au cas o\u00f9 un auteur ait formul\u00e9 un avis contraire, les documents&hellip;\n","protected":false},"author":2,"featured_media":164920,"comment_status":"","ping_status":"","sticky":false,"template":"","format":"standard","meta":{"footnotes":""},"categories":[2815],"tags":[1111,11,5002,1777,674,1011,27,811,1307,12,25,1352],"class_list":{"0":"post-164919","1":"post","2":"type-post","3":"status-publish","4":"format-standard","5":"has-post-thumbnail","7":"category-lille","8":"tag-actu","9":"tag-actualites","10":"tag-amerique-latine","11":"tag-eu","12":"tag-europe","13":"tag-fr","14":"tag-france","15":"tag-hauts-de-france","16":"tag-lille","17":"tag-news","18":"tag-republique-francaise","19":"tag-urbanisme"},"share_on_mastodon":{"url":"https:\/\/pubeurope.com\/@fr\/114657401454657872","error":""},"_links":{"self":[{"href":"https:\/\/www.europesays.com\/fr\/wp-json\/wp\/v2\/posts\/164919","targetHints":{"allow":["GET"]}}],"collection":[{"href":"https:\/\/www.europesays.com\/fr\/wp-json\/wp\/v2\/posts"}],"about":[{"href":"https:\/\/www.europesays.com\/fr\/wp-json\/wp\/v2\/types\/post"}],"author":[{"embeddable":true,"href":"https:\/\/www.europesays.com\/fr\/wp-json\/wp\/v2\/users\/2"}],"replies":[{"embeddable":true,"href":"https:\/\/www.europesays.com\/fr\/wp-json\/wp\/v2\/comments?post=164919"}],"version-history":[{"count":0,"href":"https:\/\/www.europesays.com\/fr\/wp-json\/wp\/v2\/posts\/164919\/revisions"}],"wp:featuredmedia":[{"embeddable":true,"href":"https:\/\/www.europesays.com\/fr\/wp-json\/wp\/v2\/media\/164920"}],"wp:attachment":[{"href":"https:\/\/www.europesays.com\/fr\/wp-json\/wp\/v2\/media?parent=164919"}],"wp:term":[{"taxonomy":"category","embeddable":true,"href":"https:\/\/www.europesays.com\/fr\/wp-json\/wp\/v2\/categories?post=164919"},{"taxonomy":"post_tag","embeddable":true,"href":"https:\/\/www.europesays.com\/fr\/wp-json\/wp\/v2\/tags?post=164919"}],"curies":[{"name":"wp","href":"https:\/\/api.w.org\/{rel}","templated":true}]}}