{"id":164921,"date":"2025-06-10T05:24:09","date_gmt":"2025-06-10T05:24:09","guid":{"rendered":"https:\/\/www.europesays.com\/fr\/164921\/"},"modified":"2025-06-10T05:24:09","modified_gmt":"2025-06-10T05:24:09","slug":"apres-cinq-renvois-le-dossier-sorba-sera-examine-a-partir-de-ce-mardi-10-juin","status":"publish","type":"post","link":"https:\/\/www.europesays.com\/fr\/164921\/","title":{"rendered":"Apr\u00e8s cinq renvois, le dossier Sorba sera examin\u00e9 \u00e0 partir de ce mardi 10\u00a0juin"},"content":{"rendered":"<p>Pr\u00e8s de quatorze ans se sont \u00e9coul\u00e9s depuis la commission des faits les plus anciens, treize pour les plus r\u00e9cents. Apr\u00e8s cinq renvois, <a href=\"https:\/\/www.laprovence.com\/article\/faits-divers-justice\/1831529096915914\/au-proces-orsoni-anto-simonu-moretti-sort-du-silence\" target=\"_blank\" rel=\"noopener\">Anto Simonu Moretti<\/a>, dit Ant\u00f2, son fr\u00e8re, Ghjuvan Battista Moretti, dit Batt\u00ec, et Oliver Demonte sont jug\u00e9s \u00e0 partir de ce matin pour \u00ab\u00a0association de malfaiteurs en vue de commettre un crime\u00a0\u00bb.<\/p>\n<p>Les faits remontent \u00e0\u00a02011 et\u00a02012 quand, selon l\u2019accusation, les trois hommes ont foment\u00e9 la tentative d\u2019assassinat de Francis Sorba, le 1er\u00a0novembre\u00a02011, puis l\u2019assassinat de son fr\u00e8re Patrick Sorba, le 24\u00a0octobre\u00a02012.<\/p>\n","protected":false},"excerpt":{"rendered":"Pr\u00e8s de quatorze ans se sont \u00e9coul\u00e9s depuis la commission des faits les plus anciens, treize pour les&hellip;\n","protected":false},"author":2,"featured_media":164922,"comment_status":"","ping_status":"","sticky":false,"template":"","format":"standard","meta":{"footnotes":""},"categories":[2814],"tags":[17,1111,11,150,3216,4485,1777,674,29830,274,1011,27,884,12,882,29828,25,6690,29829],"class_list":{"0":"post-164921","1":"post","2":"type-post","3":"status-publish","4":"format-standard","5":"has-post-thumbnail","7":"category-marseille","8":"tag-17","9":"tag-actu","10":"tag-actualites","11":"tag-apres","12":"tag-cinq","13":"tag-dossier","14":"tag-eu","15":"tag-europe","16":"tag-examine","17":"tag-faits-divers-justice","18":"tag-fr","19":"tag-france","20":"tag-marseille","21":"tag-news","22":"tag-provence-alpes-cote-dazur","23":"tag-renvois","24":"tag-republique-francaise","25":"tag-sera","26":"tag-sorba"},"share_on_mastodon":{"url":"https:\/\/pubeurope.com\/@fr\/114657405409156903","error":""},"_links":{"self":[{"href":"https:\/\/www.europesays.com\/fr\/wp-json\/wp\/v2\/posts\/164921","targetHints":{"allow":["GET"]}}],"collection":[{"href":"https:\/\/www.europesays.com\/fr\/wp-json\/wp\/v2\/posts"}],"about":[{"href":"https:\/\/www.europesays.com\/fr\/wp-json\/wp\/v2\/types\/post"}],"author":[{"embeddable":true,"href":"https:\/\/www.europesays.com\/fr\/wp-json\/wp\/v2\/users\/2"}],"replies":[{"embeddable":true,"href":"https:\/\/www.europesays.com\/fr\/wp-json\/wp\/v2\/comments?post=164921"}],"version-history":[{"count":0,"href":"https:\/\/www.europesays.com\/fr\/wp-json\/wp\/v2\/posts\/164921\/revisions"}],"wp:featuredmedia":[{"embeddable":true,"href":"https:\/\/www.europesays.com\/fr\/wp-json\/wp\/v2\/media\/164922"}],"wp:attachment":[{"href":"https:\/\/www.europesays.com\/fr\/wp-json\/wp\/v2\/media?parent=164921"}],"wp:term":[{"taxonomy":"category","embeddable":true,"href":"https:\/\/www.europesays.com\/fr\/wp-json\/wp\/v2\/categories?post=164921"},{"taxonomy":"post_tag","embeddable":true,"href":"https:\/\/www.europesays.com\/fr\/wp-json\/wp\/v2\/tags?post=164921"}],"curies":[{"name":"wp","href":"https:\/\/api.w.org\/{rel}","templated":true}]}}