{"id":164925,"date":"2025-06-10T05:26:10","date_gmt":"2025-06-10T05:26:10","guid":{"rendered":"https:\/\/www.europesays.com\/fr\/164925\/"},"modified":"2025-06-10T05:26:10","modified_gmt":"2025-06-10T05:26:10","slug":"pres-de-lyon-deux-blesses-dans-une-collision-entre-une-moto-et-un-velo","status":"publish","type":"post","link":"https:\/\/www.europesays.com\/fr\/164925\/","title":{"rendered":"Pr\u00e8s de Lyon : deux bless\u00e9s dans une collision entre une moto et un v\u00e9lo"},"content":{"rendered":"<p>Un accident entre une moto et un v\u00e9lo a fait deux bless\u00e9s \u00e0 Civrieux-d&rsquo;Azergues, au nord de Lyon, ce lundi 9 juin.<\/p>\n<p>Deux personnes ont \u00e9t\u00e9 bless\u00e9es dans un accident, ce lundi apr\u00e8s-midi \u00e0 <b>Civrieux-d&rsquo;Azergues<\/b>, pr\u00e8s de <b>Villefranche-sur-Sa\u00f4ne<\/b>.\u00a0<\/p>\n<p>Une moto a percut\u00e9 un v\u00e9lo, dans des circonstances encore ind\u00e9termin\u00e9es.\u00a0<\/p>\n<p>Le cycliste \u00e9vacu\u00e9 par h\u00e9licopt\u00e8re<\/p>\n<p>Le cycliste, \u00e2g\u00e9 d&rsquo;une soixantaine d&rsquo;ann\u00e9es <a class=\"url\" href=\"https:\/\/c.leprogres.fr\/faits-divers-justice\/2025\/06\/09\/choc-moto-velo-dans-le-beaujolais-un-blesse-evacue-par-helicoptere\" target=\"_blank\" rel=\"noopener\">selon Le Progr\u00e8s<\/a>, a \u00e9t\u00e9 gravement touch\u00e9 et <b>transport\u00e9 \u00e0 l&rsquo;h\u00f4pital par h\u00e9licopt\u00e8re<\/b>.<\/p>\n<p>Le motard, lui, a \u00e9t\u00e9 plus l\u00e9g\u00e8rement bless\u00e9.<\/p>\n<p><\/p>\n","protected":false},"excerpt":{"rendered":"Un accident entre une moto et un v\u00e9lo a fait deux bless\u00e9s \u00e0 Civrieux-d&rsquo;Azergues, au nord de Lyon,&hellip;\n","protected":false},"author":2,"featured_media":150318,"comment_status":"","ping_status":"","sticky":false,"template":"","format":"standard","meta":{"footnotes":""},"categories":[1889],"tags":[119,1111,11,2430,8079,29831,22098,1777,674,1011,27,29833,2428,1457,12,1311,25,29832,29834],"class_list":{"0":"post-164925","1":"post","2":"type-post","3":"status-publish","4":"format-standard","5":"has-post-thumbnail","7":"category-lyon","8":"tag-accident","9":"tag-actu","10":"tag-actualites","11":"tag-auvergne-rhone-alpes","12":"tag-beaujolais","13":"tag-civrieux-dazergues","14":"tag-cycliste","15":"tag-eu","16":"tag-europe","17":"tag-fr","18":"tag-france","19":"tag-hlicoptre","20":"tag-lyon","21":"tag-moto","22":"tag-news","23":"tag-pompiers","24":"tag-republique-francaise","25":"tag-vlo","26":"tag-villefranche-sur-sane"},"share_on_mastodon":{"url":"https:\/\/pubeurope.com\/@fr\/114657413261388391","error":""},"_links":{"self":[{"href":"https:\/\/www.europesays.com\/fr\/wp-json\/wp\/v2\/posts\/164925","targetHints":{"allow":["GET"]}}],"collection":[{"href":"https:\/\/www.europesays.com\/fr\/wp-json\/wp\/v2\/posts"}],"about":[{"href":"https:\/\/www.europesays.com\/fr\/wp-json\/wp\/v2\/types\/post"}],"author":[{"embeddable":true,"href":"https:\/\/www.europesays.com\/fr\/wp-json\/wp\/v2\/users\/2"}],"replies":[{"embeddable":true,"href":"https:\/\/www.europesays.com\/fr\/wp-json\/wp\/v2\/comments?post=164925"}],"version-history":[{"count":0,"href":"https:\/\/www.europesays.com\/fr\/wp-json\/wp\/v2\/posts\/164925\/revisions"}],"wp:featuredmedia":[{"embeddable":true,"href":"https:\/\/www.europesays.com\/fr\/wp-json\/wp\/v2\/media\/150318"}],"wp:attachment":[{"href":"https:\/\/www.europesays.com\/fr\/wp-json\/wp\/v2\/media?parent=164925"}],"wp:term":[{"taxonomy":"category","embeddable":true,"href":"https:\/\/www.europesays.com\/fr\/wp-json\/wp\/v2\/categories?post=164925"},{"taxonomy":"post_tag","embeddable":true,"href":"https:\/\/www.europesays.com\/fr\/wp-json\/wp\/v2\/tags?post=164925"}],"curies":[{"name":"wp","href":"https:\/\/api.w.org\/{rel}","templated":true}]}}