{"id":164927,"date":"2025-06-10T05:28:08","date_gmt":"2025-06-10T05:28:08","guid":{"rendered":"https:\/\/www.europesays.com\/fr\/164927\/"},"modified":"2025-06-10T05:28:08","modified_gmt":"2025-06-10T05:28:08","slug":"le-departement-qui-produit-le-moins-de-dechets-menagers-dans-lhexagone-se-trouve-en-ile-de-france","status":"publish","type":"post","link":"https:\/\/www.europesays.com\/fr\/164927\/","title":{"rendered":"Le d\u00e9partement qui produit le moins de d\u00e9chets m\u00e9nagers dans l&rsquo;Hexagone se trouve en \u00cele-de-France"},"content":{"rendered":"<p>            Par<br \/>\n        <strong><br \/>\n            <a href=\"https:\/\/actu.fr\/auteur\/hugo-hancewicz\" title=\"Consulter tous les articles de Hugo Hancewicz\" target=\"_blank\" rel=\"noopener\">Hugo Hancewicz<\/a><br \/>\n        <\/strong><\/p>\n<p>        Publi\u00e9 le<\/p>\n<p>            10 juin 2025 \u00e0 7h12        <\/p>\n<p>Les <a href=\"https:\/\/actu.fr\/ile-de-france\/hauts-de-seine_92\" target=\"_blank\" rel=\"noopener\">Hauts-de-Seine<\/a> se distinguent une nouvelle fois au niveau national. Apr\u00e8s avoir figur\u00e9 en t\u00eate des d\u00e9partements <a href=\"https:\/\/actu.fr\/ile-de-france\/courbevoie_92026\/plusieurs-villes-des-hauts-de-seine-dans-le-palmares-des-communes-les-plus-sures-de-france-voici-lesquelles_61596980.html\" target=\"_blank\" rel=\"noopener\">les plus s\u00fbrs de France<\/a>, le territoire altos\u00e9quanais s\u2019illustre d\u00e9sormais par une autre performance, <strong>cette fois en mati\u00e8re de gestion des d\u00e9chets<\/strong>. Une r\u00e9cente <a href=\"https:\/\/www.insee.fr\/fr\/statistiques\/8574484\" target=\"_blank\" rel=\"noopener\">\u00e9tude de l\u2019Insee<\/a>, en date du mercredi 4\u00a0juin 2025, r\u00e9v\u00e8le que ses habitants sont ceux qui produisent <strong>le moins de d\u00e9chets m\u00e9nagers<\/strong> dans l\u2019Hexagone.<\/p>\n<p>Un chiffre tr\u00e8s en de\u00e7\u00e0 de la moyenne nationale<\/p>\n<p class=\" wall-content\">En 2021, pas moins de <strong>41\u00a0millions de tonnes de d\u00e9chets<\/strong> m\u00e9nagers et assimil\u00e9s ont \u00e9t\u00e9 collect\u00e9es sur l\u2019ensemble du territoire fran\u00e7ais. Un chiffre colossal, qui cache toutefois de fortes disparit\u00e9s selon les territoires. En moyenne, chaque Fran\u00e7ais a g\u00e9n\u00e9r\u00e9 <strong>615\u00a0kg de d\u00e9chets sur l\u2019ann\u00e9e<\/strong>. Mais dans les Hauts-de-Seine, cette moyenne chute \u00e0 390\u00a0kg par habitant, soit 225\u00a0kg de moins que la moyenne nationale.<\/p>\n<p class=\" wall-content\">Un \u00e9cart significatif, qui s\u2019explique notamment par la <strong>forte urbanisation du d\u00e9partement<\/strong>, les logements souvent plus petits, mais aussi sans doute par une sensibilisation accrue au tri et \u00e0 la r\u00e9duction des d\u00e9chets. Cette performance place les Hauts-de-Seine<strong> tout en bas du classement national<\/strong> en termes de production individuelle de d\u00e9chets.<\/p>\n<p>    <a href=\"https:\/\/email.publihebdos.com\/form?lid=Mqc7o19yVDtMEo2FE8aUtw2\" title=\"Ouvrie le lien\" target=\"_blank\" rel=\"noopener\">Cliquez ici pour visualiser le contenu<\/a><\/p>\n<p>Un \u00e9cart consid\u00e9rable entre les d\u00e9partements<\/p>\n<p class=\" wall-content\">\u00c0 l\u2019autre bout de l\u2019\u00e9chelle, ce sont les <a href=\"https:\/\/actu.fr\/nouvelle-aquitaine\/landes_40\" target=\"_blank\" rel=\"noopener\">Landes<\/a> qui d\u00e9tiennent le triste record de la plus grande production de d\u00e9chets m\u00e9nagers, <strong>avec 890\u00a0kg par habitant<\/strong>. Un chiffre plus de deux fois sup\u00e9rieur \u00e0 celui enregistr\u00e9 dans les Hauts-de-Seine. En \u00cele-de-France, le <a href=\"https:\/\/actu.fr\/la-gazette-du-val-d-oise\/\" target=\"_blank\" rel=\"noopener\">Val d\u2019Oise<\/a> et l\u2019<a href=\"https:\/\/actu.fr\/essonne\/\" target=\"_blank\" rel=\"noopener\">Essonne<\/a> sont les moins bons \u00e9l\u00e8ves avec <strong>510\u00a0kg par habitant<\/strong>, soit, malgr\u00e9 tout, 105\u00a0kg de moins que la moyenne nationale.<\/p>\n<p>Vid\u00e9os : en ce moment sur Actu<\/p>\n<p class=\" wall-content\">L\u2019\u00e9tude de l\u2019Insee d\u00e9taille par ailleurs la composition des d\u00e9chets collect\u00e9s en France\u2009:<\/p>\n<p class=\" wall-content\"><strong>Ordures m\u00e9nag\u00e8res r\u00e9siduelles<\/strong>\u2009: 40\u2009%<br \/><strong>Mat\u00e9riaux recyclables<\/strong>\u2009: 20\u2009%<br \/><strong>D\u00e9chets verts et biod\u00e9chets<\/strong>\u2009: 14\u2009%<br \/><strong>Encombrants<\/strong>\u2009: 13\u2009%<br \/><strong>D\u00e9blais et gravats<\/strong>\u2009: 11\u2009%<br \/><strong>D\u00e9chets dangereux<\/strong>\u2009: 2\u2009%<\/p>\n<p class=\" wall-content\">Suivez toute l\u2019actualit\u00e9 de vos villes et m\u00e9dias favoris en vous inscrivant \u00e0 <a href=\"https:\/\/moncompte.actu.fr\" title=\"D\u00e9couvez Mon Actu\" rel=\"nofollow noopener\" data-trk=\"{&quot;cta&quot;:{&quot;action&quot;:&quot;https:\\\/\\\/moncompte.actu.fr&quot;,&quot;category&quot;:&quot;mon compte&quot;,&quot;from&quot;:&quot;article footer&quot;,&quot;name&quot;:&quot;Mon actu&quot;,&quot;type&quot;:&quot;cta&quot;}}\" target=\"_blank\">Mon Actu<\/a>.<\/p>\n","protected":false},"excerpt":{"rendered":"Par Hugo Hancewicz Publi\u00e9 le 10 juin 2025 \u00e0 7h12 Les Hauts-de-Seine se distinguent une nouvelle fois au&hellip;\n","protected":false},"author":2,"featured_media":164928,"comment_status":"","ping_status":"","sticky":false,"template":"","format":"standard","meta":{"footnotes":""},"categories":[1592],"tags":[1111,11,3008,1777,674,1011,27,662,12,626,25,104],"class_list":{"0":"post-164927","1":"post","2":"type-post","3":"status-publish","4":"format-standard","5":"has-post-thumbnail","7":"category-ile-de-france","8":"tag-actu","9":"tag-actualites","10":"tag-dechets","11":"tag-eu","12":"tag-europe","13":"tag-fr","14":"tag-france","15":"tag-ile-de-france","16":"tag-news","17":"tag-paris","18":"tag-republique-francaise","19":"tag-societe"},"share_on_mastodon":{"url":"https:\/\/pubeurope.com\/@fr\/114657421066078139","error":""},"_links":{"self":[{"href":"https:\/\/www.europesays.com\/fr\/wp-json\/wp\/v2\/posts\/164927","targetHints":{"allow":["GET"]}}],"collection":[{"href":"https:\/\/www.europesays.com\/fr\/wp-json\/wp\/v2\/posts"}],"about":[{"href":"https:\/\/www.europesays.com\/fr\/wp-json\/wp\/v2\/types\/post"}],"author":[{"embeddable":true,"href":"https:\/\/www.europesays.com\/fr\/wp-json\/wp\/v2\/users\/2"}],"replies":[{"embeddable":true,"href":"https:\/\/www.europesays.com\/fr\/wp-json\/wp\/v2\/comments?post=164927"}],"version-history":[{"count":0,"href":"https:\/\/www.europesays.com\/fr\/wp-json\/wp\/v2\/posts\/164927\/revisions"}],"wp:featuredmedia":[{"embeddable":true,"href":"https:\/\/www.europesays.com\/fr\/wp-json\/wp\/v2\/media\/164928"}],"wp:attachment":[{"href":"https:\/\/www.europesays.com\/fr\/wp-json\/wp\/v2\/media?parent=164927"}],"wp:term":[{"taxonomy":"category","embeddable":true,"href":"https:\/\/www.europesays.com\/fr\/wp-json\/wp\/v2\/categories?post=164927"},{"taxonomy":"post_tag","embeddable":true,"href":"https:\/\/www.europesays.com\/fr\/wp-json\/wp\/v2\/tags?post=164927"}],"curies":[{"name":"wp","href":"https:\/\/api.w.org\/{rel}","templated":true}]}}