{"id":164947,"date":"2025-06-10T05:38:14","date_gmt":"2025-06-10T05:38:14","guid":{"rendered":"https:\/\/www.europesays.com\/fr\/164947\/"},"modified":"2025-06-10T05:38:14","modified_gmt":"2025-06-10T05:38:14","slug":"france-allemagne-ligue-des-nations-cest-un-match-de-foot-ou-de-boucher-catastrophique-on-est-bien-nuls-les-bleus-de-mbappe-critiques-par-les-internautes-malgre-leur-victoire-face-a-l","status":"publish","type":"post","link":"https:\/\/www.europesays.com\/fr\/164947\/","title":{"rendered":"France-Allemagne (Ligue des Nations) &#8211; \u00ab\u00a0C&rsquo;est un match de foot ou de boucher ?\u00a0\u00bb, \u00ab\u00a0Catastrophique\u00a0\u00bb, \u00ab\u00a0On est bien nuls\u00a0\u00bb : les Bleus de Mbapp\u00e9 critiqu\u00e9s par les internautes malgr\u00e9 leur victoire face \u00e0 l&rsquo;Allemagne"},"content":{"rendered":"<p>Ce dimanche s&rsquo;annonce riche en \u00e9motions sportives avec plusieurs affiches de prestige : la finale de <a data-i13n=\"cpos:1;pos:1\" href=\"https:\/\/fr.news.yahoo.com\/sport\/roland-garros-remplissage-programmation-am%C3%A9lie-121222494.html\" data-ylk=\"slk:Roland-Garros;cpos:1;pos:1;elm:context_link;itc:0;sec:content-canvas;outcm:mb_qualified_link;_E:mb_qualified_link;ct:story;\" class=\"link  yahoo-link\" rel=\"nofollow noopener\" target=\"_blank\">Roland-Garros<\/a> oppose <a data-i13n=\"cpos:2;pos:1\" href=\"https:\/\/fr.news.yahoo.com\/roland-garros-2025-jannik-sinner-060236890.html\" data-ylk=\"slk:Jannik Sinner;cpos:2;pos:1;elm:context_link;itc:0;sec:content-canvas;outcm:mb_qualified_link;_E:mb_qualified_link;ct:story;\" class=\"link  yahoo-link\" rel=\"nofollow noopener\" target=\"_blank\">Jannik Sinner<\/a> \u00e0 <a data-i13n=\"cpos:3;pos:1\" href=\"https:\/\/fr.news.yahoo.com\/roland-garros-2025-qualifi%C3%A9-finale-175813068.html\" data-ylk=\"slk:Carlos Alcaraz;cpos:3;pos:1;elm:context_link;itc:0;sec:content-canvas;outcm:mb_qualified_link;_E:mb_qualified_link;ct:story;\" class=\"link  yahoo-link\" rel=\"nofollow noopener\" target=\"_blank\">Carlos Alcaraz<\/a>, tandis que le football offre la finale de la Ligue des Nations entre l&rsquo;Espagne et le Portugal, ainsi que la petite finale entre la France et l&rsquo;Allemagne et comment\u00e9e par Gr\u00e9goire Margotton et <a data-i13n=\"cpos:4;pos:1\" href=\"https:\/\/fr.news.yahoo.com\/bixente-lizarazu-retrouve-new-yorkais-215600521.html\" data-ylk=\"slk:Bixente Lizarazu;cpos:4;pos:1;elm:context_link;itc:0;sec:content-canvas;outcm:mb_qualified_link;_E:mb_qualified_link;ct:story;\" class=\"link  yahoo-link\" rel=\"nofollow noopener\" target=\"_blank\">Bixente Lizarazu<\/a>. Pourtant, c&rsquo;est bien l&rsquo;\u00e9quipe de France qui fait le plus parler d&rsquo;elle, et pas forc\u00e9ment pour les bonnes raisons.<\/p>\n<p>Une \u00e9quipe remani\u00e9e pour l&rsquo;occasion<\/p>\n<p>Didier Deschamps a d\u00fb composer avec les forfaits de derni\u00e8re minute de ses champions europ\u00e9ens du Paris Saint-Germain, <a data-i13n=\"cpos:5;pos:1\" href=\"https:\/\/fr.news.yahoo.com\/ousmane-dembele-cest-magnifique-cest-trop-beau-il-a-raison-de-flex--lattaquant-star-du-psg-fait-vibrer-roland-garros-et-les-internautes-avec-le-trophee-de-la-ligue-des-champions-162150870.html\" data-ylk=\"slk:Ousmane Demb\u00e9l\u00e9;cpos:5;pos:1;elm:context_link;itc:0;sec:content-canvas;outcm:mb_qualified_link;_E:mb_qualified_link;ct:story;\" class=\"link  yahoo-link\" rel=\"nofollow noopener\" target=\"_blank\">Ousmane Demb\u00e9l\u00e9<\/a> et Bradley Barcola. Cette situation permet notamment \u00e0 Rayan Cherki de conna\u00eetre sa premi\u00e8re titularisation en Bleu. Le m\u00e9tronome de l&rsquo;Olympique Lyonnais, qui avait marqu\u00e9 les esprits lors de son entr\u00e9e face \u00e0 l&rsquo;Espagne et orchestr\u00e9 la \u00ab\u00a0semi-remontada\u00a0\u00bb des Bleus, obtient enfin sa chance dans le onze de d\u00e9part.<\/p>\n<p>Mbapp\u00e9 sauve les meubles dans un match terne<\/p>\n<p>Malgr\u00e9 la victoire finale et les r\u00e9alisations de <a data-i13n=\"cpos:6;pos:1\" href=\"https:\/\/fr.style.yahoo.com\/kylian-mbapp%C3%A9-au-real-madrid-142026298.html\" data-ylk=\"slk:Kylian Mbapp\u00e9;cpos:6;pos:1;elm:context_link;itc:0;sec:content-canvas;outcm:mb_qualified_link;_E:mb_qualified_link;ct:story;\" class=\"link  yahoo-link\" rel=\"nofollow noopener\" target=\"_blank\">Kylian Mbapp\u00e9<\/a>, \u00e9lu homme du match, puis de Michael Olise sur une passe d\u00e9cisive du capitaine fran\u00e7ais, l&rsquo;\u00e9quipe de France de Didier Deschamps d\u00e9\u00e7oit par son contenu. Les Bleus apparaissent peu inspir\u00e9s, en panne de cr\u00e9ativit\u00e9 et loin de l&rsquo;\u00e9clat attendu \u00e0 ce niveau de comp\u00e9tition. La formation tricolore peine \u00e0 d\u00e9velopper un jeu flamboyant face \u00e0 une \u00e9quipe allemande elle aussi d\u00e9mobilis\u00e9e.<\/p>\n<p>\u00ab\u00a0Il y a pas mal de choses \u00e0 analyser\u00a0\u00bb<\/p>\n<p>Au micro de TF1, Didier Deschamps ne cache pas sa lucidit\u00e9 sur la prestation de son \u00e9quipe face \u00e0 l&rsquo;Allemagne. Le s\u00e9lectionneur fran\u00e7ais reconna\u00eet les failles de ses joueurs : \u00ab\u00a0On avait trop laiss\u00e9 d&rsquo;initiatives \u00e0 l&rsquo;adversaire. C&rsquo;\u00e9tait du mouvement perp\u00e9tuel mais \u00e7a n&rsquo;amenait rien.\u00a0\u00bb Malgr\u00e9 tout, l&rsquo;ancien capitaine des Bleus salue l&rsquo;engagement de ses hommes dans un contexte d\u00e9licat : \u00ab\u00a0Bravo parce que ce n&rsquo;est pas \u00e9vident. Si \u00e7a s&rsquo;\u00e9tait mal pass\u00e9, j&rsquo;aurais eu aucune excuse.\u00a0\u00bb<\/p>\n<p>Pour le technicien fran\u00e7ais, cette troisi\u00e8me place reste un r\u00e9sultat acceptable : \u00ab\u00a0Troisi\u00e8me c&rsquo;est mieux que quatri\u00e8me. On termine la saison sur une victoire face \u00e0 l&rsquo;Allemagne.\u00a0\u00bb Deschamps a d\u00e9j\u00e0 la t\u00eate tourn\u00e9e vers les prochaines \u00e9ch\u00e9ances avec les qualifications pour la Coupe du monde 2026 : \u00ab\u00a0On aura de gros matches en septembre en qualifications avec l&rsquo;Ukraine et l&rsquo;Islande.\u00a0\u00bb<\/p>\n<p>Kylian Mbapp\u00e9, auteur du but d\u00e9cisif et \u00e9lu homme du match, partage cette approche. Le capitaine fran\u00e7ais souligne l&rsquo;importance de ces deux rencontres : \u00ab\u00a0Avec ces deux matches, il y a \u00e9norm\u00e9ment d&rsquo;enseignements qu&rsquo;ils soient positifs ou n\u00e9gatifs. Il y a pas mal de choses \u00e0 analyser.\u00a0\u00bb L&rsquo;attaquant du Real Madrid assume \u00e9galement sa r\u00e9cente p\u00e9riode de disette en s\u00e9lection : \u00ab\u00a0Je pense qu&rsquo;il y a des passages comme \u00e7a. C&rsquo;est bien que l&rsquo;on souligne que je ne marque pas car \u00e7a veut dire que les gens attendent que je marque. Je suis content de recommencer \u00e0 marquer.\u00a0\u00bb<\/p>\n<p>Les supporters fran\u00e7ais n&rsquo;y vont pas par quatre chemins<\/p>\n<p>Sur X, les supporters fran\u00e7ais ne cachent pas leur d\u00e9ception malgr\u00e9 la victoire. \u00ab\u00a0L&rsquo;\u00e9quipe de France 2025 et 2010 qui se battent pour savoir laquelle est la plus nulle\u00a0\u00bb, ironise un internaute. Un autre twittos confie \u00eatre \u00ab\u00a0plus diverti en regardant X \u00e0 propos du match que du match en lui-m\u00eame\u00a0\u00bb.<\/p>\n<p>Les critiques se font plus acerbes avec des commentaires comme \u00ab\u00a0C&rsquo;est g\u00e9nial car on m\u00e8ne&#8230; Mais si on s&rsquo;attarde sur le jeu, c&rsquo;est quasi que de la contre-attaque car devant on a des fl\u00e8ches. Fond de jeu inexistant, \u00e7a porte trop le ballon et du d\u00e9chet technique en pagaille.\u00a0\u00bb Des r\u00e9actions qui traduisent une frustration profonde des supporters, qui esp\u00e9raient un spectacle \u00e0 la hauteur de l&rsquo;enjeu malgr\u00e9 le caract\u00e8re anecdotique de ce match pour la troisi\u00e8me place.<\/p>\n<blockquote placeholder=\"\" data-theme=\"light\" class=\"twitter-tweet\">\n<p>C&rsquo;EST UN MATCH DE FOOT OU DE BOUCHER \ud83e\udd23\ud83d\ude2d\u203c\ufe0f<a href=\"https:\/\/twitter.com\/hashtag\/ALLFRA?src=hash&amp;ref_src=twsrc%5Etfw\" rel=\"nofollow noopener\" target=\"_blank\" data-ylk=\"slk:#ALLFRA;elm:context_link;itc:0;sec:content-canvas\" class=\"link \">#ALLFRA<\/a><\/p>\n<p>\u2014 \ud83d\udee1COCO JR\ud83d\udee1 (@_cocojr_) <a href=\"https:\/\/twitter.com\/_cocojr_\/status\/1931717664549831108?ref_src=twsrc%5Etfw\" rel=\"nofollow noopener\" target=\"_blank\" data-ylk=\"slk:June 8, 2025;elm:context_link;itc:0;sec:content-canvas\" class=\"link \">June 8, 2025<\/a><\/p>\n<\/blockquote>\n<blockquote placeholder=\"\" data-theme=\"light\" class=\"twitter-tweet\">\n<p>Comment on s&#8217;emmerde dans ce match mdrrr <a href=\"https:\/\/twitter.com\/hashtag\/ALLFRA?src=hash&amp;ref_src=twsrc%5Etfw\" rel=\"nofollow noopener\" target=\"_blank\" data-ylk=\"slk:#ALLFRA;elm:context_link;itc:0;sec:content-canvas\" class=\"link \">#ALLFRA<\/a><\/p>\n<p>\u2014 Nahid \ud83c\udde7\ud83c\udde9 (@Teach_D_Marshal) <a href=\"https:\/\/twitter.com\/Teach_D_Marshal\/status\/1931717438640468472?ref_src=twsrc%5Etfw\" rel=\"nofollow noopener\" target=\"_blank\" data-ylk=\"slk:June 8, 2025;elm:context_link;itc:0;sec:content-canvas\" class=\"link \">June 8, 2025<\/a><\/p>\n<\/blockquote>\n<blockquote placeholder=\"\" data-theme=\"light\" class=\"twitter-tweet\">\n<p>Qu&rsquo;est ce qu&rsquo;on se fait chier sans d\u00e9conner <a href=\"https:\/\/twitter.com\/hashtag\/ALLFRA?src=hash&amp;ref_src=twsrc%5Etfw\" rel=\"nofollow noopener\" target=\"_blank\" data-ylk=\"slk:#ALLFRA;elm:context_link;itc:0;sec:content-canvas\" class=\"link \">#ALLFRA<\/a><\/p>\n<p>\u2014 Guessandinho \ud83d\udd34\u26ab\ufe0f\ud83c\udde7\ud83c\uddf7 (@Nissalabell4) <a href=\"https:\/\/twitter.com\/Nissalabell4\/status\/1931719489768374722?ref_src=twsrc%5Etfw\" rel=\"nofollow noopener\" target=\"_blank\" data-ylk=\"slk:June 8, 2025;elm:context_link;itc:0;sec:content-canvas\" class=\"link \">June 8, 2025<\/a><\/p>\n<\/blockquote>\n<blockquote placeholder=\"\" data-theme=\"light\" class=\"twitter-tweet\">\n<p>Je me sui jamais autant fait chier devant un match <a href=\"https:\/\/twitter.com\/hashtag\/ALLFRA?src=hash&amp;ref_src=twsrc%5Etfw\" rel=\"nofollow noopener\" target=\"_blank\" data-ylk=\"slk:#ALLFRA;elm:context_link;itc:0;sec:content-canvas\" class=\"link \">#ALLFRA<\/a><\/p>\n<p>\u2014 M4RIU5 (@mariuseg69) <a href=\"https:\/\/twitter.com\/mariuseg69\/status\/1931719899346239942?ref_src=twsrc%5Etfw\" rel=\"nofollow noopener\" target=\"_blank\" data-ylk=\"slk:June 8, 2025;elm:context_link;itc:0;sec:content-canvas\" class=\"link \">June 8, 2025<\/a><\/p>\n<\/blockquote>\n<blockquote placeholder=\"\" data-theme=\"light\" class=\"twitter-tweet\">\n<p>Alors ouais, c\u2019est g\u00e9nial car on m\u00e8ne\u2026<\/p>\n<p>Mais si on s\u2019attarde sur le jeu, c\u2019est quasi que de la contre-attaque car devant on a des fl\u00e8ches. On a subi les 3\/4 du temps. Fond de jeu inexistant, \u00e7a porte trop le ballon &amp; du d\u00e9chet technique en pagaille.<a href=\"https:\/\/twitter.com\/hashtag\/ALLFRA?src=hash&amp;ref_src=twsrc%5Etfw\" rel=\"nofollow noopener\" target=\"_blank\" data-ylk=\"slk:#ALLFRA;elm:context_link;itc:0;sec:content-canvas\" class=\"link \">#ALLFRA<\/a> | <a href=\"https:\/\/twitter.com\/hashtag\/GERFRA?src=hash&amp;ref_src=twsrc%5Etfw\" rel=\"nofollow noopener\" target=\"_blank\" data-ylk=\"slk:#GERFRA;elm:context_link;itc:0;sec:content-canvas\" class=\"link \">#GERFRA<\/a> | <a href=\"https:\/\/twitter.com\/hashtag\/FRAALL?src=hash&amp;ref_src=twsrc%5Etfw\" rel=\"nofollow noopener\" target=\"_blank\" data-ylk=\"slk:#FRAALL;elm:context_link;itc:0;sec:content-canvas\" class=\"link \">#FRAALL<\/a><\/p>\n<p>\u2014 AvengerBroly \uea00\ud835\udd4f (@AvengerBroly) <a href=\"https:\/\/twitter.com\/AvengerBroly\/status\/1931711768541229143?ref_src=twsrc%5Etfw\" rel=\"nofollow noopener\" target=\"_blank\" data-ylk=\"slk:June 8, 2025;elm:context_link;itc:0;sec:content-canvas\" class=\"link \">June 8, 2025<\/a><\/p>\n<\/blockquote>\n<p><script async src=\"https:\/\/platform.twitter.com\/widgets.js\" charset=\"utf-8\"><\/script><\/p>\n","protected":false},"excerpt":{"rendered":"Ce dimanche s&rsquo;annonce riche en \u00e9motions sportives avec plusieurs affiches de prestige : la finale de Roland-Garros oppose&hellip;\n","protected":false},"author":2,"featured_media":164948,"comment_status":"","ping_status":"","sticky":false,"template":"","format":"standard","meta":{"footnotes":""},"categories":[1587],"tags":[11,672,9707,1804,1805,1803,20532,1777,674,27,1801,29835,6477,20533,23733,955,4785,12,2782,3280,4790,1802],"class_list":{"0":"post-164947","1":"post","2":"type-post","3":"status-publish","4":"format-standard","5":"has-post-thumbnail","7":"category-allemagne","8":"tag-actualites","9":"tag-allemagne","10":"tag-bradley-barcola","11":"tag-bundesrepublik-deutschland","12":"tag-de","13":"tag-deutschland","14":"tag-didier-deschamps","15":"tag-eu","16":"tag-europe","17":"tag-france","18":"tag-germany","19":"tag-homme-du-match","20":"tag-kylian-mbappe","21":"tag-les-bleus","22":"tag-ligue-des-nations","23":"tag-match","24":"tag-michael-olise","25":"tag-news","26":"tag-ousmane-dembele","27":"tag-rayan-cherki","28":"tag-real-madrid","29":"tag-republique-federale-dallemagne"},"share_on_mastodon":{"url":"","error":"Validation failed: Text character limit of 500 exceeded"},"_links":{"self":[{"href":"https:\/\/www.europesays.com\/fr\/wp-json\/wp\/v2\/posts\/164947","targetHints":{"allow":["GET"]}}],"collection":[{"href":"https:\/\/www.europesays.com\/fr\/wp-json\/wp\/v2\/posts"}],"about":[{"href":"https:\/\/www.europesays.com\/fr\/wp-json\/wp\/v2\/types\/post"}],"author":[{"embeddable":true,"href":"https:\/\/www.europesays.com\/fr\/wp-json\/wp\/v2\/users\/2"}],"replies":[{"embeddable":true,"href":"https:\/\/www.europesays.com\/fr\/wp-json\/wp\/v2\/comments?post=164947"}],"version-history":[{"count":0,"href":"https:\/\/www.europesays.com\/fr\/wp-json\/wp\/v2\/posts\/164947\/revisions"}],"wp:featuredmedia":[{"embeddable":true,"href":"https:\/\/www.europesays.com\/fr\/wp-json\/wp\/v2\/media\/164948"}],"wp:attachment":[{"href":"https:\/\/www.europesays.com\/fr\/wp-json\/wp\/v2\/media?parent=164947"}],"wp:term":[{"taxonomy":"category","embeddable":true,"href":"https:\/\/www.europesays.com\/fr\/wp-json\/wp\/v2\/categories?post=164947"},{"taxonomy":"post_tag","embeddable":true,"href":"https:\/\/www.europesays.com\/fr\/wp-json\/wp\/v2\/tags?post=164947"}],"curies":[{"name":"wp","href":"https:\/\/api.w.org\/{rel}","templated":true}]}}