{"id":164949,"date":"2025-06-10T05:39:14","date_gmt":"2025-06-10T05:39:14","guid":{"rendered":"https:\/\/www.europesays.com\/fr\/164949\/"},"modified":"2025-06-10T05:39:14","modified_gmt":"2025-06-10T05:39:14","slug":"la-suisse-face-au-risque-de-guerre-en-europe","status":"publish","type":"post","link":"https:\/\/www.europesays.com\/fr\/164949\/","title":{"rendered":"La Suisse face au risque de guerre en Europe"},"content":{"rendered":"<p>              <a tabindex=\"-1\" title=\"Fran\u00e7ois Nordmann\" href=\"https:\/\/www.letemps.ch\/profil\/francois-nordmann\" target=\"_blank\" rel=\"noopener\"><\/p>\n<p>                    <img decoding=\"async\" src=\"https:\/\/www.europesays.com\/fr\/wp-content\/uploads\/2025\/06\/1749533954_751_small.jpeg\" class=\"lazy\" alt=\"\"\/><\/p>\n<p><\/a>        <\/p>\n<p>    Publi\u00e9 le 10 juin 2025 \u00e0 05:26. \/ Modifi\u00e9 le 10 juin 2025 \u00e0 07:18.<\/p>\n<p> 3 min. de lecture<\/p>\n<p>Les uns apr\u00e8s les autres, les gouvernements europ\u00e9ens lancent des alertes sur le risque de guerre. Le conseiller f\u00e9d\u00e9ral Martin Pfister, chef du D\u00e9partement de la d\u00e9fense, de la protection de la population et des sports (DDPS), a bouscul\u00e9 les habitudes pour faire passer ce message cinquante jours d\u00e9j\u00e0 apr\u00e8s son entr\u00e9e en fonction. Ce faisant, il dramatisait les avertissements contenus dans les divers rapports parus ces derni\u00e8res ann\u00e9es, qui font \u00e9tat d\u2019une d\u00e9gradation de la situation g\u00e9ostrat\u00e9gique de la Suisse en Europe. Il ajoutait un sentiment d\u2019urgence \u00e0 la ligne suivie par sa pr\u00e9d\u00e9cesseure.<\/p>\n<p>Le Royaume-Uni est le dernier en date \u00e0 avoir tir\u00e9 la sonnette d\u2019alarme en publiant son analyse de la d\u00e9fense strat\u00e9gique du pays et des besoins de ses arm\u00e9es dans la p\u00e9riode actuelle.\u00a0Les trois auteurs principaux de ce document \u2013 l\u2019ancien secr\u00e9taire g\u00e9n\u00e9ral de l\u2019OTAN et ministre de la D\u00e9fense, Lord Robertson, l\u2019ancien chef adjoint de l\u2019\u00e9tat-major, le g\u00e9n\u00e9ral Sir Richard Barrons, et Fiona Hill, diplomate et experte de la Russie \u2013 constatent que \u00abdes hypoth\u00e8ses admises depuis longtemps au sujet de l\u2019\u00e9quilibre et de la structure des puissances dans le monde ne sont plus aussi certaines\u00bb.<\/p>\n","protected":false},"excerpt":{"rendered":"Publi\u00e9 le 10 juin 2025 \u00e0 05:26. \/ Modifi\u00e9 le 10 juin 2025 \u00e0 07:18. 3 min. de&hellip;\n","protected":false},"author":2,"featured_media":164950,"comment_status":"","ping_status":"","sticky":false,"template":"","format":"standard","meta":{"footnotes":""},"categories":[1586],"tags":[11,1777,674,1011,27,12,301,25],"class_list":{"0":"post-164949","1":"post","2":"type-post","3":"status-publish","4":"format-standard","5":"has-post-thumbnail","7":"category-europe","8":"tag-actualites","9":"tag-eu","10":"tag-europe","11":"tag-fr","12":"tag-france","13":"tag-news","14":"tag-premium","15":"tag-republique-francaise"},"share_on_mastodon":{"url":"https:\/\/pubeurope.com\/@fr\/114657464500926627","error":""},"_links":{"self":[{"href":"https:\/\/www.europesays.com\/fr\/wp-json\/wp\/v2\/posts\/164949","targetHints":{"allow":["GET"]}}],"collection":[{"href":"https:\/\/www.europesays.com\/fr\/wp-json\/wp\/v2\/posts"}],"about":[{"href":"https:\/\/www.europesays.com\/fr\/wp-json\/wp\/v2\/types\/post"}],"author":[{"embeddable":true,"href":"https:\/\/www.europesays.com\/fr\/wp-json\/wp\/v2\/users\/2"}],"replies":[{"embeddable":true,"href":"https:\/\/www.europesays.com\/fr\/wp-json\/wp\/v2\/comments?post=164949"}],"version-history":[{"count":0,"href":"https:\/\/www.europesays.com\/fr\/wp-json\/wp\/v2\/posts\/164949\/revisions"}],"wp:featuredmedia":[{"embeddable":true,"href":"https:\/\/www.europesays.com\/fr\/wp-json\/wp\/v2\/media\/164950"}],"wp:attachment":[{"href":"https:\/\/www.europesays.com\/fr\/wp-json\/wp\/v2\/media?parent=164949"}],"wp:term":[{"taxonomy":"category","embeddable":true,"href":"https:\/\/www.europesays.com\/fr\/wp-json\/wp\/v2\/categories?post=164949"},{"taxonomy":"post_tag","embeddable":true,"href":"https:\/\/www.europesays.com\/fr\/wp-json\/wp\/v2\/tags?post=164949"}],"curies":[{"name":"wp","href":"https:\/\/api.w.org\/{rel}","templated":true}]}}