{"id":164951,"date":"2025-06-10T05:40:09","date_gmt":"2025-06-10T05:40:09","guid":{"rendered":"https:\/\/www.europesays.com\/fr\/164951\/"},"modified":"2025-06-10T05:40:09","modified_gmt":"2025-06-10T05:40:09","slug":"suisse-ue-cest-quoi-la-liberalisation-du-marche-de-lelectricite-3-5-rts-ch","status":"publish","type":"post","link":"https:\/\/www.europesays.com\/fr\/164951\/","title":{"rendered":"Suisse-UE : c&rsquo;est quoi la lib\u00e9ralisation du march\u00e9 de l&rsquo;\u00e9lectricit\u00e9 ? (3\/5) &#8211; rts.ch"},"content":{"rendered":"<p> Quels seraient les b\u00e9n\u00e9fices pour la Suisse d&rsquo;ouvrir son march\u00e9 de l&rsquo;\u00e9lectricit\u00e9 \u00e0 l&rsquo;Union Europ\u00e9enne ? Les particuliers et les petites entreprises pourraient ainsi choisir de se fournir en courant aupr\u00e8s de n&rsquo;importe quelle entreprise du continent europ\u00e9en. Mais dans quel int\u00e9r\u00eat ?<\/p>\n<p>Journaliste Romain Carrupt<br \/>R\u00e9alisateur : Jean Berset<br \/>Pour nous \u00e9crire : podcasts@rts.ch<\/p>\n","protected":false},"excerpt":{"rendered":"Quels seraient les b\u00e9n\u00e9fices pour la Suisse d&rsquo;ouvrir son march\u00e9 de l&rsquo;\u00e9lectricit\u00e9 \u00e0 l&rsquo;Union Europ\u00e9enne ? Les particuliers&hellip;\n","protected":false},"author":2,"featured_media":164952,"comment_status":"","ping_status":"","sticky":false,"template":"","format":"standard","meta":{"footnotes":""},"categories":[1586],"tags":[11,1777,674,1779,1011,27,12262,12,25,1778,364,29836],"class_list":{"0":"post-164951","1":"post","2":"type-post","3":"status-publish","4":"format-standard","5":"has-post-thumbnail","7":"category-europe","8":"tag-actualites","9":"tag-eu","10":"tag-europe","11":"tag-european-union","12":"tag-fr","13":"tag-france","14":"tag-media-radio","15":"tag-news","16":"tag-republique-francaise","17":"tag-ue","18":"tag-union-europeenne","19":"tag-zoom-info"},"share_on_mastodon":{"url":"https:\/\/pubeurope.com\/@fr\/114657468510533880","error":""},"_links":{"self":[{"href":"https:\/\/www.europesays.com\/fr\/wp-json\/wp\/v2\/posts\/164951","targetHints":{"allow":["GET"]}}],"collection":[{"href":"https:\/\/www.europesays.com\/fr\/wp-json\/wp\/v2\/posts"}],"about":[{"href":"https:\/\/www.europesays.com\/fr\/wp-json\/wp\/v2\/types\/post"}],"author":[{"embeddable":true,"href":"https:\/\/www.europesays.com\/fr\/wp-json\/wp\/v2\/users\/2"}],"replies":[{"embeddable":true,"href":"https:\/\/www.europesays.com\/fr\/wp-json\/wp\/v2\/comments?post=164951"}],"version-history":[{"count":0,"href":"https:\/\/www.europesays.com\/fr\/wp-json\/wp\/v2\/posts\/164951\/revisions"}],"wp:featuredmedia":[{"embeddable":true,"href":"https:\/\/www.europesays.com\/fr\/wp-json\/wp\/v2\/media\/164952"}],"wp:attachment":[{"href":"https:\/\/www.europesays.com\/fr\/wp-json\/wp\/v2\/media?parent=164951"}],"wp:term":[{"taxonomy":"category","embeddable":true,"href":"https:\/\/www.europesays.com\/fr\/wp-json\/wp\/v2\/categories?post=164951"},{"taxonomy":"post_tag","embeddable":true,"href":"https:\/\/www.europesays.com\/fr\/wp-json\/wp\/v2\/tags?post=164951"}],"curies":[{"name":"wp","href":"https:\/\/api.w.org\/{rel}","templated":true}]}}