{"id":164966,"date":"2025-06-10T05:51:10","date_gmt":"2025-06-10T05:51:10","guid":{"rendered":"https:\/\/www.europesays.com\/fr\/164966\/"},"modified":"2025-06-10T05:51:10","modified_gmt":"2025-06-10T05:51:10","slug":"victime-dune-chute-une-coureuse-reste-plus-dune-heure-dans-un-fosse","status":"publish","type":"post","link":"https:\/\/www.europesays.com\/fr\/164966\/","title":{"rendered":"victime d&rsquo;une chute, une coureuse reste plus d&rsquo;une heure dans un foss\u00e9"},"content":{"rendered":"<p>La Danoise Klara Sofie Skovgaard, 22 ans, a \u00e9t\u00e9 victime d\u2019une grave chute pendant la course Unbound Gravel, aux \u00c9tats-Unis ce samedi 31 mai au c\u0153ur du Kansas.<\/p>\n<p>\u00c0 la suite de sa chute, la jeune coureuse s\u2019est retrouv\u00e9e coinc\u00e9e dans un foss\u00e9 avec une \u00e9paule fractur\u00e9e et un genou bless\u00e9. En raison d&rsquo;un parcours difficilement accessible, elle a d\u00fb attendre une heure et demie avant l\u2019arriv\u00e9e des secours. \u00ab Je voulais quitter mon corps, et j&rsquo;\u00e9tais en hypothermie \u00bb, a-t-elle expliqu\u00e9 sur Instagram.<\/p>\n<p>Ce contenu est bloqu\u00e9 car vous n&rsquo;avez pas accept\u00e9 les cookies et autres traceurs.<\/p>\n<p>En cliquant sur \u00ab J\u2019accepte \u00bb, les cookies et autres traceurs seront d\u00e9pos\u00e9s et vous pourrez visualiser les contenus  (<a href=\"\" class=\"consentModule_policy\" target=\"_blank\" title=\"Consulter la politique de protection des donn\u00e9es du fournisseur\">plus d&rsquo;informations<\/a>).<\/p>\n<p>En cliquant sur \u00ab J\u2019accepte tous les cookies \u00bb, vous autorisez des d\u00e9p\u00f4ts de cookies et autres traceurs pour le stockage de vos donn\u00e9es sur nos sites et applications \u00e0 des fins de personnalisation et de ciblage publicitaire.<\/p>\n<p class=\"consentModule_secondaryText\">Vous gardez la possibilit\u00e9 de retirer votre consentement \u00e0 tout moment en consultant notre <a href=\"https:\/\/www.ledauphine.com\/protection-des-donnees\" target=\"_blank\" title=\"Consulter notre politique de protection des donn\u00e9es\" rel=\"nofollow noopener\">politique de protection des donn\u00e9es<\/a>. <br \/>&#13;<br \/>\n            <a href=\"https:\/\/www.ledauphine.com\/sport\/2025\/06\/10\/javascript:Didomi.notice.show()\" class=\"consentModule_cmp\" rel=\"nofollow noopener\" target=\"_blank\">G\u00e9rer mes choix<\/a>&#13;\n        <\/p>\n<p>&#13;<br \/>\n                        J&rsquo;accepte&#13;<br \/>\n            J&rsquo;accepte tous les cookies&#13;\n        <\/p>\n<p>\u00a0Une exp\u00e9rience qui certainement marqu\u00e9 la jeune coureuse comme elle l&rsquo;explique : \u00ab Voyager \u00e0 travers le monde pour faire la course signifie accepter des risques &#8211; mais je ne m&rsquo;attendais pas \u00e0 me sentir en danger. J&rsquo;esp\u00e8re vraiment que les organisateurs travailleront pour am\u00e9liorer l&rsquo;acc\u00e8s d&rsquo;urgence. C&rsquo;\u00e9tait ironique de regarder un h\u00e9licopt\u00e8re m\u00e9diatique en direct.\u00a0\u00bb<\/p>\n","protected":false},"excerpt":{"rendered":"La Danoise Klara Sofie Skovgaard, 22 ans, a \u00e9t\u00e9 victime d\u2019une grave chute pendant la course Unbound Gravel,&hellip;\n","protected":false},"author":2,"featured_media":164967,"comment_status":"","ping_status":"","sticky":false,"template":"","format":"standard","meta":{"footnotes":""},"categories":[1411],"tags":[1154,207,107,1701,1011,27,517,1947,60],"class_list":{"0":"post-164966","1":"post","2":"type-post","3":"status-publish","4":"format-standard","5":"has-post-thumbnail","7":"category-cyclisme","8":"tag-cycling","9":"tag-cyclisme","10":"tag-fil-info","11":"tag-fil-info-sport","12":"tag-fr","13":"tag-france","14":"tag-sport","15":"tag-sport-national","16":"tag-sports"},"share_on_mastodon":{"url":"https:\/\/pubeurope.com\/@fr\/114657511541233727","error":""},"_links":{"self":[{"href":"https:\/\/www.europesays.com\/fr\/wp-json\/wp\/v2\/posts\/164966","targetHints":{"allow":["GET"]}}],"collection":[{"href":"https:\/\/www.europesays.com\/fr\/wp-json\/wp\/v2\/posts"}],"about":[{"href":"https:\/\/www.europesays.com\/fr\/wp-json\/wp\/v2\/types\/post"}],"author":[{"embeddable":true,"href":"https:\/\/www.europesays.com\/fr\/wp-json\/wp\/v2\/users\/2"}],"replies":[{"embeddable":true,"href":"https:\/\/www.europesays.com\/fr\/wp-json\/wp\/v2\/comments?post=164966"}],"version-history":[{"count":0,"href":"https:\/\/www.europesays.com\/fr\/wp-json\/wp\/v2\/posts\/164966\/revisions"}],"wp:featuredmedia":[{"embeddable":true,"href":"https:\/\/www.europesays.com\/fr\/wp-json\/wp\/v2\/media\/164967"}],"wp:attachment":[{"href":"https:\/\/www.europesays.com\/fr\/wp-json\/wp\/v2\/media?parent=164966"}],"wp:term":[{"taxonomy":"category","embeddable":true,"href":"https:\/\/www.europesays.com\/fr\/wp-json\/wp\/v2\/categories?post=164966"},{"taxonomy":"post_tag","embeddable":true,"href":"https:\/\/www.europesays.com\/fr\/wp-json\/wp\/v2\/tags?post=164966"}],"curies":[{"name":"wp","href":"https:\/\/api.w.org\/{rel}","templated":true}]}}