{"id":164974,"date":"2025-06-10T05:55:10","date_gmt":"2025-06-10T05:55:10","guid":{"rendered":"https:\/\/www.europesays.com\/fr\/164974\/"},"modified":"2025-06-10T05:55:10","modified_gmt":"2025-06-10T05:55:10","slug":"bernadette-desquets-dellunto-livre-un-temoignage-poignant","status":"publish","type":"post","link":"https:\/\/www.europesays.com\/fr\/164974\/","title":{"rendered":"Bernadette Desquets Dell\u2019Unto livre un t\u00e9moignage poignant"},"content":{"rendered":"<p>Il y a des rencontres qui marquent. Des discussions qui transportent. Lorsque Bernadette Desquets Dell\u2019Unto s\u2019installe sous la v\u00e9randa de sa maison de B\u00e9vy, le regard est franc, sinc\u00e8re. Humblement, la professeure d\u2019histoire-g\u00e9ographie, \u00e2g\u00e9e de cinquante ans, raconte son histoire. Celle qui l\u2019a pouss\u00e9e, en avril\u00a02024, \u00e0 commencer l\u2019\u00e9criture de son livre. Celle de l\u2019annonce d\u2019un cancer du sein agressif et des traitements lourds qui vont suivre. Mais surtout, celle d\u2019\u00c8ve, la narratrice de son premier roman, son h\u00e9ro\u00efne, qui comme elle va devoir affronter la maladie, la gu\u00e9rison tout en d\u00e9couvrant une aventure de vie qu\u2019il va&#8230;<\/p>\n","protected":false},"excerpt":{"rendered":"Il y a des rencontres qui marquent. Des discussions qui transportent. Lorsque Bernadette Desquets Dell\u2019Unto s\u2019installe sous la&hellip;\n","protected":false},"author":2,"featured_media":164975,"comment_status":"","ping_status":"","sticky":false,"template":"","format":"standard","meta":{"footnotes":""},"categories":[1357],"tags":[29839,1379,2931,1687,58,10975,59,107,1011,27,28145,1380,2410,4604],"class_list":{"0":"post-164974","1":"post","2":"type-post","3":"status-publish","4":"format-standard","5":"has-post-thumbnail","7":"category-livres","8":"tag-bevy","9":"tag-books","10":"tag-cote-dor","11":"tag-culture-loisirs","12":"tag-divertissement","13":"tag-edition-beaune-et-sa-region","14":"tag-entertainment","15":"tag-fil-info","16":"tag-fr","17":"tag-france","18":"tag-gevrey-chambertin-bassin","19":"tag-livres","20":"tag-livres-bd","21":"tag-selection-abonne"},"share_on_mastodon":{"url":"https:\/\/pubeurope.com\/@fr\/114657527304751238","error":""},"_links":{"self":[{"href":"https:\/\/www.europesays.com\/fr\/wp-json\/wp\/v2\/posts\/164974","targetHints":{"allow":["GET"]}}],"collection":[{"href":"https:\/\/www.europesays.com\/fr\/wp-json\/wp\/v2\/posts"}],"about":[{"href":"https:\/\/www.europesays.com\/fr\/wp-json\/wp\/v2\/types\/post"}],"author":[{"embeddable":true,"href":"https:\/\/www.europesays.com\/fr\/wp-json\/wp\/v2\/users\/2"}],"replies":[{"embeddable":true,"href":"https:\/\/www.europesays.com\/fr\/wp-json\/wp\/v2\/comments?post=164974"}],"version-history":[{"count":0,"href":"https:\/\/www.europesays.com\/fr\/wp-json\/wp\/v2\/posts\/164974\/revisions"}],"wp:featuredmedia":[{"embeddable":true,"href":"https:\/\/www.europesays.com\/fr\/wp-json\/wp\/v2\/media\/164975"}],"wp:attachment":[{"href":"https:\/\/www.europesays.com\/fr\/wp-json\/wp\/v2\/media?parent=164974"}],"wp:term":[{"taxonomy":"category","embeddable":true,"href":"https:\/\/www.europesays.com\/fr\/wp-json\/wp\/v2\/categories?post=164974"},{"taxonomy":"post_tag","embeddable":true,"href":"https:\/\/www.europesays.com\/fr\/wp-json\/wp\/v2\/tags?post=164974"}],"curies":[{"name":"wp","href":"https:\/\/api.w.org\/{rel}","templated":true}]}}