{"id":164988,"date":"2025-06-10T06:02:26","date_gmt":"2025-06-10T06:02:26","guid":{"rendered":"https:\/\/www.europesays.com\/fr\/164988\/"},"modified":"2025-06-10T06:02:26","modified_gmt":"2025-06-10T06:02:26","slug":"ios-26-macos-tahoe-visionos-26-et-autres-nouveautes","status":"publish","type":"post","link":"https:\/\/www.europesays.com\/fr\/164988\/","title":{"rendered":"iOS 26, macOS Tahoe, visionOS 26 et autres nouveaut\u00e9s"},"content":{"rendered":"<p>En ce lundi de Pentec\u00f4te, Apple nous a donn\u00e9 rendez-vous pour l\u2019un de ses \u00e9v\u00e8nements majeurs de l\u2019ann\u00e9e\u00a0: la WWDC. Celle-ci a d\u00e9but\u00e9 par une habituelle pr\u00e9sentation de lancement, laquelle nous a permis de d\u00e9couvrir dans les grandes lignes ce que nous r\u00e9servent les prochains syst\u00e8mes d\u2019exploitation de la soci\u00e9t\u00e9 californienne, iOS 26 et macOS Tahoe entre autres.<\/p>\n<p><strong>L\u2019Apple Event de la WWDC est toujours tr\u00e8s important et tr\u00e8s suivi<\/strong>. Il est consid\u00e9r\u00e9 comme le deuxi\u00e8me \u00e9v\u00e8nement majeur de l\u2019ann\u00e9e pour Apple, apr\u00e8s celui de septembre d\u00e9di\u00e9 aux iPhone. Cette ann\u00e9e, l\u2019entreprise californienne \u00e9tait particuli\u00e8rement attendue sur sujet de l\u2019I.A., \u00e9tant positionn\u00e9e par les analystes comme bien en retard par rapport \u00e0 la concurrence. Est-ce que Tim Cook a su rassurer face \u00e0 ces inqui\u00e9tudes, en proposant des nouveaut\u00e9s s\u00e9duisantes pour ses OS\u00a0?<\/p>\n<p>R\u00e9ponses dans ce compte-rendu complet de la conf\u00e9rence d\u2019ouverture de la WWDC25.<\/p>\n<ul>\n<li>Revoir la conf\u00e9rence compl\u00e8te en vid\u00e9o\u00a0:<\/li>\n<\/ul>\n<p> Introduction <\/p>\n<p>Les premi\u00e8res images font r\u00e9f\u00e9rence \u00e0 la formule 1 et au r\u00e9cent film Apple TV+ F1, port\u00e9 par Brad Pitt. On y voit Craig Federighi conduire l\u2019un de ces bolides de course, et arrivant \u00e0 Apple Park pour passer le relai \u00e0 Tim Cook. Ce dernier, apr\u00e8s avoir rappel\u00e9 la date de sortie du film et le \u201csucc\u00e8s\u201d d\u2019Apple TV+, a lanc\u00e9 les hostilit\u00e9s.<\/p>\n<p>Apr\u00e8s cette courte introduction forte en \u00e9motion, les annonces se sont encha\u00een\u00e9es.<\/p>\n<p> Les grands points Apple Intelligence <\/p>\n<p>Premier point abord\u00e9 par Apple lors de la conf\u00e9rence, il nous a \u00e9t\u00e9 rappel\u00e9 les fonctionnalit\u00e9s de l\u2019I.A. maison, avant la pr\u00e9sentation des nouveaut\u00e9s \u00e0 venir. Il a notamment \u00e9t\u00e9 mentionn\u00e9 la possibilit\u00e9 pour les apps tierces d\u2019acc\u00e9der aux fonctions d\u2019I.A. d\u2019Apple, le tout sans jamais passer par de la puissance cloud.<\/p>\n<p> Design <\/p>\n<p>Apr\u00e8s Apple Intelligence, Craig Federighi a mis l\u2019accent sur les nouveaux design des mises \u00e0 jour de 2025, soulignant l\u2019uniformisation des plateformes en termes d\u2019interface et de visuels, et l\u2019inspiration de visionOS.<\/p>\n<p>Tous ces changements sont bas\u00e9s sur la technologie qu\u2019Apple nomme \u201cLiquid Glass\u201d. Apple promet des interfaces plus r\u00e9actives, plus intuitives, plus naturelles, et pour une association logiciel\/mat\u00e9riel plus harmonieuse<\/p>\n<p> iOS 26 Nouveau nom <\/p>\n<p>Pas d\u2019iOS 19, mais bien iOS 26.<\/p>\n<p> <img loading=\"lazy\" decoding=\"async\" aria-describedby=\"caption-attachment-198775\" class=\"size-full wp-image-198775\" src=\"data:image\/svg+xml,%3Csvg%20xmlns=\" http:=\"\" alt=\"Nouveaux OS 26\" width=\"1289\" height=\"715\" data-lazy- data-lazy- data-lazy-src=\"https:\/\/www.europesays.com\/fr\/wp-content\/uploads\/2025\/06\/nouveaux-26.jpg\"\/><\/p>\n<p id=\"caption-attachment-198775\" class=\"wp-caption-text\">\u00a9 Apple<\/p>\n<p> Nouveau design Liquid Glass <\/p>\n<p>iOS profite \u00e9videmment du nouveau design Liquid Glass.<\/p>\n<p> <img loading=\"lazy\" decoding=\"async\" aria-describedby=\"caption-attachment-198787\" class=\"size-full wp-image-198787\" src=\"data:image\/svg+xml,%3Csvg%20xmlns=\" http:=\"\" alt=\"\u00c9cran d'accueil iOS 26\" width=\"2000\" height=\"1125\" data-lazy- data-lazy- data-lazy-src=\"https:\/\/www.europesays.com\/fr\/wp-content\/uploads\/2025\/06\/ecran-accueil-ios-26.jpg\"\/><\/p>\n<p id=\"caption-attachment-198787\" class=\"wp-caption-text\">\u00a9 Apple<\/p>\n<p> \u00c9cran verrouill\u00e9 <\/p>\n<ul>\n<li>L\u2019\u00e9cran est adaptatif, l\u2019heure par exemple s\u2019allonge automatiquement selon la photo<\/li>\n<li>L\u2019\u00e9cran s\u2019adapte aussi aux notifications<\/li>\n<li>Effet 3D\u00a0: visuellement, il est possible de profiter d\u2019un effet 3D<\/li>\n<li>Effet cover musicale\u00a0: l\u2019\u00e9cran peut afficher des animations musicales selon l\u2019artiste en cours d\u2019\u00e9coute<\/li>\n<\/ul>\n<p> Appareil photo et phototh\u00e8que <\/p>\n<ul>\n<li>Am\u00e9lioration et simplification de l\u2019interface Appareil photo\u00a0: les deux modes de prise de vue sont affich\u00e9es en priorit\u00e9<\/li>\n<li>Simplification de l\u2019interface l\u2019app Photos<\/li>\n<\/ul>\n<p> Safari <\/p>\n<ul>\n<li>Les pages sont affich\u00e9es bord \u00e0 bord<\/li>\n<li>La barre de menu change de visuel, elle s\u2019adapte aussi dynamiquement selon la navigation en page<\/li>\n<\/ul>\n<p> FaceTime <\/p>\n<ul>\n<li>Am\u00e9liorations de design et d\u2019affichage des vid\u00e9os dans les conversations<\/li>\n<\/ul>\n<p> T\u00e9l\u00e9phone <\/p>\n<ul>\n<li>Changement majeur de l\u2019interface avec barre de navigation en bas de l\u2019\u00e9cran<\/li>\n<\/ul>\n<p> <img loading=\"lazy\" decoding=\"async\" aria-describedby=\"caption-attachment-198803\" class=\"size-full wp-image-198803\" src=\"data:image\/svg+xml,%3Csvg%20xmlns=\" http:=\"\" alt=\"App t\u00e9l\u00e9phone iOS 26\" width=\"1829\" height=\"2560\" data-lazy- data-lazy- data-lazy-src=\"https:\/\/www.europesays.com\/fr\/wp-content\/uploads\/2025\/06\/app-telephone-ios-26-scaled.jpg\"\/><\/p>\n<p id=\"caption-attachment-198803\" class=\"wp-caption-text\">\u00a9 Apple<\/p>\n<ul>\n<li>Appel ind\u00e9sirable (Call Screening) : une fonction permet de demander aux nouveaux appelants de donner leur nom et la raison de l\u2019appel avant de permettre de vous passer l\u2019appel<\/li>\n<li>Appel en attente\u00a0: l\u2019iPhone peut vous pr\u00e9venir lors d\u2019un appel \u00e0 un SAV par exemple, quand vous attendez en liste d\u2019attente, quand la personne rejoint l\u2019appel<\/li>\n<\/ul>\n<p> Messages <\/p>\n<ul>\n<li>Fonds d\u2019\u00e9cran\u00a0: vous pouvez g\u00e9n\u00e9rer des fonds d\u2019\u00e9cran par I.A. ou en choisir parmi votre phototh\u00e8que pour personnaliser vos discussions<\/li>\n<\/ul>\n<p> <img loading=\"lazy\" decoding=\"async\" aria-describedby=\"caption-attachment-198785\" class=\"size-full wp-image-198785\" src=\"data:image\/svg+xml,%3Csvg%20xmlns=\" http:=\"\" alt=\"Fonds d'\u00e9cran iMessage\" width=\"1829\" height=\"2560\" data-lazy- data-lazy- data-lazy-src=\"https:\/\/www.europesays.com\/fr\/wp-content\/uploads\/2025\/06\/imessage-fond-ecran-scaled.jpg\"\/><\/p>\n<p id=\"caption-attachment-198785\" class=\"wp-caption-text\">\u00a9 Apple<\/p>\n<ul>\n<li>Sondages\u00a0: vous pouvez cr\u00e9er des sondages \u00e0 partir de z\u00e9ro ou suite \u00e0 une suggestion d\u2019Apple Intelligence<\/li>\n<\/ul>\n<p> <img loading=\"lazy\" decoding=\"async\" aria-describedby=\"caption-attachment-198786\" class=\"size-full wp-image-198786\" src=\"data:image\/svg+xml,%3Csvg%20xmlns=\" http:=\"\" alt=\"Sondages iMessage\" width=\"2000\" height=\"2462\" data-lazy- data-lazy- data-lazy-src=\"https:\/\/www.europesays.com\/fr\/wp-content\/uploads\/2025\/06\/imessages-sondage-ios-26.jpg\"\/><\/p>\n<p id=\"caption-attachment-198786\" class=\"wp-caption-text\">\u00a9 Apple<\/p>\n<ul>\n<li>Apple Cash\u00a0: on peut demander, envoyer ou recevoir de l\u2019argent via Apple Cash via iMessage<\/li>\n<li>Nouveaux filtres pour l\u2019affichage des discussions, avec la possibilit\u00e9 de masquer les messages de num\u00e9ros inconnus<\/li>\n<\/ul>\n<p> Genmojis <\/p>\n<ul>\n<li>Styles de ChatGPT dans Image Playground<\/li>\n<li>M\u00e9langes de Genmojis\u00a0: possibilit\u00e9 de mixer plusieurs genmojis ou image entre elle, par exemple, la photo d\u2019un proche et un emoji, comme \ud83d\ude04, \ud83e\udd23 ou encore \ud83e\udd13<\/li>\n<\/ul>\n<p> Traduction en direct <\/p>\n<p>La traduction peut \u00eatre r\u00e9alis\u00e9e en direct, aussi bien \u00e0 l\u2019\u00e9cran dans iMessage, qu\u2019en audio-vers-texte, dans FaceTime par exemple ou en audio-vers-audio, dans l\u2019app T\u00e9l\u00e9phone.<\/p>\n<p> <img loading=\"lazy\" decoding=\"async\" aria-describedby=\"caption-attachment-198804\" class=\"size-full wp-image-198804\" src=\"data:image\/svg+xml,%3Csvg%20xmlns=\" http:=\"\" alt=\"Traduction en direct iOS 26\" width=\"1829\" height=\"2560\" data-lazy- data-lazy- data-lazy-src=\"https:\/\/www.europesays.com\/fr\/wp-content\/uploads\/2025\/06\/traduction-en-direct-ios-26-scaled.jpg\"\/><\/p>\n<p id=\"caption-attachment-198804\" class=\"wp-caption-text\">\u00a9 Apple<\/p>\n<p> CarPlay <\/p>\n<ul>\n<li>Nouveau design pour la navigation, mais aussi les widgets et les Activit\u00e9s en direct<\/li>\n<li>CarPlay Ultra\u00a0: il s\u2019agit d\u2019une interface CarPlay visible sur le tableau de bord des voitures \u00e9quip\u00e9es directement, avec un visuel sp\u00e9cifique en plus de ce qu\u2019on voit sur l\u2019\u00e9cran CarPlay secondaire visible pr\u00e8s du levier de vitesse<\/li>\n<\/ul>\n<p> <img loading=\"lazy\" decoding=\"async\" aria-describedby=\"caption-attachment-198722\" class=\"size-full wp-image-198722\" src=\"data:image\/svg+xml,%3Csvg%20xmlns=\" http:=\"\" alt=\"Carplay ultra apple\" width=\"1920\" height=\"1280\" data-lazy- data-lazy- data-lazy-src=\"https:\/\/www.europesays.com\/fr\/wp-content\/uploads\/2025\/06\/carplay-ultra-apple.jpg\"\/><\/p>\n<p id=\"caption-attachment-198722\" class=\"wp-caption-text\">\u00a9 Apple<\/p>\n<p> Apple Music <\/p>\n<ul>\n<li>Traduction des paroles (avec d\u00e9tail de la prononciation pour certains langages)<\/li>\n<li>Audio Mix\u00a0: pour obtenir automatiquement des transitions entre morceaux \u00e0 la mani\u00e8re de ce que ferait un DJ<\/li>\n<li>Favoris\u00a0: ajout de favoris en haut de sa biblioth\u00e8que d\u2019artiste et morceaux<\/li>\n<\/ul>\n<p> Apple Plans <\/p>\n<ul>\n<li>L\u2019app connait vos trajets r\u00e9guliers et vous propose automatiquement un trajet habituel, m\u00eame si l\u2019itin\u00e9raire n\u2019est pas le plus court<\/li>\n<li>Endroits visit\u00e9s\u00a0: retrouvez les endroits que vous avez visit\u00e9s dans une nouvelle section d\u00e9di\u00e9e de l\u2019app<\/li>\n<\/ul>\n<p> <img loading=\"lazy\" decoding=\"async\" aria-describedby=\"caption-attachment-198784\" class=\"size-full wp-image-198784\" src=\"data:image\/svg+xml,%3Csvg%20xmlns=\" http:=\"\" alt=\"Endroits visit\u00e9s Apple Plan iOS 26\" width=\"1829\" height=\"2560\" data-lazy- data-lazy- data-lazy-src=\"https:\/\/www.europesays.com\/fr\/wp-content\/uploads\/2025\/06\/endroits-visites-ios-26-scaled.jpg\"\/><\/p>\n<p id=\"caption-attachment-198784\" class=\"wp-caption-text\">\u00a9 Apple<\/p>\n<p> Jeu vid\u00e9o <\/p>\n<p>iOS 26 jouit d\u2019une nouvelle application, \u201cGames\u201d. On y retrouve Apple Arcade et les contacts de jeu et les challenges entre amis. C\u2019est n\u00e9 quelques sortes un Game Center am\u00e9lior\u00e9.<\/p>\n<p> Visual Intelligence <\/p>\n<p>L\u2019I.A. de recherche visuelle peut \u00eatre activ\u00e9e sur ce qu\u2019on voit \u00e0 l\u2019\u00e9cran, pour identifier un objet, un v\u00eatement, un animal, une personne, etc., et faire une recherche sur Google.<\/p>\n<p> Compatibilit\u00e9 <\/p>\n<p>Tous les iPhone 11 et iPhone plus r\u00e9cents.<\/p>\n<p> watchOS 26 <img loading=\"lazy\" decoding=\"async\" aria-describedby=\"caption-attachment-198807\" class=\"size-full wp-image-198807\" src=\"data:image\/svg+xml,%3Csvg%20xmlns=\" http:=\"\" alt=\"watchOS 26\" width=\"2000\" height=\"1047\" data-lazy- data-lazy- data-lazy-src=\"https:\/\/www.europesays.com\/fr\/wp-content\/uploads\/2025\/06\/watchos-26.jpg\"\/><\/p>\n<p id=\"caption-attachment-198807\" class=\"wp-caption-text\">\u00a9 Apple<\/p>\n<ul>\n<li>Nouveau design Liquid Glass<\/li>\n<li>Workout Buddy\u00a0: il s\u2019agit d\u2019une sorte de coach boost\u00e9 \u00e0 l\u2019I.A., qui va r\u00e9cup\u00e9rer les informations de vos activit\u00e9s et vous aider \u00e0 vous motiver lors de vos sessions sportives. Cet assistant sera d\u2019abord disponible en anglais<\/li>\n<li>Am\u00e9lioration de l\u2019interface pour l\u2019app Activit\u00e9s, avec acc\u00e8s faciles \u00e0 des exemples d\u2019entrainement<\/li>\n<li>Smart Stack\u00a0: cet affichage dynamique s\u2019am\u00e9liore avec la prise en charge de points d\u2019int\u00e9r\u00eat<\/li>\n<li>Notifications\u00a0: les alertes sonores de notifications adaptent leur volume selon le niveau de bruit de l\u2019environnement<\/li>\n<li>Mouvement de poignet\u00a0: d\u2019un mouvement de poignet, vous pouvez effectuer une action, comme raccrocher un appel<\/li>\n<li>Contr\u00f4les pour les bruits et musiques d\u2019ambiance dans le centre de contr\u00f4le<\/li>\n<\/ul>\n<p> Compatibilit\u00e9 <\/p>\n<p>Apple Watch SE 2, Apple Watch Ultra, Apple Watch Series 6 et mod\u00e8les plus r\u00e9cents<\/p>\n<p> iPadOS 26 <\/p>\n<p>iPadOS 26 supporte de nombreuses nouveaut\u00e9s d\u2019iOS 26, mais aussi des fonctionnalit\u00e9s exclusives suivantes\u00a0:<\/p>\n<ul>\n<li>Syst\u00e8me de fen\u00eatres\u00a0: plusieurs applications peuvent \u00eatre affich\u00e9es \u00e0 l\u2019\u00e9cran, ou encore plac\u00e9es de mani\u00e8re intelligente \u00e0 l\u2019\u00e9cran pour les rendre toutes visibles, etc. Ces fonctionnalit\u00e9s ressemblent grandement \u00e0 ce que permet macOS<\/li>\n<li>Barre de menus\u00a0: chaque app a maintenant sa propre barre de menus affich\u00e9e en haut de l\u2019\u00e9cran, avec des fonctionnalit\u00e9s propres<\/li>\n<\/ul>\n<p> <img loading=\"lazy\" decoding=\"async\" aria-describedby=\"caption-attachment-198814\" class=\"size-full wp-image-198814\" src=\"data:image\/svg+xml,%3Csvg%20xmlns=\" http:=\"\" alt=\"Barre des menus iPadOS\" width=\"2000\" height=\"1170\" data-lazy- data-lazy- data-lazy-src=\"https:\/\/www.europesays.com\/fr\/wp-content\/uploads\/2025\/06\/menu-bar-ipados.jpg\"\/><\/p>\n<p id=\"caption-attachment-198814\" class=\"wp-caption-text\">\u00a9 Apple<\/p>\n<ul>\n<li>De nombreuses am\u00e9liorations pour l\u2019app Fichiers<\/li>\n<li>Aper\u00e7u\u00a0: l\u2019app macOS arrive sur iPad, pour rendre l\u2019\u00e9dition de PDF et d\u2019image bien plus simple sur tablette<\/li>\n<li>Audio\u00a0: nouvelles options de s\u00e9lection d\u2019entr\u00e9e audio pour chaque app, avec fonctionnalit\u00e9 Voice Isolation<\/li>\n<li>Local capture\u00a0: pour enregistrer vid\u00e9o et audio directement sur l\u2019iPad, lors d\u2019un \u00e9change FaceTime par exemple<\/li>\n<li>T\u00e2ches en arri\u00e8re-plan\u00a0: iPadOS 26 peut passer en arri\u00e8re-plan les longs processus (comme l\u2019exportation d\u2019audio ou de vid\u00e9o) pour continuer \u00e0 travailler sur d\u2019autres projets en parall\u00e8le<\/li>\n<\/ul>\n<p> <img loading=\"lazy\" decoding=\"async\" aria-describedby=\"caption-attachment-198813\" class=\"size-full wp-image-198813\" src=\"data:image\/svg+xml,%3Csvg%20xmlns=\" http:=\"\" alt=\"T\u00e2ches arri\u00e8re-plan iPadOS\" width=\"2000\" height=\"1125\" data-lazy- data-lazy- data-lazy-src=\"https:\/\/www.europesays.com\/fr\/wp-content\/uploads\/2025\/06\/taches-arriere-plan-ipados.jpg\"\/><\/p>\n<p id=\"caption-attachment-198813\" class=\"wp-caption-text\">\u00a9 Apple<\/p>\n<ul>\n<li>Version iPad pour l\u2019application Journal, avec support de l\u2019Apple Pencil<\/li>\n<\/ul>\n<p> Compatibilit\u00e9 <\/p>\n<p>iPad Pro M4, iPad Pro 12,9 pouces 3e g\u00e9n\u00e9ration, iPad Pro 11 pouces 1ere g\u00e9n\u00e9ration, iPad Air M2, iPard Air 3e g\u00e9n\u00e9ration, iPad A16, iPad 8, iPad mini A17 Pro et iPad mini 5 et mod\u00e8les plus r\u00e9cents<\/p>\n<p> macOS 26\u00a0: Tahoe <\/p>\n<ul>\n<li>Nouveau design Liquid Glass<\/li>\n<\/ul>\n<p> <img loading=\"lazy\" decoding=\"async\" aria-describedby=\"caption-attachment-198781\" class=\"size-full wp-image-198781\" src=\"data:image\/svg+xml,%3Csvg%20xmlns=\" http:=\"\" alt=\"macOS 26 Liquid Glass\" width=\"2000\" height=\"1125\" data-lazy- data-lazy- data-lazy-src=\"https:\/\/www.europesays.com\/fr\/wp-content\/uploads\/2025\/06\/macos-liquid-glass.jpg\"\/><\/p>\n<p id=\"caption-attachment-198781\" class=\"wp-caption-text\">\u00a9 Apple<\/p>\n<ul>\n<li>Profite des changements vus dans iOS 26 pour Messages mais aussi d\u2019Image Playground ou encore l\u2019app \u201cGames\u201d<\/li>\n<li>La barre des menus devient invisible<\/li>\n<li>Le centre de contr\u00f4le gagne de nouveaux controles<\/li>\n<li>Possibilit\u00e9 d\u2019ajouter des emojis et de nouvelles couleurs aux ic\u00f4nes de dossier<\/li>\n<li>Continuit\u00e9 : macOS prend en charge les Activit\u00e9s en direct de l\u2019iPhone et les fonctionnalit\u00e9s de l\u2019app T\u00e9l\u00e9phone d\u2019iOS 26<\/li>\n<li>Raccourcis\u00a0: possibilit\u00e9 de lancer des raccourcis selon de nouveaux d\u00e9clencheurs (temps de la journ\u00e9e par exemple), mais aussi d\u2019utiliser des fonctionnalit\u00e9s d\u2019Apple Intelligence (g\u00e9n\u00e9ration d\u2019image, g\u00e9n\u00e9ration de texte, traduction, etc.)<\/li>\n<li>Spotlight\u00a0: la recherche est am\u00e9lior\u00e9e, avec des filtres de fichiers et des suggestions intelligentes bas\u00e9es sur vos usages. Spotlight peut aussi lancer des apps de l\u2019iPhone, mais aussi des actions pr\u00e9construites et m\u00eame des fonctions sp\u00e9cifiques \u00e0 l\u2019app \u00e0 l\u2019\u00e9cran. Spotlight supporte aussi des raccourcis clavier<\/li>\n<li>Historique du presse-papier\u00a0: Spotlight offre l\u2019acc\u00e8s \u00e0 un historique du presse-papier, ce que proposait des apps tierces comme Alfred ou encore Keyboard Maestro jusque l\u00e0<\/li>\n<\/ul>\n<p> tvOS 26 <\/p>\n<ul>\n<li>Nouveau design Liquid Glass<\/li>\n<li>Nouvelle fonction de profils\u00a0: diff\u00e9rents profils peuvent avoir leurs contenus propres pr\u00e9f\u00e9r\u00e9s et en cours de visionnage dans l\u2019app TV<\/li>\n<\/ul>\n<p> <img loading=\"lazy\" decoding=\"async\" aria-describedby=\"caption-attachment-198750\" class=\"size-full wp-image-198750\" src=\"data:image\/svg+xml,%3Csvg%20xmlns=\" http:=\"\" alt=\"Profils tvOS\" width=\"1209\" height=\"671\" data-lazy- data-lazy- data-lazy-src=\"https:\/\/www.europesays.com\/fr\/wp-content\/uploads\/2025\/06\/profils-tvOS.jpg\"\/><\/p>\n<p id=\"caption-attachment-198750\" class=\"wp-caption-text\">\u00a9 Apple<\/p>\n<ul>\n<li>Fonction Karaoke avec l\u2019iPhone\u00a0: l\u2019iPhone peut servir de microphone pour chanter en karaok\u00e9 pour des morceaux lanc\u00e9s dans Apple Music<\/li>\n<\/ul>\n<p> visionOS 26 <img loading=\"lazy\" decoding=\"async\" aria-describedby=\"caption-attachment-198758\" class=\"size-full wp-image-198758\" src=\"data:image\/svg+xml,%3Csvg%20xmlns=\" http:=\"\" alt=\"Vision OS 26 apple\" width=\"1920\" height=\"1280\" data-lazy- data-lazy- data-lazy-src=\"https:\/\/www.europesays.com\/fr\/wp-content\/uploads\/2025\/06\/vision-OS-26-apple.jpg\"\/><\/p>\n<p id=\"caption-attachment-198758\" class=\"wp-caption-text\">\u00a9 Apple<\/p>\n<ul>\n<li>Widgets\u00a0: visionOS profite de widgets \u201cspatiaux\u201d, qui peuvent \u00eatre plac\u00e9s dans votre environnement, photo, m\u00e9t\u00e9o, horloge, etc.<\/li>\n<li>Des pages web et photos peuvent aussi devenir \u201cspatiales\u201d, avec une sorte de vue 3D<\/li>\n<li>Personas\u00a0: enfin, les personas deviennent bien plus r\u00e9alistes<\/li>\n<li>Partage d\u2019exp\u00e9rience\u00a0: plusieurs utilisateurs peuvent voir la m\u00eame chose, le m\u00eame film par exemple, ou une m\u00eame d\u00e9mo<\/li>\n<li>Profils\u00a0: des profils de r\u00e9glage peuvent \u00eatre sauvegard\u00e9s sur votre iPhone, pour un casque Vision Pro qui peut \u00eatre partag\u00e9 par plusieurs personnes. Ainsi, chacun retrouve ses apps et r\u00e8gles lors de l\u2019usage<\/li>\n<li>Nouveaux accessoires\u00a0: Logitech propose un nouveau stylet pour dessiner avec le Vision Pro, Sony est aussi de la partie avec la compatibilit\u00e9 de certains de ses contr\u00f4leurs<\/li>\n<\/ul>\n<p> Mais aussi <\/p>\n<ul>\n<li>Des am\u00e9liorations mineures sont \u00e0 noter pour l\u2019app Cartes, ou encore Apple Pay<\/li>\n<li>Le moteur Metal passe en version 4 sur macOS<\/li>\n<li>Nouvelle application Icon Composer\u00a0: pour que les d\u00e9veloppeurs puissent plus facilement cr\u00e9er une ic\u00f4ne pour leur app adapt\u00e9e \u00e0 Liquid Glass<\/li>\n<\/ul>\n<p> <img loading=\"lazy\" decoding=\"async\" aria-describedby=\"caption-attachment-198782\" class=\"size-full wp-image-198782\" src=\"data:image\/svg+xml,%3Csvg%20xmlns=\" http:=\"\" alt=\"Icon Composer\" width=\"2000\" height=\"1125\" data-lazy- data-lazy- data-lazy-src=\"https:\/\/www.europesays.com\/fr\/wp-content\/uploads\/2025\/06\/icon-composer.jpg\"\/><\/p>\n<p id=\"caption-attachment-198782\" class=\"wp-caption-text\">\u00a9 Apple<\/p>\n<ul>\n<li>Xcode supporte diff\u00e9rents mod\u00e8les d\u2019I.A. pour coder en langage naturel, dont ChatGPT<\/li>\n<\/ul>\n<p> Les disponibilit\u00e9s des nouveaux OS <\/p>\n<p>Tous ces nouveaux syst\u00e8mes d\u2019exploitation seront disponibles en version b\u00eata d\u00e9veloppeurs dans les heures qui viennent. Ils para\u00eetront en version finale pour tous et toutes \u00e0 l\u2019automne prochain. Pour les versions b\u00eatas publiques, rendez-vous en juillet.<\/p>\n<p>Pour terminer, nous avons lanc\u00e9 un sondage dans le but de recueillir vos premi\u00e8res impressions \u00e0 propos de l\u2019\u00e9v\u00e8nement. Vous vous invitons \u00e0 y r\u00e9pondre ci-dessous. Merci\u00a0!<\/p>\n<p>             <img loading=\"lazy\" width=\"300\" height=\"300\" decoding=\"async\" src=\"data:image\/svg+xml,%3Csvg%20xmlns=\" http:=\"\" alt=\"i-nfo.fr - App officielle iPhon.fr\" data-lazy-src=\"https:\/\/www.europesays.com\/fr\/wp-content\/uploads\/2025\/04\/App-iPhon.jpg\"\/>                                            i-nfo.fr &#8211; App officielle iPhon.fr                 <\/p>\n<p>Par\u00a0: Keleops AG<\/p>\n","protected":false},"excerpt":{"rendered":"En ce lundi de Pentec\u00f4te, Apple nous a donn\u00e9 rendez-vous pour l\u2019un de ses \u00e9v\u00e8nements majeurs de l\u2019ann\u00e9e\u00a0:&hellip;\n","protected":false},"author":2,"featured_media":164989,"comment_status":"","ping_status":"","sticky":false,"template":"","format":"standard","meta":{"footnotes":""},"categories":[7],"tags":[1011,27,43,40,41,39,42,44],"class_list":{"0":"post-164988","1":"post","2":"type-post","3":"status-publish","4":"format-standard","5":"has-post-thumbnail","7":"category-sciences-et-technologies","8":"tag-fr","9":"tag-france","10":"tag-science","11":"tag-science-and-technology","12":"tag-sciences","13":"tag-sciences-et-technologies","14":"tag-technologies","15":"tag-technology"},"share_on_mastodon":{"url":"https:\/\/pubeurope.com\/@fr\/114657555299286344","error":""},"_links":{"self":[{"href":"https:\/\/www.europesays.com\/fr\/wp-json\/wp\/v2\/posts\/164988","targetHints":{"allow":["GET"]}}],"collection":[{"href":"https:\/\/www.europesays.com\/fr\/wp-json\/wp\/v2\/posts"}],"about":[{"href":"https:\/\/www.europesays.com\/fr\/wp-json\/wp\/v2\/types\/post"}],"author":[{"embeddable":true,"href":"https:\/\/www.europesays.com\/fr\/wp-json\/wp\/v2\/users\/2"}],"replies":[{"embeddable":true,"href":"https:\/\/www.europesays.com\/fr\/wp-json\/wp\/v2\/comments?post=164988"}],"version-history":[{"count":0,"href":"https:\/\/www.europesays.com\/fr\/wp-json\/wp\/v2\/posts\/164988\/revisions"}],"wp:featuredmedia":[{"embeddable":true,"href":"https:\/\/www.europesays.com\/fr\/wp-json\/wp\/v2\/media\/164989"}],"wp:attachment":[{"href":"https:\/\/www.europesays.com\/fr\/wp-json\/wp\/v2\/media?parent=164988"}],"wp:term":[{"taxonomy":"category","embeddable":true,"href":"https:\/\/www.europesays.com\/fr\/wp-json\/wp\/v2\/categories?post=164988"},{"taxonomy":"post_tag","embeddable":true,"href":"https:\/\/www.europesays.com\/fr\/wp-json\/wp\/v2\/tags?post=164988"}],"curies":[{"name":"wp","href":"https:\/\/api.w.org\/{rel}","templated":true}]}}