{"id":164997,"date":"2025-06-10T06:07:09","date_gmt":"2025-06-10T06:07:09","guid":{"rendered":"https:\/\/www.europesays.com\/fr\/164997\/"},"modified":"2025-06-10T06:07:09","modified_gmt":"2025-06-10T06:07:09","slug":"saint-etienne-quelles-nouveautes-pour-la-piscine-grouchy-qui-rouvre-bientot","status":"publish","type":"post","link":"https:\/\/www.europesays.com\/fr\/164997\/","title":{"rendered":"Saint-\u00c9tienne : quelles nouveaut\u00e9s pour la piscine Grouchy qui rouvre bient\u00f4t ?\u00a0"},"content":{"rendered":"<p>Les travaux de r\u00e9novation vont bient\u00f4t s&rsquo;achever \u00e0 la piscine Grouchy de Saint-\u00c9tienne.<\/p>\n<p>Apr\u00e8s Raymond Sommet, Yves Naymes et Pierre Poty, c&rsquo;est bient\u00f4t la fin des grands chantiers pour les piscines st\u00e9phanoises !<\/p>\n<p>Depuis l&rsquo;ann\u00e9e derni\u00e8re, la piscine <b>Grouchy<\/b> est ferm\u00e9e au public pour \u00eatre enti\u00e8rement r\u00e9nov\u00e9e.<\/p>\n<p>Mais bonne nouvelle pour les usagers et les clubs qui avaient pour habitude de la fr\u00e9quenter : le chantier n&rsquo;a pas pris de retard et la piscine va pouvoir rouvrir au public \u00e0 <b>partir de septembre<\/b>.<\/p>\n<p>Quelles nouveaut\u00e9s \u00e0 Grouchy ?<\/p>\n<p>La piscine s&rsquo;offre une cure de jouvence, avec <b>une cuve en inox, de nouveaux \u00e9clairages et de nouveaux sols autour des bassins<\/b>.<\/p>\n<p>\u00ab\u00a0On aura une nouvelle forme de bassin qui offre moins de profondeur \u00e0 certains endroits, ce qui nous permettra de faire de l&rsquo;aquagym par exemple. Avec le bassin pr\u00e9c\u00e9dent, on ne pouvait pas\u00a0\u00bb, nous confie <b>Alain Jacquet<\/b>, responsable du service piscine de la Ville de Saint-\u00c9tienne.\u00a0<\/p>\n<p>Le chantier, estim\u00e9 \u00e0 <b>3 millions d&rsquo;euros<\/b>, vise \u00e0 offrir un meilleur confort aux visiteurs.\u00a0<\/p>\n<p>Une fois ces travaux termin\u00e9s, toutes les piscines st\u00e9phanoises seront de nouveau ouvertes au public.<\/p>\n<p>O\u00f9 se baigner cet \u00e9t\u00e9 \u00e0 Saint-\u00c9tienne ?\u00a0<\/p>\n<p>Comme chaque ann\u00e9e, il n&rsquo;y aura qu&rsquo;une seule piscine ouverte en juillet-ao\u00fbt, \u00e0 Saint-\u00c9tienne.\u00a0<\/p>\n<p>Pour se baigner, rendez-vous \u00e0 la piscine <b>Raymond Sommet<\/b>, pr\u00e8s du Parc des Expositions. <\/p>\n<p>Elle sera ouverte de <b>10h \u00e0 14h, puis de 14h30 \u00e0 20h<\/b>. L&rsquo;\u00e9tablissement peut accueillir jusqu&rsquo;\u00e0 1.200 personnes en m\u00eame temps.\u00a0<\/p>\n<p>Les autres piscines seront ferm\u00e9es pendant l&rsquo;\u00e9t\u00e9, afin d&rsquo;\u00eatre vid\u00e9es et nettoy\u00e9es.\u00a0<\/p>\n<p><img loading=\"lazy\" decoding=\"async\" src=\"https:\/\/www.europesays.com\/fr\/wp-content\/uploads\/2025\/06\/1749535629_899_img\" width=\"350\" height=\"200\" border=\"0\" title=\"Piscine Yves Nayme, Saint-Etienne\/Montplaisir\"\/><\/p>\n<p>\u25baSoci\u00e9t\u00e9<\/p>\n<p style=\"font-size: 22px;\"><b>Saint-\u00c9tienne : la piscine Yves Nayme a rouvert ses portes ce lundi<\/b><\/p>\n<p>Le centre nautique st\u00e9phanois \u00e9tait ferm\u00e9 depuis&#8230;<\/p>\n<p><\/p>\n","protected":false},"excerpt":{"rendered":"Les travaux de r\u00e9novation vont bient\u00f4t s&rsquo;achever \u00e0 la piscine Grouchy de Saint-\u00c9tienne. Apr\u00e8s Raymond Sommet, Yves Naymes&hellip;\n","protected":false},"author":2,"featured_media":164998,"comment_status":"","ping_status":"","sticky":false,"template":"","format":"standard","meta":{"footnotes":""},"categories":[9653],"tags":[1111,11,2430,1777,674,1011,27,29840,12,29841,5922,25,9920,4001,2086],"class_list":{"0":"post-164997","1":"post","2":"type-post","3":"status-publish","4":"format-standard","5":"has-post-thumbnail","7":"category-saint-etienne","8":"tag-actu","9":"tag-actualites","10":"tag-auvergne-rhone-alpes","11":"tag-eu","12":"tag-europe","13":"tag-fr","14":"tag-france","15":"tag-grouchy","16":"tag-news","17":"tag-nouveauts","18":"tag-piscine","19":"tag-republique-francaise","20":"tag-saint-tienne","21":"tag-saint-etienne","22":"tag-travaux"},"share_on_mastodon":{"url":"https:\/\/pubeurope.com\/@fr\/114657574682931992","error":""},"_links":{"self":[{"href":"https:\/\/www.europesays.com\/fr\/wp-json\/wp\/v2\/posts\/164997","targetHints":{"allow":["GET"]}}],"collection":[{"href":"https:\/\/www.europesays.com\/fr\/wp-json\/wp\/v2\/posts"}],"about":[{"href":"https:\/\/www.europesays.com\/fr\/wp-json\/wp\/v2\/types\/post"}],"author":[{"embeddable":true,"href":"https:\/\/www.europesays.com\/fr\/wp-json\/wp\/v2\/users\/2"}],"replies":[{"embeddable":true,"href":"https:\/\/www.europesays.com\/fr\/wp-json\/wp\/v2\/comments?post=164997"}],"version-history":[{"count":0,"href":"https:\/\/www.europesays.com\/fr\/wp-json\/wp\/v2\/posts\/164997\/revisions"}],"wp:featuredmedia":[{"embeddable":true,"href":"https:\/\/www.europesays.com\/fr\/wp-json\/wp\/v2\/media\/164998"}],"wp:attachment":[{"href":"https:\/\/www.europesays.com\/fr\/wp-json\/wp\/v2\/media?parent=164997"}],"wp:term":[{"taxonomy":"category","embeddable":true,"href":"https:\/\/www.europesays.com\/fr\/wp-json\/wp\/v2\/categories?post=164997"},{"taxonomy":"post_tag","embeddable":true,"href":"https:\/\/www.europesays.com\/fr\/wp-json\/wp\/v2\/tags?post=164997"}],"curies":[{"name":"wp","href":"https:\/\/api.w.org\/{rel}","templated":true}]}}