{"id":165000,"date":"2025-06-10T06:09:11","date_gmt":"2025-06-10T06:09:11","guid":{"rendered":"https:\/\/www.europesays.com\/fr\/165000\/"},"modified":"2025-06-10T06:09:11","modified_gmt":"2025-06-10T06:09:11","slug":"la-journee-des-eleveurs-du-grand-est-avec-michel-edouard-leclerc-au-gaec-elmerich","status":"publish","type":"post","link":"https:\/\/www.europesays.com\/fr\/165000\/","title":{"rendered":"la journ\u00e9e des \u00e9leveurs du Grand Est avec Michel Edouard Leclerc au GAEC Elmerich"},"content":{"rendered":"<p>La 3e journ\u00e9e annuelle de rencontre des \u00e9leveurs de l\u2019Association de production animale de l&rsquo;est (Apal) et les repr\u00e9sentants de la grande distribution a pouss\u00e9 le pr\u00e9sident du groupe Leclerc, Michel-\u00c9douard Leclerc, \u00e0 faire le d\u00e9placement au pays de Sarrebourg, dans une ferme d&rsquo;\u00e9levage bovin \u00e0 Rhodes. Ils ont affich\u00e9 un int\u00e9r\u00eat commun \u00e0 promouvoir les productions de proximit\u00e9 aupr\u00e8s des consommateurs.<\/p>\n","protected":false},"excerpt":{"rendered":"La 3e journ\u00e9e annuelle de rencontre des \u00e9leveurs de l\u2019Association de production animale de l&rsquo;est (Apal) et les&hellip;\n","protected":false},"author":2,"featured_media":165001,"comment_status":"","ping_status":"","sticky":false,"template":"","format":"standard","meta":{"footnotes":""},"categories":[9635],"tags":[1111,11,327,130,5327,1777,674,1011,27,5325,2798,775,1702,12,25,29842],"class_list":{"0":"post-165000","1":"post","2":"type-post","3":"status-publish","4":"format-standard","5":"has-post-thumbnail","7":"category-nancy","8":"tag-actu","9":"tag-actualites","10":"tag-agriculture","11":"tag-consommation","12":"tag-edition-sarrebourg-chateau-salins","13":"tag-eu","14":"tag-europe","15":"tag-fr","16":"tag-france","17":"tag-galerie-media","18":"tag-galerie-photo","19":"tag-grand-est","20":"tag-nancy","21":"tag-news","22":"tag-republique-francaise","23":"tag-rhodes"},"share_on_mastodon":{"url":"https:\/\/pubeurope.com\/@fr\/114657582328702027","error":""},"_links":{"self":[{"href":"https:\/\/www.europesays.com\/fr\/wp-json\/wp\/v2\/posts\/165000","targetHints":{"allow":["GET"]}}],"collection":[{"href":"https:\/\/www.europesays.com\/fr\/wp-json\/wp\/v2\/posts"}],"about":[{"href":"https:\/\/www.europesays.com\/fr\/wp-json\/wp\/v2\/types\/post"}],"author":[{"embeddable":true,"href":"https:\/\/www.europesays.com\/fr\/wp-json\/wp\/v2\/users\/2"}],"replies":[{"embeddable":true,"href":"https:\/\/www.europesays.com\/fr\/wp-json\/wp\/v2\/comments?post=165000"}],"version-history":[{"count":0,"href":"https:\/\/www.europesays.com\/fr\/wp-json\/wp\/v2\/posts\/165000\/revisions"}],"wp:featuredmedia":[{"embeddable":true,"href":"https:\/\/www.europesays.com\/fr\/wp-json\/wp\/v2\/media\/165001"}],"wp:attachment":[{"href":"https:\/\/www.europesays.com\/fr\/wp-json\/wp\/v2\/media?parent=165000"}],"wp:term":[{"taxonomy":"category","embeddable":true,"href":"https:\/\/www.europesays.com\/fr\/wp-json\/wp\/v2\/categories?post=165000"},{"taxonomy":"post_tag","embeddable":true,"href":"https:\/\/www.europesays.com\/fr\/wp-json\/wp\/v2\/tags?post=165000"}],"curies":[{"name":"wp","href":"https:\/\/api.w.org\/{rel}","templated":true}]}}