{"id":165004,"date":"2025-06-10T06:11:17","date_gmt":"2025-06-10T06:11:17","guid":{"rendered":"https:\/\/www.europesays.com\/fr\/165004\/"},"modified":"2025-06-10T06:11:17","modified_gmt":"2025-06-10T06:11:17","slug":"le-point-sur-la-meteo-de-ce-mardi-10-juin-dans-les-alpes-maritimes","status":"publish","type":"post","link":"https:\/\/www.europesays.com\/fr\/165004\/","title":{"rendered":"Le point sur la m\u00e9t\u00e9o de ce mardi 10 juin dans les Alpes-Maritimes"},"content":{"rendered":"<p>Si l&rsquo;\u00e9t\u00e9 n&rsquo;est pas encore officiellement lanc\u00e9, il semble approcher \u00e0 grand pas. Une journ\u00e9e tr\u00e8s ensoleill\u00e9e est annonc\u00e9e ce mardi 10 juin sur la C\u00f4te d&rsquo;Azur. D\u00e8s le d\u00e9but de matin\u00e9e, les temp\u00e9ratures seront d\u00e9j\u00e0 \u00e9lev\u00e9es avec 28\u00b0C attendus \u00e0 Grasse et 27\u00b0C \u00e0 Antibes Th\u00e9oule-sur-Mer ou encore Saint-Martin-du-Var.\u00a0<\/p>\n<p>Pas un nuage \u00e0 l&rsquo;horizon ne viendra perturber cette belle journ\u00e9e. Dans l&rsquo;apr\u00e8s-midi, les temp\u00e9ratures continueront d&rsquo;ailleurs d&rsquo;augmenter avec 30\u00b0C annonc\u00e9s du c\u00f4t\u00e9 de Guillaumes ou encore 29\u00b0C du c\u00f4t\u00e9 de Puget-Th\u00e9niers.<\/p>\n<p>Seul un l\u00e9ger vent s&rsquo;installera entre Saint-Martin-du-Var et Puget-Th\u00e9niers, mais les bourrasques ne d\u00e9passeront pas les 40km\/h<\/p>\n","protected":false},"excerpt":{"rendered":"Si l&rsquo;\u00e9t\u00e9 n&rsquo;est pas encore officiellement lanc\u00e9, il semble approcher \u00e0 grand pas. Une journ\u00e9e tr\u00e8s ensoleill\u00e9e est&hellip;\n","protected":false},"author":2,"featured_media":165005,"comment_status":"","ping_status":"","sticky":false,"template":"","format":"standard","meta":{"footnotes":""},"categories":[9619],"tags":[1111,11,1777,674,1011,27,2487,12,882,25,2310],"class_list":{"0":"post-165004","1":"post","2":"type-post","3":"status-publish","4":"format-standard","5":"has-post-thumbnail","7":"category-toulon","8":"tag-actu","9":"tag-actualites","10":"tag-eu","11":"tag-europe","12":"tag-fr","13":"tag-france","14":"tag-meteo","15":"tag-news","16":"tag-provence-alpes-cote-dazur","17":"tag-republique-francaise","18":"tag-toulon"},"share_on_mastodon":{"url":"https:\/\/pubeurope.com\/@fr\/114657590310415147","error":""},"_links":{"self":[{"href":"https:\/\/www.europesays.com\/fr\/wp-json\/wp\/v2\/posts\/165004","targetHints":{"allow":["GET"]}}],"collection":[{"href":"https:\/\/www.europesays.com\/fr\/wp-json\/wp\/v2\/posts"}],"about":[{"href":"https:\/\/www.europesays.com\/fr\/wp-json\/wp\/v2\/types\/post"}],"author":[{"embeddable":true,"href":"https:\/\/www.europesays.com\/fr\/wp-json\/wp\/v2\/users\/2"}],"replies":[{"embeddable":true,"href":"https:\/\/www.europesays.com\/fr\/wp-json\/wp\/v2\/comments?post=165004"}],"version-history":[{"count":0,"href":"https:\/\/www.europesays.com\/fr\/wp-json\/wp\/v2\/posts\/165004\/revisions"}],"wp:featuredmedia":[{"embeddable":true,"href":"https:\/\/www.europesays.com\/fr\/wp-json\/wp\/v2\/media\/165005"}],"wp:attachment":[{"href":"https:\/\/www.europesays.com\/fr\/wp-json\/wp\/v2\/media?parent=165004"}],"wp:term":[{"taxonomy":"category","embeddable":true,"href":"https:\/\/www.europesays.com\/fr\/wp-json\/wp\/v2\/categories?post=165004"},{"taxonomy":"post_tag","embeddable":true,"href":"https:\/\/www.europesays.com\/fr\/wp-json\/wp\/v2\/tags?post=165004"}],"curies":[{"name":"wp","href":"https:\/\/api.w.org\/{rel}","templated":true}]}}