{"id":165012,"date":"2025-06-10T06:15:13","date_gmt":"2025-06-10T06:15:13","guid":{"rendered":"https:\/\/www.europesays.com\/fr\/165012\/"},"modified":"2025-06-10T06:15:13","modified_gmt":"2025-06-10T06:15:13","slug":"pres-du-neubourg-150-agriculteurs-reunis-pour-decouvrir-lagriculture-de-demain","status":"publish","type":"post","link":"https:\/\/www.europesays.com\/fr\/165012\/","title":{"rendered":"Pr\u00e8s du Neubourg, 150 agriculteurs r\u00e9unis pour d\u00e9couvrir l&rsquo;agriculture de demain"},"content":{"rendered":"<p>            Par<br \/>\n        <strong><br \/>\n            <a href=\"https:\/\/actu.fr\/auteur\/simon-lenormand02-actu-fr\" title=\"Consulter tous les articles de Simon Lenormand\" target=\"_blank\" rel=\"noopener\">Simon Lenormand<\/a><br \/>\n        <\/strong><\/p>\n<p>        Publi\u00e9 le<\/p>\n<p>            10 juin 2025 \u00e0 7h25        <\/p>\n<p>Une journ\u00e9e pour d\u00e9couvrir les derni\u00e8res <b>innovations<\/b>. Environ 150 agriculteurs \u00e9taient \u00e0 <a href=\"https:\/\/actu.fr\/normandie\/canappeville_27127\" target=\"_blank\" rel=\"noopener\">Canappeville <\/a>(Eure), <b>mercredi 4\u00a0juin 2025<\/b>, pour assister aux <b>Rencontres Agro<\/b>s, organis\u00e9es par la coop\u00e9rative NatUp.<\/p>\n<p class=\" wall-content\">Avec <b>4\u2009000<\/b>\u00a0adh\u00e9rents, principalement install\u00e9s en Normandie, celle-ci est un poids lourd dans l\u2019\u00e9conomie agricole. \u00ab\u2009C\u2019est un rendez-vous annuel tr\u00e8s attendu des agriculteurs, qui ont besoin de voir de nouvelles choses pour se faire un avis\u2009\u00bb, explique <b>Fabrice Arcade<\/b>, le responsable r\u00e9gional de la coop\u00e9rative pour le sud de l\u2019Eure. \u00ab\u2009Le but, c\u2019est qu\u2019ils soient plus <b>efficaces <\/b>dans leurs pratiques et puissent am\u00e9liorer leur rentabilit\u00e9. Aujourd\u2019hui, on met aussi beaucoup l\u2019accent sur <b>l\u2019agro\u00e9cologie\u2009<\/b>\u00bb, ajoute-t-il.<\/p>\n<p class=\" wall-content\">La visite organis\u00e9e pour les professionnels comprenait un passage de 30\u00a0minutes \u00e0 chacun des <b>quatre ateliers<\/b> mis en place\u2009: vari\u00e9t\u00e9s g\u00e9n\u00e9tiques, d\u00e9sherbage, culture du lin et services.\u00a0Gestion de la fertilisation, de la charge administrative, optimisation de la vente de c\u00e9r\u00e9ales\u2026 NatUp propose en effet une multitude de <b>services <\/b>\u00e0 ses adh\u00e9rents. \u00ab\u2009On n\u2019est pas qu\u2019une coop\u00e9rative de vente de <b>produits phytosanitaires<\/b> et d\u2019achats de c\u00e9r\u00e9ales, ce n\u2019est que la base\u2009\u00bb, pr\u00e9cise Fabrice Arcade.<\/p>\n<p>\u00ab\u2009Il va falloir revoir vos strat\u00e9gies\u2009\u00bb<\/p>\n<p class=\" wall-content\">\u00ab\u2009Avec la fin du <b>Fluf\u00e9nacet <\/b>en 2026 [un herbicide racinaire bient\u00f4t interdit], il va falloir revoir vos strat\u00e9gies. Il est hyper important de conna\u00eetre la flore sur sa parcelle\u2009\u00bb, avertit <b>Fran\u00e7ois-Xavier Renault<\/b>, animateur de la coop\u00e9rative, devant un groupe d\u2019une vingtaine de spectateurs. \u00ab\u2009On est l\u00e0 pour remettre l\u2019agronomie au c\u0153ur des pratiques.\u2009\u00bb<\/p>\n<p>Vid\u00e9os : en ce moment sur Actu<\/p>\n<p class=\" wall-content\">Derri\u00e8re lui, des parcelles t\u00e9moins ont \u00e9t\u00e9 mises \u00e0 disposition par l\u2019<b>Association des amis des campagnes de France<\/b>, qui g\u00e8re le CFA de Canappeville. Elles ont \u00e9t\u00e9 trait\u00e9es avec diff\u00e9rentes techniques, avant ou apr\u00e8s les semis, eux-m\u00eames effectu\u00e9s \u00e0 diff\u00e9rentes dates. La pr\u00e9sentation donne lieu \u00e0 des \u00e9changes de haut vol entre les techniciens de la coop\u00e9rative et les professionnels.<\/p>\n<p>    <img   decoding=\"async\" loading=\"lazy\" class=\"size-large\" src=\"https:\/\/www.europesays.com\/fr\/wp-content\/uploads\/2025\/06\/3111fceaf2486a511fceaf2486911fv-960x640.jpg\" alt=\"Canappeville - NatUp\" width=\"960\" height=\"640\"\/><br \/>\n    Les techniciens de la coop\u00e9rative NatUp \u00e9taient l\u00e0 pour pr\u00e9senter les nouveaux produits et techniques. \u00a9SL\/Le Courrier de l\u2019EureL\u2019arriv\u00e9e d\u2019un nouveau produit<\/p>\n<p class=\" wall-content\">\u00ab\u2009C\u2019est dense\u2009! C\u2019est pas donn\u00e9 \u00e0 tout le monde, faut avoir quelques bases\u2009\u00bb, conc\u00e8de <b>Cl\u00e9o Alleaume<\/b>, \u00e9tudiante en BTS production animale au lyc\u00e9e Gilbert-Martin du Neubourg. Elle est venue avec sa classe. \u00ab\u2009<b>C\u2019est pointu.<\/b> \u00c7a nous permet de voir les nouveaux produits, les nouvelles vari\u00e9t\u00e9s, les nouveaux syst\u00e8mes, etc\u2009\u00bb, salue son camarade de classe <b>Jonathan Samson.<\/b><\/p>\n<p class=\" wall-content\">La pr\u00e9sentation d\u2019un nouvel herbicide propos\u00e9 par la coop\u00e9rative, le <b>Luximo<\/b>, fait mouche dans l\u2019assistance. \u00ab\u2009C\u2019est un produit qui est autoris\u00e9 depuis deux ans en Angleterre mais pas homologu\u00e9 chez nous. C\u2019est <b>illogique<\/b>. Il faudrait que tout le monde soit log\u00e9 \u00e0 la m\u00eame enseigne\u2009\u00bb, confie en apart\u00e9 un agriculteur du plateau du Neubourg.<\/p>\n<p>    <img   decoding=\"async\" loading=\"lazy\" class=\"size-large\" src=\"https:\/\/www.europesays.com\/fr\/wp-content\/uploads\/2025\/06\/d5684ceaf2486c9684ceaf2488d684v-960x640.jpg\" alt=\"Canappeville - NatUp\" width=\"960\" height=\"640\"\/><br \/>\n    Le test du \u00ab\u2009slip enterr\u00e9\u2009\u00bb permet d\u2019illustrer l\u2019efficacit\u00e9 du couvert v\u00e9g\u00e9tal sur l\u2019activit\u00e9 biologie que des sols. S\u2019il se d\u00e9grade vite, c\u2019est que le sol est en bonne sant\u00e9. \u00a9SL\/Le Courrier de l\u2019EureUne diversification tous azimuts<\/p>\n<p class=\" wall-content\">Agriculteur \u00e0 Bernienville, <b>Didier Hervieu<\/b> est administrateur de la coop\u00e9rative depuis une trentaine d\u2019ann\u00e9es. \u00ab\u2009Tous les adh\u00e9rents sont actionnaires et d\u00e9signent une vingtaine de personnes, comme moi, qui valident l\u2019orientation de l\u2019entreprise\u2009\u00bb, indique-t-il. Une gouvernance collective qui accompagne une strat\u00e9gie de <b>diversification <\/b>engag\u00e9e depuis plus de dix ans. \u00ab\u2009On a estim\u00e9 que la monoactivit\u00e9 \u00e9tait une <b>vuln\u00e9rabilit\u00e9<\/b>. Si l\u2019ann\u00e9e est tr\u00e8s mauvaise en bl\u00e9, par exemple, on a d\u2019autres revenus\u2009\u00bb, explique-t-il.<\/p>\n<p data-end=\"538\" class=\" wall-content\">Aujourd\u2019hui, NatUp s\u2019est impos\u00e9e comme un mastodonte de l\u2019agriculture normande\u2009: 1\u2009850 salari\u00e9s, <b>1,5\u00a0milliard d\u2019euros de chiffre d\u2019affaires<\/b>, 250\u00a0millions d\u2019euros de capitaux propres. Son si\u00e8ge est bas\u00e9 \u00e0 Mont-Saint-Aignan, en banlieue de Rouen (Seine-Maritime).<\/p>\n<p>\u00ab\u2009C\u2019est du lourd\u2009\u00bb<\/p>\n<p data-end=\"538\" class=\" wall-content\">Outre ses 140 points de collecte de c\u00e9r\u00e9ales, la coop\u00e9rative contr\u00f4le une <b>galaxie d\u2019activit\u00e9s\u2009<\/b>: les magasins Gamm Vert, les boucheries Les \u00c9leveurs de la Charentonne, le fabricant de plats cuisin\u00e9s Lunor, la filature de lin French Filature pr\u00e8s de Bernay, ou encore l\u2019usine textile Lemaitre Demeestere, dans le Nord.<\/p>\n<p data-end=\"1683\" class=\" wall-content\">Une strat\u00e9gie payante\u2009:<b> 50\u2009%<\/b> de l\u2019exc\u00e9dent brut d\u2019exploitation (EBE) de NatUp provient d\u00e9sormais d\u2019activit\u00e9s non li\u00e9es \u00e0 la collecte de c\u00e9r\u00e9ales. \u00ab\u2009C\u2019est du lourd. Et tout \u00e7a, \u00e7a appartient aux paysans\u2009!\u2009\u00bb<\/p>\n<p>    <img   decoding=\"async\" loading=\"lazy\" class=\"size-large\" src=\"https:\/\/www.europesays.com\/fr\/wp-content\/uploads\/2025\/06\/fc0e5deaf2486b60f5deaf248fa0f5v-960x640.jpg\" alt=\"Canappeville - NatUp\" width=\"960\" height=\"640\"\/><br \/>\n    Didier Hervieu est administrateur de NatUp. \u00a9SL\/Le Courrier de l\u2019Eure<\/p>\n<p class=\" wall-content\">Suivez toute l\u2019actualit\u00e9 de vos villes et m\u00e9dias favoris en vous inscrivant \u00e0 <a href=\"https:\/\/moncompte.actu.fr\" title=\"D\u00e9couvez Mon Actu\" rel=\"nofollow noopener\" data-trk=\"{&quot;cta&quot;:{&quot;action&quot;:&quot;https:\\\/\\\/moncompte.actu.fr&quot;,&quot;category&quot;:&quot;mon compte&quot;,&quot;from&quot;:&quot;article footer&quot;,&quot;name&quot;:&quot;Mon actu&quot;,&quot;type&quot;:&quot;cta&quot;}}\" target=\"_blank\">Mon Actu<\/a>.<\/p>\n<ul class=\"ac-article-tag wall-content\">\n<li><a href=\"https:\/\/actu.fr\/tag\/agriculture\" data-trk=\"{&quot;cta&quot;:{&quot;action&quot;:&quot;Agriculture&quot;,&quot;category&quot;:&quot;tag&quot;,&quot;from&quot;:&quot;article footer&quot;,&quot;name&quot;:&quot;Agriculture&quot;,&quot;type&quot;:&quot;cta&quot;}}\" target=\"_blank\" rel=\"noopener\">#Agriculture<\/a><\/li>\n<li><a href=\"https:\/\/actu.fr\/tag\/plateau-du-neubourg\" data-trk=\"{&quot;cta&quot;:{&quot;action&quot;:&quot;Plateau du Neubourg&quot;,&quot;category&quot;:&quot;tag&quot;,&quot;from&quot;:&quot;article footer&quot;,&quot;name&quot;:&quot;Plateau du Neubourg&quot;,&quot;type&quot;:&quot;cta&quot;}}\" target=\"_blank\" rel=\"noopener\">#Plateau du Neubourg<\/a><\/li>\n<\/ul>\n","protected":false},"excerpt":{"rendered":"Par Simon Lenormand Publi\u00e9 le 10 juin 2025 \u00e0 7h25 Une journ\u00e9e pour d\u00e9couvrir les derni\u00e8res innovations. Environ&hellip;\n","protected":false},"author":2,"featured_media":165013,"comment_status":"","ping_status":"","sticky":false,"template":"","format":"standard","meta":{"footnotes":""},"categories":[9587],"tags":[1111,11,327,1777,674,1011,27,12,5161,13487,25,9590,104],"class_list":{"0":"post-165012","1":"post","2":"type-post","3":"status-publish","4":"format-standard","5":"has-post-thumbnail","7":"category-rouen","8":"tag-actu","9":"tag-actualites","10":"tag-agriculture","11":"tag-eu","12":"tag-europe","13":"tag-fr","14":"tag-france","15":"tag-news","16":"tag-normandie","17":"tag-plateau-du-neubourg","18":"tag-republique-francaise","19":"tag-rouen","20":"tag-societe"},"share_on_mastodon":{"url":"https:\/\/pubeurope.com\/@fr\/114657606124365321","error":""},"_links":{"self":[{"href":"https:\/\/www.europesays.com\/fr\/wp-json\/wp\/v2\/posts\/165012","targetHints":{"allow":["GET"]}}],"collection":[{"href":"https:\/\/www.europesays.com\/fr\/wp-json\/wp\/v2\/posts"}],"about":[{"href":"https:\/\/www.europesays.com\/fr\/wp-json\/wp\/v2\/types\/post"}],"author":[{"embeddable":true,"href":"https:\/\/www.europesays.com\/fr\/wp-json\/wp\/v2\/users\/2"}],"replies":[{"embeddable":true,"href":"https:\/\/www.europesays.com\/fr\/wp-json\/wp\/v2\/comments?post=165012"}],"version-history":[{"count":0,"href":"https:\/\/www.europesays.com\/fr\/wp-json\/wp\/v2\/posts\/165012\/revisions"}],"wp:featuredmedia":[{"embeddable":true,"href":"https:\/\/www.europesays.com\/fr\/wp-json\/wp\/v2\/media\/165013"}],"wp:attachment":[{"href":"https:\/\/www.europesays.com\/fr\/wp-json\/wp\/v2\/media?parent=165012"}],"wp:term":[{"taxonomy":"category","embeddable":true,"href":"https:\/\/www.europesays.com\/fr\/wp-json\/wp\/v2\/categories?post=165012"},{"taxonomy":"post_tag","embeddable":true,"href":"https:\/\/www.europesays.com\/fr\/wp-json\/wp\/v2\/tags?post=165012"}],"curies":[{"name":"wp","href":"https:\/\/api.w.org\/{rel}","templated":true}]}}