{"id":165022,"date":"2025-06-10T06:20:13","date_gmt":"2025-06-10T06:20:13","guid":{"rendered":"https:\/\/www.europesays.com\/fr\/165022\/"},"modified":"2025-06-10T06:20:13","modified_gmt":"2025-06-10T06:20:13","slug":"au-coeur-de-ce-quartier-prioritaire-de-rennes-47-nouveaux-logements-sont-en-construction-le-projet-en-images","status":"publish","type":"post","link":"https:\/\/www.europesays.com\/fr\/165022\/","title":{"rendered":"Au c\u0153ur de ce quartier prioritaire de Rennes, 47 nouveaux logements sont en construction : le projet en images"},"content":{"rendered":"<p>            Par<br \/>\n        <strong><br \/>\n            <a href=\"https:\/\/actu.fr\/auteur\/brian-legoff\" title=\"Consulter tous les articles de Brian Le Goff\" target=\"_blank\" rel=\"noopener\">Brian Le Goff<\/a><br \/>\n        <\/strong><\/p>\n<p>        Publi\u00e9 le<\/p>\n<p>            10 juin 2025 \u00e0 8h12        <\/p>\n<p>Le quartier Cleunay \u00e0 <a href=\"https:\/\/actu.fr\/rennes\/\" target=\"_blank\" rel=\"noopener\">Rennes<\/a> va se doter de 47 logements suppl\u00e9mentaires avec une nouvelle r\u00e9sidence nomm\u00e9e Urbem. C\u2019est le <strong>bailleur social N\u00e9otoa<\/strong> qui en est \u00e0 l\u2019origine. Le futur b\u00e2timent, dont la construction a d\u00e9but\u00e9 depuis quelques semaines, vient achever la refonte du centre du quartier.<\/p>\n<blockquote class=\"ac-article-quote wall-content\">\n<p>La r\u00e9sidence URBEM s\u2019inscrit dans une d\u00e9marche globale de transformation urbaine pilot\u00e9e par N\u00e9otoa, en concertation avec la Ville de Rennes. Le projet a n\u00e9cessit\u00e9 la d\u00e9construction d\u2019un ancien immeuble pour permettre l\u2019\u00e9mergence d\u2019un nouvel espace respectueux de l\u2019histoire et de l\u2019identit\u00e9 du quartier.<\/p>\n<p>    <strong\/>\n            <\/p><\/blockquote>\n<p class=\" wall-content\">En effet, le projet se construit<strong> \u00e0 l\u2019angle des rues Jules Lallemand et Ferdinand de Lesseps,<\/strong> l\u00e0 o\u00f9 se trouvait pr\u00e9c\u00e9demment un petit centre commercial. Il b\u00e9n\u00e9ficie d\u2019un acc\u00e8s direct aux transport en commun et, en particulier, \u00e0 <strong>la ligne B du m\u00e9tro, dont la station<\/strong> est situ\u00e9e \u00e0 quelques <strong>dizaines de m\u00e8tres.<\/strong><\/p>\n<p>    <img   decoding=\"async\" loading=\"lazy\" src=\"https:\/\/www.europesays.com\/fr\/wp-content\/uploads\/2025\/06\/residence-urbem-quartier-cleunay-rennes-1-960x640.jpg\" alt=\"Perspective du futur projet depuis le centre du quartier.\" width=\"960\" height=\"640\"\/><br \/>\n    Perspective du futur projet depuis le centre du quartier. (\u00a9 N\u00e9otoa)\u00ab\u00a0Un parcours r\u00e9sidentiel \u00e0 un prix attractif\u00a0\u00bb<\/p>\n<p class=\" wall-content\">Il comptera \u00e0 la fois des logements : <strong>12 en <\/strong><a href=\"https:\/\/www.neotoa.fr\/les-etapes-de-laccession-libre-et-maitrisee\/\" target=\"_blank\" rel=\"noopener\">accession ma\u00eetris\u00e9e<\/a> (du T2 au T4) et <strong>35 en accession coop\u00e9rative<\/strong> (du T1 bis au T4), \u00ab\u00a0afin de proposer un parcours r\u00e9sidentiel \u00e0 un prix attractif\u00a0\u00bb.<\/p>\n<p>Vid\u00e9os : en ce moment sur Actu<\/p>\n<p class=\" wall-content\">Ces logements, qui seront dot\u00e9s de <strong>loggias<\/strong> (\u00e0 partir du T2) dont certains avec cellier, \u00ab\u00a0offriront un confort rare en zone urbaine dense\u00a0\u00bb. <strong>Chaque logement b\u00e9n\u00e9ficiera d\u2019une place de stationnement en sous-sol<\/strong> ; ce dernier \u00e9tant r\u00e9parti sur deux niveaux, \u00ab\u00a0preuve d\u2019un projet ambitieux sur le plan technique\u00a0\u00bb.<\/p>\n<p>Des commerces et des bureaux<\/p>\n<p class=\" wall-content\">Le projet accueillera aussi des<strong> espaces pour des services. 5 commerces<\/strong> sont pr\u00e9vus en rez-de-chauss\u00e9e de l\u2019immeuble tandis que des<strong> cabinets m\u00e9dicaux<\/strong> (dentaire, psychiatrie, neurochirurgie) prendront place <strong>au premier \u00e9tage<\/strong> d\u2019une r\u00e9sidence qui compte sept \u00e9tage.<\/p>\n<p>    <img   decoding=\"async\" loading=\"lazy\" src=\"https:\/\/www.europesays.com\/fr\/wp-content\/uploads\/2025\/06\/residence-urbem-quartier-cleunay-rennes-2-960x640.jpg\" alt=\"Chaque logement aura une place de parkign en sous-sol.\" width=\"960\" height=\"640\"\/><br \/>\n    Chaque logement aura une place de parking en sous-sol. (\u00a9 N\u00e9otoa)<\/p>\n<p class=\" wall-content\"><strong>Con\u00e7u par l\u2019Atelier L2<\/strong>, la r\u00e9sidence Urbem \u00ab\u00a0incarne une \u00e9criture architecturale sobre, \u00e9l\u00e9gante et durable. On y retrouvera des \u00e9l\u00e9ments distinctifs du style du quartier Cleunay et permettant de s\u2019inscrire en continuit\u00e9 des constructions existantes, comme les pignons dits ouverts\u00a0\u00bb. La fa\u00e7ade int\u00e8grera des <strong>moucharabiehs en briques ajour\u00e9es<\/strong>, \u00ab\u00a0apportant une touche graphique contemporaine tout en faisant \u00e9cho \u00e0 la r\u00e9sidence Emblem, en face\u00a0\u00bb.\u00a0<\/p>\n<p class=\" wall-content\">Les prix de vente vont <strong>de 180 000 euros<\/strong> (pour un studio ou T2 d\u2019environ 40 m\u00b2) <strong>\u00e0 374 000 euros<\/strong> (pour un T4 de 81 m\u00b2 avec terrasse au 5\u1d49 \u00e9tage.<\/p>\n<p class=\" wall-content\">Suivez toute l\u2019actualit\u00e9 de vos villes et m\u00e9dias favoris en vous inscrivant \u00e0 <a href=\"https:\/\/moncompte.actu.fr\" title=\"D\u00e9couvez Mon Actu\" rel=\"nofollow noopener\" data-trk=\"{&quot;cta&quot;:{&quot;action&quot;:&quot;https:\\\/\\\/moncompte.actu.fr&quot;,&quot;category&quot;:&quot;mon compte&quot;,&quot;from&quot;:&quot;article footer&quot;,&quot;name&quot;:&quot;Mon actu&quot;,&quot;type&quot;:&quot;cta&quot;}}\" target=\"_blank\">Mon Actu<\/a>.<\/p>\n<ul class=\"ac-article-tag wall-content\">\n<li><a href=\"https:\/\/actu.fr\/tag\/logement\" data-trk=\"{&quot;cta&quot;:{&quot;action&quot;:&quot;Logement&quot;,&quot;category&quot;:&quot;tag&quot;,&quot;from&quot;:&quot;article footer&quot;,&quot;name&quot;:&quot;Logement&quot;,&quot;type&quot;:&quot;cta&quot;}}\" target=\"_blank\" rel=\"noopener\">#Logement<\/a><\/li>\n<li><a href=\"https:\/\/actu.fr\/tag\/logements-sociaux\" data-trk=\"{&quot;cta&quot;:{&quot;action&quot;:&quot;Logements sociaux&quot;,&quot;category&quot;:&quot;tag&quot;,&quot;from&quot;:&quot;article footer&quot;,&quot;name&quot;:&quot;Logements sociaux&quot;,&quot;type&quot;:&quot;cta&quot;}}\" target=\"_blank\" rel=\"noopener\">#Logements sociaux<\/a><\/li>\n<\/ul>\n","protected":false},"excerpt":{"rendered":"Par Brian Le Goff Publi\u00e9 le 10 juin 2025 \u00e0 8h12 Le quartier Cleunay \u00e0 Rennes va se&hellip;\n","protected":false},"author":2,"featured_media":165023,"comment_status":"","ping_status":"","sticky":false,"template":"","format":"standard","meta":{"footnotes":""},"categories":[2821],"tags":[1111,11,829,33,1777,674,1011,27,1908,6459,12,584,25],"class_list":{"0":"post-165022","1":"post","2":"type-post","3":"status-publish","4":"format-standard","5":"has-post-thumbnail","7":"category-rennes","8":"tag-actu","9":"tag-actualites","10":"tag-bretagne","11":"tag-economie","12":"tag-eu","13":"tag-europe","14":"tag-fr","15":"tag-france","16":"tag-logement","17":"tag-logements-sociaux","18":"tag-news","19":"tag-rennes","20":"tag-republique-francaise"},"share_on_mastodon":{"url":"https:\/\/pubeurope.com\/@fr\/114657625639068739","error":""},"_links":{"self":[{"href":"https:\/\/www.europesays.com\/fr\/wp-json\/wp\/v2\/posts\/165022","targetHints":{"allow":["GET"]}}],"collection":[{"href":"https:\/\/www.europesays.com\/fr\/wp-json\/wp\/v2\/posts"}],"about":[{"href":"https:\/\/www.europesays.com\/fr\/wp-json\/wp\/v2\/types\/post"}],"author":[{"embeddable":true,"href":"https:\/\/www.europesays.com\/fr\/wp-json\/wp\/v2\/users\/2"}],"replies":[{"embeddable":true,"href":"https:\/\/www.europesays.com\/fr\/wp-json\/wp\/v2\/comments?post=165022"}],"version-history":[{"count":0,"href":"https:\/\/www.europesays.com\/fr\/wp-json\/wp\/v2\/posts\/165022\/revisions"}],"wp:featuredmedia":[{"embeddable":true,"href":"https:\/\/www.europesays.com\/fr\/wp-json\/wp\/v2\/media\/165023"}],"wp:attachment":[{"href":"https:\/\/www.europesays.com\/fr\/wp-json\/wp\/v2\/media?parent=165022"}],"wp:term":[{"taxonomy":"category","embeddable":true,"href":"https:\/\/www.europesays.com\/fr\/wp-json\/wp\/v2\/categories?post=165022"},{"taxonomy":"post_tag","embeddable":true,"href":"https:\/\/www.europesays.com\/fr\/wp-json\/wp\/v2\/tags?post=165022"}],"curies":[{"name":"wp","href":"https:\/\/api.w.org\/{rel}","templated":true}]}}