{"id":165024,"date":"2025-06-10T06:21:12","date_gmt":"2025-06-10T06:21:12","guid":{"rendered":"https:\/\/www.europesays.com\/fr\/165024\/"},"modified":"2025-06-10T06:21:12","modified_gmt":"2025-06-10T06:21:12","slug":"alsace-a-strasbourg-des-artisans-au-coeur-du-projet-de-transformation-des-afpa","status":"publish","type":"post","link":"https:\/\/www.europesays.com\/fr\/165024\/","title":{"rendered":"Alsace. \u00c0 Strasbourg, des artisans au c\u0153ur du projet de transformation des Afpa"},"content":{"rendered":"<p>C\u2019est \u201cla\u201d sp\u00e9cificit\u00e9 de l\u2019Afpa Strasbourg : des artisans ont pos\u00e9 leurs valises dans un local de la rue des Corps-de-Garde. C\u00e9line Dupret (c\u00e9ramiste), Florian Chevaux (coutelier), Ma\u00e9va Briwa (maroquini\u00e8re), Colette Cuciz (c\u00e9ramiste) et Olivier Burtin (\u00e9beniste) ont install\u00e9 leurs ateliers dans un ancien s\u00e9choir \u00e0 bois.<\/p>\n<p>\u00ab L\u00e0, on a tout \u00bb<\/p>\n<p>\u00ab Je suis tr\u00e8s contente d\u2019\u00eatre ici \u00bb, souligne Ma\u00e9va Briwa, 33 ans, ancienne juriste. D\u00e9sormais, elle travaille le cuir, cr\u00e9ant sacs, porte-monnaie et autres petits objets\ufeff, apr\u00e8s avoir effectu\u00e9 une reconversion professionnelle. \u00ab On ne trouvait pas de local avant d\u2019arriver ici, souligne-t-elle. Et j\u2019appr\u00e9cie beaucoup l\u2019endroit. On a de la verdure, de l\u2019espace. On partage vraiment la vie du village et on essaie de rendre \u00e0 l\u2019Afpa ce qu\u2019elle nous&#8230;<\/p>\n","protected":false},"excerpt":{"rendered":"C\u2019est \u201cla\u201d sp\u00e9cificit\u00e9 de l\u2019Afpa Strasbourg : des artisans ont pos\u00e9 leurs valises dans un local de la&hellip;\n","protected":false},"author":2,"featured_media":165025,"comment_status":"","ping_status":"","sticky":false,"template":"","format":"standard","meta":{"footnotes":""},"categories":[2820],"tags":[1111,11,2389,1477,2649,4749,214,4406,33,2880,341,1777,674,107,1011,27,775,12,25,801,104,640,2879,1631],"class_list":{"0":"post-165024","1":"post","2":"type-post","3":"status-publish","4":"format-standard","5":"has-post-thumbnail","7":"category-strasbourg","8":"tag-actu","9":"tag-actualites","10":"tag-alsace","11":"tag-artisanat","12":"tag-bas-rhin","13":"tag-btp-et-chantiers","14":"tag-chomage","15":"tag-commerce-et-services","16":"tag-economie","17":"tag-edition-strasbourg","18":"tag-emploi","19":"tag-eu","20":"tag-europe","21":"tag-fil-info","22":"tag-fr","23":"tag-france","24":"tag-grand-est","25":"tag-news","26":"tag-republique-francaise","27":"tag-social","28":"tag-societe","29":"tag-strasbourg","30":"tag-strasbourg-ville","31":"tag-vie-associative"},"share_on_mastodon":{"url":"https:\/\/pubeurope.com\/@fr\/114657629522834466","error":""},"_links":{"self":[{"href":"https:\/\/www.europesays.com\/fr\/wp-json\/wp\/v2\/posts\/165024","targetHints":{"allow":["GET"]}}],"collection":[{"href":"https:\/\/www.europesays.com\/fr\/wp-json\/wp\/v2\/posts"}],"about":[{"href":"https:\/\/www.europesays.com\/fr\/wp-json\/wp\/v2\/types\/post"}],"author":[{"embeddable":true,"href":"https:\/\/www.europesays.com\/fr\/wp-json\/wp\/v2\/users\/2"}],"replies":[{"embeddable":true,"href":"https:\/\/www.europesays.com\/fr\/wp-json\/wp\/v2\/comments?post=165024"}],"version-history":[{"count":0,"href":"https:\/\/www.europesays.com\/fr\/wp-json\/wp\/v2\/posts\/165024\/revisions"}],"wp:featuredmedia":[{"embeddable":true,"href":"https:\/\/www.europesays.com\/fr\/wp-json\/wp\/v2\/media\/165025"}],"wp:attachment":[{"href":"https:\/\/www.europesays.com\/fr\/wp-json\/wp\/v2\/media?parent=165024"}],"wp:term":[{"taxonomy":"category","embeddable":true,"href":"https:\/\/www.europesays.com\/fr\/wp-json\/wp\/v2\/categories?post=165024"},{"taxonomy":"post_tag","embeddable":true,"href":"https:\/\/www.europesays.com\/fr\/wp-json\/wp\/v2\/tags?post=165024"}],"curies":[{"name":"wp","href":"https:\/\/api.w.org\/{rel}","templated":true}]}}