{"id":165028,"date":"2025-06-10T06:23:09","date_gmt":"2025-06-10T06:23:09","guid":{"rendered":"https:\/\/www.europesays.com\/fr\/165028\/"},"modified":"2025-06-10T06:23:09","modified_gmt":"2025-06-10T06:23:09","slug":"nice-matarasso-presente-thevenin-paris-cote-dazur","status":"publish","type":"post","link":"https:\/\/www.europesays.com\/fr\/165028\/","title":{"rendered":"Nice. Matarasso pr\u00e9sente Thevenin\u2026 &#8211; Paris C\u00f4te d&rsquo;Azur"},"content":{"rendered":"<p><img decoding=\"async\" src=\"https:\/\/www.europesays.com\/fr\/wp-content\/uploads\/2025\/06\/acier-2.jpg\" title=\"\" alt=\"\"\/><\/p>\n<p style=\"text-align: center;\">\u00ab\u00a0L&rsquo;immobilit\u00e9 est un leurre. Nous sommes travers\u00e9s par le mouvement et le temps\u00a0\u00bb.<\/p>\n<p>Dominique Th\u00e9venin l&rsquo;\u00e9quilibriste, comme le d\u00e9finit Sophie Braganti dans sa pr\u00e9face, a r\u00e9alis\u00e9 nombres de sculptures en mouvement, compos\u00e9es d&rsquo;objets de r\u00e9cup\u00e9ration\u00a0: tubes, pieux, cylindres en acier, inox, bois qui tiennent selon une g\u00e9om\u00e9trie berc\u00e9e dans l&rsquo;impr\u00e9visible. Son travail de peinture au bitume de Jud\u00e9e traduit \u00e9galement le jeu avec l&rsquo;al\u00e9atoire, le geste, la rapidit\u00e9 d&rsquo;ex\u00e9cution qui n&rsquo;autorise aucun repentir. Une importante s\u00e9rie de peintures qu&rsquo;il r\u00e9alise sur papiers de formats diff\u00e9rents lui permet de ma\u00eetriser ce fluide \u00e9pais, gras et tr\u00e8s couvrant et l&rsquo;espace de la surface en utilisant une grande vari\u00e9t\u00e9 d&rsquo;outils et de techniques: pinceaux, brosses, dripping\u2026 Les adh\u00e9sifs br\u00fbl\u00e9s, le bitume de Jud\u00e9e sont des mat\u00e9riaux de r\u00e9cup\u00e9ration\u00a0: un univers singulier et po\u00e9tique appara\u00eet face \u00e0 l&rsquo;inexorable expansion d&rsquo;un continent fant\u00f4me d\u00e9rivant au gr\u00e9 des courants dans les mers et les oc\u00e9ans de notre plan\u00e8te.<\/p>\n<p><img decoding=\"async\" src=\"https:\/\/www.europesays.com\/fr\/wp-content\/uploads\/2025\/06\/acier-3.jpg\" title=\"\" alt=\"\"\/><\/p>\n<p><b>Librairie-Galerie Matarasso<\/b><\/p>\n<p>46 boulevard Risso 06300 Nice<\/p>\n<p>Vernissage jeudi 19 juin, de 16 \u00e0 20 heures<\/p>\n<p>Exposition du 19 juin au 5 juillet 2025<\/p>\n","protected":false},"excerpt":{"rendered":"\u00ab\u00a0L&rsquo;immobilit\u00e9 est un leurre. Nous sommes travers\u00e9s par le mouvement et le temps\u00a0\u00bb. Dominique Th\u00e9venin l&rsquo;\u00e9quilibriste, comme le&hellip;\n","protected":false},"author":2,"featured_media":165029,"comment_status":"","ping_status":"","sticky":false,"template":"","format":"standard","meta":{"footnotes":""},"categories":[2819],"tags":[1111,47,11,1777,674,1011,27,1110,1031,12,2401,882,25],"class_list":{"0":"post-165028","1":"post","2":"type-post","3":"status-publish","4":"format-standard","5":"has-post-thumbnail","7":"category-nice","8":"tag-actu","9":"tag-actualite","10":"tag-actualites","11":"tag-eu","12":"tag-europe","13":"tag-fr","14":"tag-france","15":"tag-informations","16":"tag-magazine","17":"tag-news","18":"tag-nice","19":"tag-provence-alpes-cote-dazur","20":"tag-republique-francaise"},"share_on_mastodon":{"url":"https:\/\/pubeurope.com\/@fr\/114657637491291731","error":""},"_links":{"self":[{"href":"https:\/\/www.europesays.com\/fr\/wp-json\/wp\/v2\/posts\/165028","targetHints":{"allow":["GET"]}}],"collection":[{"href":"https:\/\/www.europesays.com\/fr\/wp-json\/wp\/v2\/posts"}],"about":[{"href":"https:\/\/www.europesays.com\/fr\/wp-json\/wp\/v2\/types\/post"}],"author":[{"embeddable":true,"href":"https:\/\/www.europesays.com\/fr\/wp-json\/wp\/v2\/users\/2"}],"replies":[{"embeddable":true,"href":"https:\/\/www.europesays.com\/fr\/wp-json\/wp\/v2\/comments?post=165028"}],"version-history":[{"count":0,"href":"https:\/\/www.europesays.com\/fr\/wp-json\/wp\/v2\/posts\/165028\/revisions"}],"wp:featuredmedia":[{"embeddable":true,"href":"https:\/\/www.europesays.com\/fr\/wp-json\/wp\/v2\/media\/165029"}],"wp:attachment":[{"href":"https:\/\/www.europesays.com\/fr\/wp-json\/wp\/v2\/media?parent=165028"}],"wp:term":[{"taxonomy":"category","embeddable":true,"href":"https:\/\/www.europesays.com\/fr\/wp-json\/wp\/v2\/categories?post=165028"},{"taxonomy":"post_tag","embeddable":true,"href":"https:\/\/www.europesays.com\/fr\/wp-json\/wp\/v2\/tags?post=165028"}],"curies":[{"name":"wp","href":"https:\/\/api.w.org\/{rel}","templated":true}]}}