{"id":165032,"date":"2025-06-10T06:25:35","date_gmt":"2025-06-10T06:25:35","guid":{"rendered":"https:\/\/www.europesays.com\/fr\/165032\/"},"modified":"2025-06-10T06:25:35","modified_gmt":"2025-06-10T06:25:35","slug":"orvault-la-chorale-orvocal-donne-son-concert-de-fin-dannee-dimanche-15-juin","status":"publish","type":"post","link":"https:\/\/www.europesays.com\/fr\/165032\/","title":{"rendered":"Orvault. La chorale Or\u2019Vocal donne son concert de fin d\u2019ann\u00e9e dimanche 15\u00a0juin"},"content":{"rendered":"<p>Pour la quatri\u00e8me ann\u00e9e, la chorale OR\u2019Vocal de l\u2019Arbr (Association des r\u00e9sidents du Bois Raguenet), donnera son concert de fin d\u2019ann\u00e9e \u00e0 l\u2019\u00e9glise Saint-Louis-de-Montfort de Saint-Herblain (80, avenue des Grands Bois), dimanche 15\u00a0juin \u00e0 17\u00a0h. Comme \u00e0 chacun des doncerts de la chorale, une entr\u00e9e \u00e0 libre participation.<\/p>\n<p>Au programme, selon l\u2019essence d\u2019Or\u2019Vocal, \u00ab\u00a0un r\u00e9pertoire ax\u00e9 en grande partie sur la vari\u00e9t\u00e9 fran\u00e7aise (Pierre Groscolas, Johnny et David Hallyday, Zaz, Zaho de Sagazan, Trois Caf\u00e9s Gourmands, Santa\u2026), mais aussi anglo-saxonne (Michael Jackson) et des chansons plus po\u00e9tiques ou langoureuses fran\u00e7aises et am\u00e9ricaines, ainsi que des morceaux tr\u00e8s dynamiques de styles et d\u2019\u00e9poques divers. Le chant sacr\u00e9 aura \u00e9galement sa part, ainsi qu\u2019un \u00e9loge de la Loire qui aura d\u2019ailleurs constitu\u00e9 le chant commun lors de la Rencontre des Chorales orvaltaises le 13\u00a0mai \u00e0 l\u2019Odyss\u00e9e\u00a0\u00bb, expliquent Yves et Annabelle Revault chefs de ch\u0153ur principaux d\u2019OR\u2019VOCAL.<\/p>\n<p>Contact\u00a0: www.arbr.fr<\/p>\n<p>\u00a0<\/p>\n","protected":false},"excerpt":{"rendered":"Pour la quatri\u00e8me ann\u00e9e, la chorale OR\u2019Vocal de l\u2019Arbr (Association des r\u00e9sidents du Bois Raguenet), donnera son concert&hellip;\n","protected":false},"author":2,"featured_media":165033,"comment_status":"","ping_status":"","sticky":false,"template":"","format":"standard","meta":{"footnotes":""},"categories":[2818],"tags":[9284,1111,11,5648,22417,1697,6664,7687,1777,674,5729,1011,27,3687,766,12,4151,2636,25,3272,29843],"class_list":{"0":"post-165032","1":"post","2":"type-post","3":"status-publish","4":"format-standard","5":"has-post-thumbnail","7":"category-nantes","8":"tag-9284","9":"tag-actu","10":"tag-actualites","11":"tag-annee","12":"tag-chorale","13":"tag-concert","14":"tag-dimanche","15":"tag-donne","16":"tag-eu","17":"tag-europe","18":"tag-fin","19":"tag-fr","20":"tag-france","21":"tag-juin","22":"tag-nantes","23":"tag-news","24":"tag-orvault","25":"tag-pays-de-la-loire","26":"tag-republique-francaise","27":"tag-saint-nazaire","28":"tag-vocal"},"share_on_mastodon":{"url":"https:\/\/pubeurope.com\/@fr\/114657645241194281","error":""},"_links":{"self":[{"href":"https:\/\/www.europesays.com\/fr\/wp-json\/wp\/v2\/posts\/165032","targetHints":{"allow":["GET"]}}],"collection":[{"href":"https:\/\/www.europesays.com\/fr\/wp-json\/wp\/v2\/posts"}],"about":[{"href":"https:\/\/www.europesays.com\/fr\/wp-json\/wp\/v2\/types\/post"}],"author":[{"embeddable":true,"href":"https:\/\/www.europesays.com\/fr\/wp-json\/wp\/v2\/users\/2"}],"replies":[{"embeddable":true,"href":"https:\/\/www.europesays.com\/fr\/wp-json\/wp\/v2\/comments?post=165032"}],"version-history":[{"count":0,"href":"https:\/\/www.europesays.com\/fr\/wp-json\/wp\/v2\/posts\/165032\/revisions"}],"wp:featuredmedia":[{"embeddable":true,"href":"https:\/\/www.europesays.com\/fr\/wp-json\/wp\/v2\/media\/165033"}],"wp:attachment":[{"href":"https:\/\/www.europesays.com\/fr\/wp-json\/wp\/v2\/media?parent=165032"}],"wp:term":[{"taxonomy":"category","embeddable":true,"href":"https:\/\/www.europesays.com\/fr\/wp-json\/wp\/v2\/categories?post=165032"},{"taxonomy":"post_tag","embeddable":true,"href":"https:\/\/www.europesays.com\/fr\/wp-json\/wp\/v2\/tags?post=165032"}],"curies":[{"name":"wp","href":"https:\/\/api.w.org\/{rel}","templated":true}]}}