{"id":165043,"date":"2025-06-10T06:31:19","date_gmt":"2025-06-10T06:31:19","guid":{"rendered":"https:\/\/www.europesays.com\/fr\/165043\/"},"modified":"2025-06-10T06:31:19","modified_gmt":"2025-06-10T06:31:19","slug":"cest-quoi-ces-premiers-stolpersteine-a-roubaix-pour-marcelle-et-edouard-pieters","status":"publish","type":"post","link":"https:\/\/www.europesays.com\/fr\/165043\/","title":{"rendered":"C&rsquo;est quoi ces premiers \u00ab\u00a0Stolpersteine\u00a0\u00bb \u00e0 Roubaix pour Marcelle et \u00c9douard Pieters\u00a0?"},"content":{"rendered":"<p>            Par<br \/>\n        <strong><br \/>\n            <a href=\"https:\/\/actu.fr\/auteur\/annesophie-2\" title=\"Consulter tous les articles de Anne-Sophie Hourdeaux\" rel=\"nofollow noopener\" target=\"_blank\">Anne-Sophie Hourdeaux<\/a><br \/>\n        <\/strong><\/p>\n<p>        Publi\u00e9 le<\/p>\n<p>            10 juin 2025 \u00e0 8h14        <\/p>\n<p>Si vous marchez <b>du c\u00f4t\u00e9 de la gare \u00e0 <a href=\"https:\/\/actu.fr\/hauts-de-france\/roubaix_59512\" rel=\"nofollow noopener\" target=\"_blank\">Roubaix<\/a> (Nord),<\/b> peut-\u00eatre votre regard sera-t-il attir\u00e9 par des reflets dor\u00e9s au sol, sur le trottoir de la rue Isabeau de Roubaix, devant le num\u00e9ro\u00a023. Il s\u2019agit <b>des deux premiers \u00ab\u2009Stolpersteine\u2009\u00bb<\/b> de la ville. Ce nom \u00e9trange est donn\u00e9 \u00e0 <b>des pav\u00e9s rendant hommage aux morts de la Seconde guerre mondiale<\/b>. Marcelle et \u00c9douard Pieters \u00e9taient de ceux-l\u00e0. Une c\u00e9r\u00e9monie \u00e9mouvante a r\u00e9uni<b> leur famille et des lyc\u00e9ens <\/b>lors de la pose de leurs \u00ab\u2009Stolpersteine\u2009\u00bb. L\u2019occasion de d\u00e9couvrir l\u2019histoire de ce couple de h\u00e9ros.<\/p>\n<p>    <img   decoding=\"async\" loading=\"lazy\" class=\"size-large\" src=\"https:\/\/www.europesays.com\/fr\/wp-content\/uploads\/2025\/06\/709627c971486649627c9714828962v-960x640.jpg\" alt=\"pav\u00e9s stolpersteine roubaix r\u00e9sistants\" width=\"960\" height=\"640\"\/><br \/>\n    Les 3 arri\u00e8res-arri\u00e8res -petits-enfants du couple Pieters, Gaspard, Cl\u00e9mentine et Oc\u00e9ane ont pos\u00e9 les deux pav\u00e9s \u00e0 Roubaix. \u00a9Anne-Sophie Hourdeaux\/Croix du Nord100\u2009000 Stolpersteine dans le monde, deux \u00e0 Roubaix<\/p>\n<p class=\" wall-content\">Le devoir de m\u00e9moire passe par les mots, mais aussi par la pierre. C\u2019est le credo d\u2019une fondation internationale n\u00e9e dans les ann\u00e9es 1990. Son but\u2009: diffuser la m\u00e9moire des h\u00e9ros et victimes de la Seconde guerre mondiale \u00e0 travers\u2026 des pav\u00e9s pos\u00e9s dans les rues\u2009!<\/p>\n<p>    <img   decoding=\"async\" loading=\"lazy\" class=\"size-large\" src=\"https:\/\/www.europesays.com\/fr\/wp-content\/uploads\/2025\/06\/9bc367c9714868fc367c9714843d36v-960x640.jpg\" alt=\"pav\u00e9s stolpersteine roubaix r\u00e9sistants\" width=\"960\" height=\"640\"\/><br \/>\n    Devant le 23 rue Isabeau de Roubaix \u00e0 Roubaix a eu lieu la c\u00e9r\u00e9monie de pose de 2 \u00ab\u2009Stolpersteine\u2009\u00bb, cette maison \u00e9tait celle de deux r\u00e9sistants\u2009: Marcelle, morte en d\u00e9portation en 1945, et \u00c9douard mort fusill\u00e9 en 1942. \u00a9Anne-Sophie Hourdeaux\/Croix du Nord<\/p>\n<p class=\" wall-content\">Aujourd\u2019hui, ce sont 100\u2009000 pav\u00e9s dans le monde, et en France depuis 2011. \u00c0 Roubaix, ce sont les 2 premiers\u2009\u00bb r\u00e9sume Th\u00e9o Hooreman, pr\u00e9sident de l\u2019association Nord \u2013 Pas-de-Calais.<\/p>\n<blockquote class=\"ac-article-quote wall-content\">\n<p>Stolpersteine signifie\u2009: \u2018Pierre sur laquelle on tr\u00e9buche\u2019. Les passants seront interpell\u00e9s par la brillance du laiton sur le sol, ils s\u2019arr\u00eateront pour d\u00e9couvrir l\u2019histoire des Pieters.<\/p>\n<p>Th\u00e9o Hooreman, pr\u00e9sident de l\u2019association des Stolpersteine Nord et Pas-de-Calais<\/p><\/blockquote>\n<p>    <img   decoding=\"async\" loading=\"lazy\" class=\"size-large\" src=\"https:\/\/www.europesays.com\/fr\/wp-content\/uploads\/2025\/06\/f101ad37b1486d501ad37b148a901av-960x640.jpg\" alt=\"Marcelle et Edouard Pieters, r\u00e9sistants morts en 1942 et 1945, habitaient Roubaix.\" width=\"960\" height=\"640\"\/><br \/>\n    Marcelle et Edouard Pieters, r\u00e9sistants morts en 1942 et 1945, habitaient Roubaix. \u00a9DR<\/p>\n<p class=\" wall-content\">Rendez-vous \u00e9tait donn\u00e9 devant le 23 de la rue Isabelle de Roubaix ce 5\u00a0juin 2025 pour la pose des 2 pav\u00e9s, un pour Marcelle et un pour \u00c9douard Pieters. \u00ab\u2009Sur chacun est grav\u00e9 leur nom, les dates et lieux de leur parcours. ils sont tous faits \u00e0 la main dans un atelier. On rend leur humanit\u00e9 \u00e0 ceux qui ont \u00e9t\u00e9 r\u00e9duits \u00e0 \u00eatre un num\u00e9ro, un \u2018st\u00fcck\u2019, une pi\u00e8ce exploit\u00e9e de la machine nazie\u2009\u00bb, signale Th\u00e9o Hooreman.<\/p>\n<p>    <img   decoding=\"async\" loading=\"lazy\" class=\"size-large\" src=\"https:\/\/www.europesays.com\/fr\/wp-content\/uploads\/2025\/06\/cea0d7c971486b2b0d7c9714886b0dv-960x640.jpg\" alt=\"pav\u00e9s stolpersteine roubaix r\u00e9sistants\" width=\"960\" height=\"640\"\/><br \/>\n    Les associations patriotiques \u00e9taient pr\u00e9sentes. \u00a9Anne-Sophie Hourdeaux\/Croix du NordUne histoire de courage extraordinaire<\/p>\n<p class=\" wall-content\">L\u2019histoire de Marcelle et \u00c9douard est exceptionnelle de courage. Elle a \u00e9t\u00e9 relat\u00e9e par un groupe de lyc\u00e9ens de Jean Rostand, qui a travaill\u00e9 pendant plus de deux mois sur ce dossier. \u00ab\u2009\u00c9douard est n\u00e9 en 1903, il \u00e9tait n\u00e9gociant en tissu. Il a particip\u00e9 \u00e0 des sabotages, a rejoint plusieurs r\u00e9seaux de r\u00e9sistance comme Gloria. Il a aid\u00e9 des soldats alli\u00e9s \u00e0 passer en zone libre en leur fournissant des fausses pi\u00e8ces d\u2019identit\u00e9 mais aussi en les accompagnant directement. Il a r\u00e9alis\u00e9 20 voyages avec eux, sauvant 400\u00a0personnes\u2009!\u2009\u00bb<\/p>\n<p>    <img   decoding=\"async\" loading=\"lazy\" class=\"size-large\" src=\"https:\/\/www.europesays.com\/fr\/wp-content\/uploads\/2025\/06\/0475c6c9714861875c6c971482c75cv-960x640.jpg\" alt=\"pav\u00e9s stolpersteine roubaix r\u00e9sistants\" width=\"960\" height=\"640\"\/><br \/>\n    Les pav\u00e9s ont \u00e9t\u00e9 pos\u00e9s par les 3 arri\u00e8res arri\u00e8res petits enfants des Pieters. \u00a9Anne-Sophie Hourdeaux\/Croix du Nord<\/p>\n<p class=\" wall-content\">Marcelle elle aussi a r\u00e9sist\u00e9\u2009: \u00ab\u2009N\u00e9e en 1908, elle fournissait aux Alli\u00e9s des documents militaires vol\u00e9s, elle a \u00e9t\u00e9 tr\u00e8s courageuse, m\u00eame apr\u00e8s l\u2019assassinat de son mari par les Allemands, elle a continu\u00e9\u2009\u00bb.<\/p>\n<p class=\" wall-content\">\u00c9douard fut fusill\u00e9 au Fort du Vert Galant \u00e0 Wambrechies en avril\u00a01942. Marcelle fut d\u00e9port\u00e9e et mourut dans le camp de Bergen Belsen, peu apr\u00e8s en avoir \u00e9t\u00e9 lib\u00e9r\u00e9e, en avril\u00a01945. Ils ont laiss\u00e9 deux filles de 5\u00a0ans et 12\u00a0ans, Edith et Mona.<\/p>\n<p class=\" wall-content\">\u00ab\u2009L\u2019engagement de Marcelle et \u00c9douard doit nous inspirer aujourd\u2019hui dans une \u00e9poque de division et de mont\u00e9e de l\u2019antis\u00e9mitisme et du racisme\u2009\u00bb a expliqu\u00e9 Th\u00e9o Hooreman. Fr\u00e9d\u00e9ric Minard, adjoint au maire, a pr\u00e9cis\u00e9 \u00ab\u2009que leur combat ne sera pas oubli\u00e9, Roubaix se souvient\u2009!\u2009\u00bb<\/p>\n<p>    <img   decoding=\"async\" loading=\"lazy\" class=\"size-large\" src=\"https:\/\/www.europesays.com\/fr\/wp-content\/uploads\/2025\/06\/0107e7c971486f407e7c97148c807ev-960x640.jpg\" alt=\"pav\u00e9s stolpersteine roubaix r\u00e9sistants\" width=\"960\" height=\"640\"\/><br \/>\n    20 lyc\u00e9ens de Jean Rostand \u00e0 Roubaix ont travaill\u00e9 sur l\u2019hommage au couple Pieters, r\u00e9sistants. Ils entourent ici la famille dont Mona, fille du couple, devant leur ancienne maison o\u00f9 ils ont cach\u00e9 des soldats alli\u00e9s. \u00a9Anne-Sophie Hourdeaux\/Croix du Nord4 g\u00e9n\u00e9rations pr\u00e9sentes<\/p>\n<p class=\" wall-content\">La famille \u00e9tait pr\u00e9sente pour cet \u00e9v\u00e9nement fort. Laura Ducoulombier est l\u2019arri\u00e8re-petite-fille des Pieters. \u00ab\u2009Nous sommes 4 g\u00e9n\u00e9rations \u00e0 \u00eatre pr\u00e9sentes aujourd\u2019hui plus de 80\u00a0ans apr\u00e8s leur assassinat. Une de mes cousines a dit\u2009: \u2018Notre force, \u00e7a vient s\u00fbrement d\u2019eux\u2019. Leurs valeurs nous guident, nous essayons de les transmettre \u00e0 nos enfants. On sait d\u2019o\u00f9 on vient, ils ne sont pas morts pour rien. Vous serez toujours vivants dans nos c\u0153urs\u2009\u00bb. Elle a chaleureusement remerci\u00e9 la mairie, l\u2019association et les \u00e9l\u00e8ves.<\/p>\n<p>    <img   decoding=\"async\" loading=\"lazy\" class=\"size-large\" src=\"https:\/\/www.europesays.com\/fr\/wp-content\/uploads\/2025\/06\/5d4807c971486415807c9714815580v-960x640.jpg\" alt=\"pav\u00e9s stolpersteine roubaix r\u00e9sistants\" width=\"960\" height=\"640\"\/><br \/>\n    D\u00e9p\u00f4t de fleurs apr\u00e8s la pause des 2 premiers Stolpersteine de Roubaix. \u00a9Anne-Sophie Hourdeaux\/Croix du Nord<\/p>\n<p class=\" wall-content\">Elle a ajout\u00e9\u2009: \u00ab\u2009Aujourd\u2019hui, vous les ramenez chez eux, vous les r\u00e9unissez pour l\u2019\u00e9ternit\u00e9\u2009\u00bb. Message d\u2019autant plus fort quand on sait que le corps de Marcelle n\u2019a jamais \u00e9t\u00e9 rendu \u00e0 la famille.<\/p>\n<p class=\" wall-content\">Ce sont les 3 arri\u00e8res-arri\u00e8res-petits-enfants des Pieters qui ont install\u00e9 les pav\u00e9s dans le sol, Oc\u00e9ane, Cl\u00e9mentine et Gaspard. Apr\u00e8s la c\u00e9r\u00e9monie, Laura s\u2019est dit \u00ab\u2009fi\u00e8re\u2009\u00bb de ses anc\u00eatres\u2009!<\/p>\n<p>    <img   decoding=\"async\" loading=\"lazy\" class=\"size-large\" src=\"https:\/\/www.europesays.com\/fr\/wp-content\/uploads\/2025\/06\/80637da79148674637da791482c637v-960x640.jpg\" alt=\"r\u00e9sistants roubaix les pieters\" width=\"960\" height=\"640\"\/><br \/>\n    Sur la fa\u00e7ade de l\u2019ancienne maison des Pieters, il y avait d\u00e9j\u00e0 une plaque comm\u00e9morative. d\u00e9sormais, on pourra aussi baisser les yeux au sol pour d\u00e9couvrir l\u2019hommage au couple de r\u00e9sistants assassin\u00e9s, avec deux pav\u00e9s sur le trottoir. \u00a9Anne-Sophie Hourdeaux\/Croix du NordDes lyc\u00e9ens impliqu\u00e9s<\/p>\n<p class=\" wall-content\">Aimie, Baptiste, Sana, Quentin, Lana, Abel sont heureux d\u2019avoir particip\u00e9 \u00e0 ce grand moment. En Seconde, Premi\u00e8re et Terminale au lyc\u00e9e Jean Rostand, ils ont travaill\u00e9 sur les documents d\u2019archives et rencontr\u00e9 des membres de la famille pour \u00e9crire leur discours. \u00ab\u2009Ils se sont sacrifi\u00e9s pour la France, il ne faut pas les oublier\u2009\u00bb disent-ils.<\/p>\n<p class=\" wall-content\">Ils \u00e9taient accompagn\u00e9s par leurs enseignants d\u2019histoire, Sonia Comte et Florian Braskamp.<\/p>\n<blockquote class=\"ac-article-quote wall-content\">\n<p>Les 20\u00a0\u00e9l\u00e8ves du projet \u00e9taient tous volontaires, on s\u2019est r\u00e9uni 2\u2009h par semaine pendant 2\u00a0mois. Ils se sont entra\u00een\u00e9s \u00e0 parler en public pour l\u2019\u00e9v\u00e9nement, une \u00e9l\u00e8ve a enregistr\u00e9 un morceau de piano. On ira bient\u00f4t visiter le fort de Wambrechies o\u00f9 fut fusill\u00e9 \u00c9douard Peters.<\/p>\n<p>Florian Braskamp, professeur d\u2019histoire du lyc\u00e9e Jean Rostand<\/p><\/blockquote>\n<p class=\" wall-content\">Le prochain Stolpersteine de notre r\u00e9gion sera pos\u00e9 le 27\u00a0juin 2025 \u00e0 Wambrechies.<\/p>\n<p class=\" wall-content\">Suivez toute l\u2019actualit\u00e9 de vos villes et m\u00e9dias favoris en vous inscrivant \u00e0 <a href=\"https:\/\/moncompte.actu.fr\" title=\"D\u00e9couvez Mon Actu\" rel=\"nofollow noopener\" data-trk=\"{&quot;cta&quot;:{&quot;action&quot;:&quot;https:\\\/\\\/moncompte.actu.fr&quot;,&quot;category&quot;:&quot;mon compte&quot;,&quot;from&quot;:&quot;article footer&quot;,&quot;name&quot;:&quot;Mon actu&quot;,&quot;type&quot;:&quot;cta&quot;}}\" target=\"_blank\">Mon Actu<\/a>.<\/p>\n<ul class=\"ac-article-tag wall-content\">\n<li><a href=\"https:\/\/actu.fr\/tag\/histoire\" data-trk=\"{&quot;cta&quot;:{&quot;action&quot;:&quot;Histoire&quot;,&quot;category&quot;:&quot;tag&quot;,&quot;from&quot;:&quot;article footer&quot;,&quot;name&quot;:&quot;Histoire&quot;,&quot;type&quot;:&quot;cta&quot;}}\" rel=\"nofollow noopener\" target=\"_blank\">#Histoire<\/a><\/li>\n<li><a href=\"https:\/\/actu.fr\/tag\/seconde-guerre-mondiale\" data-trk=\"{&quot;cta&quot;:{&quot;action&quot;:&quot;Seconde Guerre mondiale&quot;,&quot;category&quot;:&quot;tag&quot;,&quot;from&quot;:&quot;article footer&quot;,&quot;name&quot;:&quot;Seconde Guerre mondiale&quot;,&quot;type&quot;:&quot;cta&quot;}}\" rel=\"nofollow noopener\" target=\"_blank\">#Seconde Guerre mondiale<\/a><\/li>\n<\/ul>\n","protected":false},"excerpt":{"rendered":"Par Anne-Sophie Hourdeaux Publi\u00e9 le 10 juin 2025 \u00e0 8h14 Si vous marchez du c\u00f4t\u00e9 de la gare&hellip;\n","protected":false},"author":2,"featured_media":165044,"comment_status":"","ping_status":"","sticky":false,"template":"","format":"standard","meta":{"footnotes":""},"categories":[2815],"tags":[1111,11,1777,674,1011,27,811,937,1307,12,25,935,104],"class_list":{"0":"post-165043","1":"post","2":"type-post","3":"status-publish","4":"format-standard","5":"has-post-thumbnail","7":"category-lille","8":"tag-actu","9":"tag-actualites","10":"tag-eu","11":"tag-europe","12":"tag-fr","13":"tag-france","14":"tag-hauts-de-france","15":"tag-histoire","16":"tag-lille","17":"tag-news","18":"tag-republique-francaise","19":"tag-seconde-guerre-mondiale","20":"tag-societe"},"share_on_mastodon":{"url":"https:\/\/pubeurope.com\/@fr\/114657669390412443","error":""},"_links":{"self":[{"href":"https:\/\/www.europesays.com\/fr\/wp-json\/wp\/v2\/posts\/165043","targetHints":{"allow":["GET"]}}],"collection":[{"href":"https:\/\/www.europesays.com\/fr\/wp-json\/wp\/v2\/posts"}],"about":[{"href":"https:\/\/www.europesays.com\/fr\/wp-json\/wp\/v2\/types\/post"}],"author":[{"embeddable":true,"href":"https:\/\/www.europesays.com\/fr\/wp-json\/wp\/v2\/users\/2"}],"replies":[{"embeddable":true,"href":"https:\/\/www.europesays.com\/fr\/wp-json\/wp\/v2\/comments?post=165043"}],"version-history":[{"count":0,"href":"https:\/\/www.europesays.com\/fr\/wp-json\/wp\/v2\/posts\/165043\/revisions"}],"wp:featuredmedia":[{"embeddable":true,"href":"https:\/\/www.europesays.com\/fr\/wp-json\/wp\/v2\/media\/165044"}],"wp:attachment":[{"href":"https:\/\/www.europesays.com\/fr\/wp-json\/wp\/v2\/media?parent=165043"}],"wp:term":[{"taxonomy":"category","embeddable":true,"href":"https:\/\/www.europesays.com\/fr\/wp-json\/wp\/v2\/categories?post=165043"},{"taxonomy":"post_tag","embeddable":true,"href":"https:\/\/www.europesays.com\/fr\/wp-json\/wp\/v2\/tags?post=165043"}],"curies":[{"name":"wp","href":"https:\/\/api.w.org\/{rel}","templated":true}]}}