{"id":165047,"date":"2025-06-10T06:33:09","date_gmt":"2025-06-10T06:33:09","guid":{"rendered":"https:\/\/www.europesays.com\/fr\/165047\/"},"modified":"2025-06-10T06:33:09","modified_gmt":"2025-06-10T06:33:09","slug":"trop-de-fientes-de-gabians-dans-les-eaux-de-baignade-marseillaises","status":"publish","type":"post","link":"https:\/\/www.europesays.com\/fr\/165047\/","title":{"rendered":"trop de fientes de gabians dans les eaux de baignade marseillaises\u00a0?"},"content":{"rendered":"<p>Les d\u00e9jections des gabians pourraient-elles <a href=\"https:\/\/www.laprovence.com\/article\/ecoplanete\/37779743453521\/pollution-des-eaux-de-baignade-ces-plages-de-provence-ou-il-faut-eviter-de-se-baigner-selon-une-association\" target=\"_blank\" rel=\"nofollow noopener\">polluer les eaux de baignade marseillaises<\/a>\u00a0? La question fait d\u00e9bat. Avec la <a href=\"https:\/\/www.laprovence.com\/article\/region\/29858659641377\/en-mai-a-marseille-des-plages-bondees-mais-toujours-pas-surveillees\" target=\"_blank\" rel=\"nofollow noopener\">surveillance des plages<\/a> ouvertes depuis la fin du mois de mai d\u00e9butent \u00e9galement l\u2019analyse et le contr\u00f4le quotidiens de ces eaux.<\/p>\n<p>Alors, \u00e9videmment, une attention particuli\u00e8re sera port\u00e9e aux r\u00e9sultats des pr\u00e9l\u00e8vements effectu\u00e9s sur la plage de Saint-Est\u00e8ve au Frioul (7e). L\u2019an dernier, l\u2019Agence r\u00e9gionale de sant\u00e9 (ARS) <a href=\"https:\/\/www.laprovence.com\/article\/region\/68157583343891\/sur-la-plage-du-frioul-a-marseille-les-gabians-source-de-pollution-de-nos-eaux-de-baignade\" target=\"_blank\" rel=\"nofollow noopener\">avait d\u00e9tect\u00e9 des concentrations de deux bact\u00e9ries, l&rsquo;escherichia coli (EC) et les ent\u00e9rocoques intestinaux (EI)<\/a>, dont la quantit\u00e9 devait rel\u00e9guer la qualit\u00e9 de cette eau dans la cat\u00e9gorie \u00ab\u00a0suffisante\u00a0\u00bb.<\/p>\n<p>La carte \u00ab\u00a0La Belle Plage\u00a0\u00bb, de l\u2019association Eau &amp; Rivi\u00e8res de Bretagne, qui recense les plages de France \u00e0 partir des donn\u00e9es publiques, s\u2019\u00e9tait press\u00e9e de placer en rouge les eaux de Saint-Est\u00e8ve. Rebelote en 2025, o\u00f9 seules les plages de la Vieille-Chapelle et de la pointe Sud (8e) sont, selon l\u2019association, \u00ab\u00a0peu risqu\u00e9es\u00a0\u00bb.<\/p>\n","protected":false},"excerpt":{"rendered":"Les d\u00e9jections des gabians pourraient-elles polluer les eaux de baignade marseillaises\u00a0? La question fait d\u00e9bat. Avec la surveillance&hellip;\n","protected":false},"author":2,"featured_media":165048,"comment_status":"","ping_status":"","sticky":false,"template":"","format":"standard","meta":{"footnotes":""},"categories":[2814],"tags":[17,1111,11,1446,27261,436,1777,674,19787,1011,27,29845,151,884,12,1800,882,25,8029],"class_list":{"0":"post-165047","1":"post","2":"type-post","3":"status-publish","4":"format-standard","5":"has-post-thumbnail","7":"category-marseille","8":"tag-17","9":"tag-actu","10":"tag-actualites","11":"tag-dans","12":"tag-eaux","13":"tag-environnement","14":"tag-eu","15":"tag-europe","16":"tag-fientes","17":"tag-fr","18":"tag-france","19":"tag-gabians","20":"tag-les","21":"tag-marseille","22":"tag-news","23":"tag-pollution","24":"tag-provence-alpes-cote-dazur","25":"tag-republique-francaise","26":"tag-trop"},"share_on_mastodon":{"url":"https:\/\/pubeurope.com\/@fr\/114657676939638798","error":""},"_links":{"self":[{"href":"https:\/\/www.europesays.com\/fr\/wp-json\/wp\/v2\/posts\/165047","targetHints":{"allow":["GET"]}}],"collection":[{"href":"https:\/\/www.europesays.com\/fr\/wp-json\/wp\/v2\/posts"}],"about":[{"href":"https:\/\/www.europesays.com\/fr\/wp-json\/wp\/v2\/types\/post"}],"author":[{"embeddable":true,"href":"https:\/\/www.europesays.com\/fr\/wp-json\/wp\/v2\/users\/2"}],"replies":[{"embeddable":true,"href":"https:\/\/www.europesays.com\/fr\/wp-json\/wp\/v2\/comments?post=165047"}],"version-history":[{"count":0,"href":"https:\/\/www.europesays.com\/fr\/wp-json\/wp\/v2\/posts\/165047\/revisions"}],"wp:featuredmedia":[{"embeddable":true,"href":"https:\/\/www.europesays.com\/fr\/wp-json\/wp\/v2\/media\/165048"}],"wp:attachment":[{"href":"https:\/\/www.europesays.com\/fr\/wp-json\/wp\/v2\/media?parent=165047"}],"wp:term":[{"taxonomy":"category","embeddable":true,"href":"https:\/\/www.europesays.com\/fr\/wp-json\/wp\/v2\/categories?post=165047"},{"taxonomy":"post_tag","embeddable":true,"href":"https:\/\/www.europesays.com\/fr\/wp-json\/wp\/v2\/tags?post=165047"}],"curies":[{"name":"wp","href":"https:\/\/api.w.org\/{rel}","templated":true}]}}