{"id":165049,"date":"2025-06-10T06:34:09","date_gmt":"2025-06-10T06:34:09","guid":{"rendered":"https:\/\/www.europesays.com\/fr\/165049\/"},"modified":"2025-06-10T06:34:09","modified_gmt":"2025-06-10T06:34:09","slug":"a-la-prison-des-baumettes-a-marseille-la-detenue-escroquait-sa-voisine-de-coursive","status":"publish","type":"post","link":"https:\/\/www.europesays.com\/fr\/165049\/","title":{"rendered":"\u00c0 la prison des Baumettes \u00e0 Marseille la d\u00e9tenue escroquait sa voisine de coursive"},"content":{"rendered":"<p>C\u2019est une image dont le tribunal n\u2019a pas l\u2019habitude\u00a0: une femme, dans le box des prisonniers\u2026 qui est la victime. Ce jeudi apr\u00e8s-midi 5\u00a0juin, Nad\u00e8ge, la soixantaine, a \u00e9t\u00e9 extraite de <a href=\"https:\/\/www.laprovence.com\/article\/region\/2079281688070115\/a-marseille-les-riverains-des-baumettes-3-se-calfeutrent-avant-l-ouverture-de-la-prison-en-decembre-2025\" target=\"_blank\" rel=\"noopener\">la prison des Baumettes<\/a> \u00e0 <a href=\"https:\/\/www.laprovence.com\/bouches-du-rhone\/marseille-13055\" target=\"_blank\" rel=\"noopener\">Marseille<\/a> pour assister au proc\u00e8s de sa cod\u00e9tenue Sabrina, 33\u00a0ans. Cette derni\u00e8re est soup\u00e7onn\u00e9e de lui avoir vol\u00e9 plusieurs milliers d\u2019euros en remplissant frauduleusement ses bons de cantine. Sabrina a refus\u00e9 de sortir de sa cellule et r\u00e9clam\u00e9 un renvoi, sans pour autant qu\u2019un avocat ne soit pr\u00e9sent pour la repr\u00e9senter. Le proc\u00e8s devant le tribunal correctionnel se tient donc sans elle.<\/p>\n<p>Nad\u00e8ge est non voyante. Condamn\u00e9e \u00e0 purger 17\u00a0ans de r\u00e9clusion criminelle pour le meurtre de sa m\u00e8re en\u00a02018, elle a fait confiance \u00e0 sa cod\u00e9tenue, voisine de coursive, pour remplir quelques bons, sur lesquels elle \u00ab\u00a0cantine\u00a0\u00bb gr\u00e2ce aux quelques sous de son allocation adulte handicap\u00e9e, c\u2019est-\u00e0-dire acheter de menus objets et denr\u00e9es pour am\u00e9liorer son ordinaire carc\u00e9ral.<\/p>\n<p>\u00ab\u00a0Elle continue les arnaques\u00a0\u00bb<\/p>\n<p>La sexag\u00e9naire dit avoir arr\u00eat\u00e9 rapidement, et accuse Sabrina de l\u2019avoir menac\u00e9e. C\u2019est l\u2019assistante sociale qui a remarqu\u00e9 que pr\u00e8s de 3\u00a0000\u00a0euros de bons de cantine avaient \u00e9t\u00e9 d\u00e9tourn\u00e9s par la cod\u00e9tenue. \u00ab\u00a0Elle continue les arnaques avec les autres\u00a0\u00bb, pr\u00e9cise-t-elle. De fait, le dossier carc\u00e9ral de Sabrina mentionne plusieurs conflits avec d\u2019autres d\u00e9tenues.<\/p>\n<p>\u00ab\u00a0On l\u2019a d\u00e9poss\u00e9d\u00e9e du peu d\u2019argent qu\u2019elle avait, utile \u00e0 son quotidien\u00a0\u00bb, remarque Me Anna Rosso-Roig, l\u2019avocate de Nad\u00e8ge. Depuis son perchoir, le procureur Nicolas Ruby r\u00e9clame huit mois de prison ferme\u00a0; il en obtient six, qui s\u2019ajouteront \u00e0 la peine de Sabrina. Elle devra rembourser 2\u00a0738\u00a0euros \u00e0 sa cod\u00e9tenue, lui verser 500\u00a0euros de dommages et int\u00e9r\u00eats et a d\u00e9sormais interdiction d\u2019entrer en contact avec sa victime. De quoi adoucir &#8211; un peu &#8211; le quotidien de Nad\u00e8ge derri\u00e8re les barreaux.<\/p>\n","protected":false},"excerpt":{"rendered":"C\u2019est une image dont le tribunal n\u2019a pas l\u2019habitude\u00a0: une femme, dans le box des prisonniers\u2026 qui est&hellip;\n","protected":false},"author":2,"featured_media":165050,"comment_status":"","ping_status":"","sticky":false,"template":"","format":"standard","meta":{"footnotes":""},"categories":[2814],"tags":[17,1111,11,2829,154,29846,29847,1777,674,274,1011,27,884,12,806,882,25,29848],"class_list":{"0":"post-165049","1":"post","2":"type-post","3":"status-publish","4":"format-standard","5":"has-post-thumbnail","7":"category-marseille","8":"tag-17","9":"tag-actu","10":"tag-actualites","11":"tag-baumettes","12":"tag-des","13":"tag-detenue","14":"tag-escroquait","15":"tag-eu","16":"tag-europe","17":"tag-faits-divers-justice","18":"tag-fr","19":"tag-france","20":"tag-marseille","21":"tag-news","22":"tag-prison","23":"tag-provence-alpes-cote-dazur","24":"tag-republique-francaise","25":"tag-voisine"},"share_on_mastodon":{"url":"https:\/\/pubeurope.com\/@fr\/114657680728026142","error":""},"_links":{"self":[{"href":"https:\/\/www.europesays.com\/fr\/wp-json\/wp\/v2\/posts\/165049","targetHints":{"allow":["GET"]}}],"collection":[{"href":"https:\/\/www.europesays.com\/fr\/wp-json\/wp\/v2\/posts"}],"about":[{"href":"https:\/\/www.europesays.com\/fr\/wp-json\/wp\/v2\/types\/post"}],"author":[{"embeddable":true,"href":"https:\/\/www.europesays.com\/fr\/wp-json\/wp\/v2\/users\/2"}],"replies":[{"embeddable":true,"href":"https:\/\/www.europesays.com\/fr\/wp-json\/wp\/v2\/comments?post=165049"}],"version-history":[{"count":0,"href":"https:\/\/www.europesays.com\/fr\/wp-json\/wp\/v2\/posts\/165049\/revisions"}],"wp:featuredmedia":[{"embeddable":true,"href":"https:\/\/www.europesays.com\/fr\/wp-json\/wp\/v2\/media\/165050"}],"wp:attachment":[{"href":"https:\/\/www.europesays.com\/fr\/wp-json\/wp\/v2\/media?parent=165049"}],"wp:term":[{"taxonomy":"category","embeddable":true,"href":"https:\/\/www.europesays.com\/fr\/wp-json\/wp\/v2\/categories?post=165049"},{"taxonomy":"post_tag","embeddable":true,"href":"https:\/\/www.europesays.com\/fr\/wp-json\/wp\/v2\/tags?post=165049"}],"curies":[{"name":"wp","href":"https:\/\/api.w.org\/{rel}","templated":true}]}}