{"id":165060,"date":"2025-06-10T06:41:13","date_gmt":"2025-06-10T06:41:13","guid":{"rendered":"https:\/\/www.europesays.com\/fr\/165060\/"},"modified":"2025-06-10T06:41:13","modified_gmt":"2025-06-10T06:41:13","slug":"en-plein-coeur-de-paris-ce-bar-est-le-moins-cher-de-la-capitale","status":"publish","type":"post","link":"https:\/\/www.europesays.com\/fr\/165060\/","title":{"rendered":"en plein c\u0153ur de Paris, ce bar est \u00ab\u00a0le moins cher de la capitale\u00a0\u00bb"},"content":{"rendered":"<p>            Par<br \/>\n        <strong><br \/>\n            <a href=\"https:\/\/actu.fr\/auteur\/redaction-paris\" title=\"Consulter tous les articles de R\u00e9daction Paris\" target=\"_blank\" rel=\"noopener\">R\u00e9daction Paris<\/a><br \/>\n        <\/strong><\/p>\n<p>        Publi\u00e9 le<\/p>\n<p>            10 juin 2025 \u00e0 6h28        <\/p>\n<p>Heetch, le VTC qui fait bouger les noctambules sans vider leur porte-monnaie, vient de garer une id\u00e9e bien rafra\u00eechissante dans le 10e arrondissement de <a href=\"https:\/\/actu.fr\/paris\/\" target=\"_blank\" rel=\"noopener\">Paris<\/a>\u2009: <strong>le Heetch Bar<\/strong>, un lieu \u00e9ph\u00e9m\u00e8re aussi bon march\u00e9 que convivial. Install\u00e9 \u00e0 deux pas de la Porte Saint-Denis depuis le mercredi 4\u00a0juin 2025, ce bar promet de devenir <strong>le repaire pr\u00e9f\u00e9r\u00e9 des budgets serr\u00e9s<\/strong>.<\/p>\n<p>Une carte \u00e0 prix mini, sans conditions maxi<\/p>\n<p class=\" wall-content\">Ici, pas d\u2019happy hour \u00e0 dur\u00e9e limit\u00e9e ou de calcul mental compliqu\u00e9. Les prix sont abordables, <strong>et tout le temps<\/strong>. Le caf\u00e9 \u00e0 un euro, la bi\u00e8re estampill\u00e9e Heetch \u00e0 3,50\u00a0euros, les cocktails d\u00e8s cinq euros, et m\u00eame la grenadine\u2026 gratuite. Une politique tarifaire coh\u00e9rente avec <strong>l\u2019ADN de la marque<\/strong> m\u00ealant accessibilit\u00e9, transparence et simplicit\u00e9.<\/p>\n<p class=\" wall-content\">Dans un contexte parisien o\u00f9 boire un verre peut revenir cher, le Heetch Bar fait figure d\u2019une <strong>alternative \u00e9conomique<\/strong>, assumant fi\u00e8rement son statut de bar le moins cher de la capitale.<\/p>\n<p>    <a href=\"https:\/\/email.publihebdos.com\/form?lid=Mqc7o19yVDtMEo2FE8aUtw2\" title=\"Ouvrie le lien\" target=\"_blank\" rel=\"noopener\">Cliquez ici pour visualiser le contenu<\/a><\/p>\n<p class=\" wall-content\">Mais ce n\u2019est pas qu\u2019une question de tarifs. Le Heetch Bar joue aussi la carte de la d\u00e9tente et de la bonne humeur. On y retrouve une terrasse accueillante, <strong>des jeux de soci\u00e9t\u00e9 en libre-service <\/strong>ou des tickets \u00e0 gratter collectors. Le Heetch Bar est ouvert depuis le 4 et jusqu\u2019au 30\u00a0juin. Un mois pour en profiter, tous les jours, du matin jusqu\u2019\u00e0 tard dans la nuit.<\/p>\n<p>Vid\u00e9os : en ce moment sur Actu<\/p>\n<p><strong>Infos pratiques<\/strong><br \/>Du mercredi\u00a04 au lundi 30\u00a0juin 2025<br \/>13 rue du Faubourg Saint-Denis, Paris 10e<br \/>Ouvert tous les jours de 7h30 \u00e0 2\u00a0heures du matin<\/p>\n<p class=\" wall-content\">Suivez toute l\u2019actualit\u00e9 de vos villes et m\u00e9dias favoris en vous inscrivant \u00e0 <a href=\"https:\/\/moncompte.actu.fr\" title=\"D\u00e9couvez Mon Actu\" rel=\"nofollow noopener\" data-trk=\"{&quot;cta&quot;:{&quot;action&quot;:&quot;https:\\\/\\\/moncompte.actu.fr&quot;,&quot;category&quot;:&quot;mon compte&quot;,&quot;from&quot;:&quot;article footer&quot;,&quot;name&quot;:&quot;Mon actu&quot;,&quot;type&quot;:&quot;cta&quot;}}\" target=\"_blank\">Mon Actu<\/a>.<\/p>\n","protected":false},"excerpt":{"rendered":"Par R\u00e9daction Paris Publi\u00e9 le 10 juin 2025 \u00e0 6h28 Heetch, le VTC qui fait bouger les noctambules&hellip;\n","protected":false},"author":2,"featured_media":165061,"comment_status":"","ping_status":"","sticky":false,"template":"","format":"standard","meta":{"footnotes":""},"categories":[1888],"tags":[11,7722,1777,674,1011,27,1652,12,626,25],"class_list":{"0":"post-165060","1":"post","2":"type-post","3":"status-publish","4":"format-standard","5":"has-post-thumbnail","7":"category-paris","8":"tag-actualites","9":"tag-biere","10":"tag-eu","11":"tag-europe","12":"tag-fr","13":"tag-france","14":"tag-loisirs-culture","15":"tag-news","16":"tag-paris","17":"tag-republique-francaise"},"share_on_mastodon":{"url":"https:\/\/pubeurope.com\/@fr\/114657708131427933","error":""},"_links":{"self":[{"href":"https:\/\/www.europesays.com\/fr\/wp-json\/wp\/v2\/posts\/165060","targetHints":{"allow":["GET"]}}],"collection":[{"href":"https:\/\/www.europesays.com\/fr\/wp-json\/wp\/v2\/posts"}],"about":[{"href":"https:\/\/www.europesays.com\/fr\/wp-json\/wp\/v2\/types\/post"}],"author":[{"embeddable":true,"href":"https:\/\/www.europesays.com\/fr\/wp-json\/wp\/v2\/users\/2"}],"replies":[{"embeddable":true,"href":"https:\/\/www.europesays.com\/fr\/wp-json\/wp\/v2\/comments?post=165060"}],"version-history":[{"count":0,"href":"https:\/\/www.europesays.com\/fr\/wp-json\/wp\/v2\/posts\/165060\/revisions"}],"wp:featuredmedia":[{"embeddable":true,"href":"https:\/\/www.europesays.com\/fr\/wp-json\/wp\/v2\/media\/165061"}],"wp:attachment":[{"href":"https:\/\/www.europesays.com\/fr\/wp-json\/wp\/v2\/media?parent=165060"}],"wp:term":[{"taxonomy":"category","embeddable":true,"href":"https:\/\/www.europesays.com\/fr\/wp-json\/wp\/v2\/categories?post=165060"},{"taxonomy":"post_tag","embeddable":true,"href":"https:\/\/www.europesays.com\/fr\/wp-json\/wp\/v2\/tags?post=165060"}],"curies":[{"name":"wp","href":"https:\/\/api.w.org\/{rel}","templated":true}]}}