{"id":165074,"date":"2025-06-10T06:49:17","date_gmt":"2025-06-10T06:49:17","guid":{"rendered":"https:\/\/www.europesays.com\/fr\/165074\/"},"modified":"2025-06-10T06:49:17","modified_gmt":"2025-06-10T06:49:17","slug":"lunion-europeenne-vient-dacter-la-revision","status":"publish","type":"post","link":"https:\/\/www.europesays.com\/fr\/165074\/","title":{"rendered":"l\u2019Union europ\u00e9enne vient d\u2019acter la r\u00e9vision"},"content":{"rendered":"<p>\t\t\t\t\t\t\t\t\t\tDroits des passagers a\u00e9riens : l\u2019Union europ\u00e9enne vient d\u2019acter la r\u00e9vision<\/p>\n<p><\/p>\n<p>\t\t\t\t\t\t\t\t\t\t\t\t<a href=\"https:\/\/www.europesays.com\/fr\/wp-content\/uploads\/2025\/06\/aerien-2.jpg\" class=\"lightbox-photo\" title=\"\"><img decoding=\"async\" src=\"https:\/\/www.europesays.com\/fr\/wp-content\/uploads\/2025\/06\/aerien-2.jpg\" alt=\"\" width=\"865\" style=\"width:865px;box-shadow: 0px 0px 10px 1px rgba(0,0,0,1);\"\/><\/a><\/p>\n<p>\t\t\t\t\t\t\t\t\t\t&#13;<br \/>\n\t\t\t\t\t\t\t\t\t\t&#13;<br \/>\n\t\t\t\t\t\t\t\t\t\t\t10 juin 2025\u00a0\u00a0&#13;<br \/>\n\t\t\t\t\t\t\t\t\t\t\t&#13;<br \/>\n\t\t\t\t\t\t\t\t\t\t\t<a href=\"https:\/\/www.laquotidienne.fr\/author\/preibec\/\" title=\"Articles par R\u00e9daction\" rel=\"author noopener\" target=\"_blank\">R\u00e9daction<\/a>\u00a0\u00a0&#13;<br \/>\n\t\t\t\t\t\t\t\t\t\t\t&#13;<br \/>\n\t\t\t\t\t\t\t\t\t\t\t&#13;<br \/>\n\t\t\t\t\t\t\t\t\t\t\t<a href=\"#comments\" class=\"scrollTo item-meta-i\"><\/a><a href=\"https:\/\/www.laquotidienne.fr\/droits-des-passagers-aeriens-lunion-europeenne-vient-dacter-la-revision\/#respond\" target=\"_blank\" rel=\"noopener\">Aucun commentaire<\/a>\u00a0\u00a0&#13;<br \/>\n\t\t\t\t\t\t\t\t\t\t\t&#13;<br \/>\n\t\t\t\t\t\t\t\t\t\t\t<a href=\"https:\/\/www.laquotidienne.fr\/rubrique\/a-la-une\/\" rel=\"category tag noopener\" target=\"_blank\">\u00c0 la une<\/a>\u00a0\u00a0&#13;<br \/>\n\t\t\t\t\t\t\t\t\t\t\t&#13;<br \/>\n\t\t\t\t\t\t\t\t\t\t\t\u00a0<a href=\"https:\/\/www.laquotidienne.fr\/tag\/droits-des-passagers\/\" rel=\"tag noopener\" target=\"_blank\">Droits des passagers<\/a>, <a href=\"https:\/\/www.laquotidienne.fr\/tag\/france\/\" rel=\"tag noopener\" target=\"_blank\">France<\/a>, <a href=\"https:\/\/www.laquotidienne.fr\/tag\/retard-dun-vol\/\" rel=\"tag noopener\" target=\"_blank\">retard d&rsquo;un vol<\/a>, <a href=\"https:\/\/www.laquotidienne.fr\/tag\/union-europeenne\/\" rel=\"tag noopener\" target=\"_blank\">Union europeenne<\/a>\u00a0\u00a0&#13;<br \/>\n\t\t\t\t\t\t\t\t\t\t\t&#13;<br \/>\n\t\t\t\t\t\t\t\t\t\t\t&#13;<br \/>\n\t\t\t\t\t\t\t\t\t\t\t&#13;<\/p>\n<p><strong>L\u2019Union europ\u00e9enne a d\u00e9cid\u00e9 de relancer la r\u00e9vision des droits des passagers a\u00e9riens car les r\u00e8gles sont d\u00e9sormais obsol\u00e8tes et toujours tr\u00e8s complexes.<\/strong><\/p>\n<p><img decoding=\"async\" loading=\"lazy\" class=\"size-full wp-image-141443 alignleft\" src=\"https:\/\/www.europesays.com\/fr\/wp-content\/uploads\/2025\/06\/1749538153_274_europe.jpg\" alt=\"\" width=\"640\" height=\"380\"  \/>Le r\u00e8glement en vigueur (CE) n\u00b0\u202f261\/2004 a \u00e9t\u00e9 adopt\u00e9 il y a d\u00e9j\u00e0 20 ans.<\/p>\n<p>Depuis, de nombreuses dispositions se sont trouv\u00e9es floues ou inconsistantes, rendant l\u2019application in\u00e9gale selon les \u00c9tats membres. Souvent, les\u00a0passagers se heurtent \u00e0 des proc\u00e9dures lourdes, mal inform\u00e9es et mal ex\u00e9cut\u00e9es.<\/p>\n<p><strong>Un but de clarification et un renforcement n\u00e9cessaire des droits<\/strong><\/p>\n<p><img decoding=\"async\" loading=\"lazy\" class=\"size-full wp-image-156348 alignleft\" src=\"https:\/\/www.europesays.com\/fr\/wp-content\/uploads\/2025\/06\/aerien-justice-droit.jpg\" alt=\"\" width=\"640\" height=\"333\"  \/>La r\u00e9forme vise \u00e0 d\u00e9finir plus clairement les circonstances extraordinaires (exemptions de compensation), \u00e0 clarifier les droits en cas de retard, d\u2019annulation, de correspondance manqu\u00e9e et de prise en charge.<\/p>\n<p>Enfin il faut mieux encadrer les bagages, harmoniser les informations tarifaires.<\/p>\n<p><strong>Une simplification des d\u00e9marches et action plus efficace<\/strong><\/p>\n<p>L\u2019objectif est d\u2019automatiser les formulaires de r\u00e9clamation, de faciliter l\u2019acc\u00e8s \u00e0 l\u2019information (nom, contact de l\u2019organisme gestionnaire) et de rendre les proc\u00e9dures plus rapides et uniformes, avec des sanctions renforc\u00e9es contre les compagnies r\u00e9calcitrantes.<\/p>\n<p><strong>Des nouveaux droits pour les voyageurs vuln\u00e9rables<\/strong><\/p>\n<p><img decoding=\"async\" loading=\"lazy\" class=\"size-full wp-image-153927 alignleft\" src=\"https:\/\/www.europesays.com\/fr\/wp-content\/uploads\/2025\/06\/handicap.jpg\" alt=\"\" width=\"640\" height=\"375\"  \/>Les passagers en situation de handicap ou \u00e0 mobilit\u00e9 r\u00e9duite b\u00e9n\u00e9ficieront de protections renforc\u00e9es, notamment en termes d\u2019acc\u00e8s \u00e0 l\u2019information et de facilitation de leurs d\u00e9placements.<\/p>\n<p>Le dossier \u00e9tait en suspens depuis 2013, relanc\u00e9 en 2019, bri\u00e8vement repris en 2020, puis \u00e0 nouveau bloqu\u00e9.<\/p>\n<p>Sous la pr\u00e9sidence polonaise du Conseil de l\u2019UE, le d\u00e9bat a repris et un compromis a \u00e9t\u00e9 adopt\u00e9 d\u00e9but\u202f2025.<\/p>\n<p><strong>En qu\u00eate d\u2019un \u00e9quilibre entre voyageurs et compagnies a\u00e9riennes<\/strong><\/p>\n<p><img decoding=\"async\" loading=\"lazy\" class=\"size-full wp-image-74398 alignleft\" src=\"https:\/\/www.europesays.com\/fr\/wp-content\/uploads\/2025\/06\/Flightright-indemnisation-des-passagers-aeriens-pour-les-vols-retardes-annules-refus-d-embarquement..jpeg\" alt=\"\" width=\"640\" height=\"279\"  \/>En parall\u00e8le de ces am\u00e9liorations, les \u00c9tats et les compagnies ont n\u00e9goci\u00e9 des ajustements notamment l\u2019 augmentation des seuils de retard pour activer les compensations (passage de 3\u202fh \u00e0 4\u202fh sur vols court\u2011courrier, 6\u202fh sur long\u2011courrier) avec un ajustement des montants : l\u00e9ger hausse pour court-courriers, baisse pour long-courriers.<\/p>\n<p><img decoding=\"async\" loading=\"lazy\" class=\"size-full wp-image-153929 alignleft\" src=\"https:\/\/www.europesays.com\/fr\/wp-content\/uploads\/2025\/06\/aerien-1.jpg\" alt=\"\" width=\"640\" height=\"417\"  \/>Selon le r\u00e8glement en vigueur depuis 2004, quand le vol est assur\u00e9 par une compagnie europ\u00e9enne ou qu\u2019il d\u00e9colle d\u2019un a\u00e9roport europ\u00e9en, le passager a le droit \u00e0 un d\u00e9dommagement de 250 euros pour un vol de moins de 1.500 kilom\u00e8tres, d\u00e8s trois heures de retard.<\/p>\n<p>Mais les compagnies a\u00e9riennes souhaitent durcir ces r\u00e8gles.<\/p>\n<p>\u00c0 l\u2019avenir selon le texte, seuls les vols retard\u00e9s de plus de cinq heures pourraient ouvrir droit \u00e0 une indemnisation de la part de la compagnie.<\/p>\n<p>Ce qui inqui\u00e8te les voyageurs pour qui les compagnies a\u00e9riennes \u00ab\u00a0vont faire des \u00e9conomies\u00ab\u00a0.<\/p>\n<p><img decoding=\"async\" loading=\"lazy\" class=\"size-full wp-image-148323 alignleft\" src=\"https:\/\/www.europesays.com\/fr\/wp-content\/uploads\/2025\/06\/1749538155_81_europe.jpg\" alt=\"\" width=\"640\" height=\"466\"  \/>Il faut savoir que pour les compagnies a\u00e9riennes, les indemnit\u00e9s de retard qu\u2019elles versent aux voyageurs peuvent repr\u00e9senter jusqu\u2019\u00e0 2 % de leur chiffre d\u2019affaires.<\/p>\n<p>Bruxelles devrait \u00e9galement d\u00e9finir une liste plus pr\u00e9cise des cas dans lesquels les compagnies ne seraient pas tenues d\u2019indemniser les voyageurs.<\/p>\n<p><strong>Et maintenant ?<\/strong><\/p>\n<p>Le Conseil de l\u2019UE (ministres des transports) a adopt\u00e9 la position commune.<\/p>\n<p>Le texte doit maintenant \u00eatre n\u00e9goci\u00e9 avec le Parlement europ\u00e9en, selon la proc\u00e9dure dite \u00ab\u202ftrilogues\u202f\u00bb.<\/p>\n<p>L\u2019adoption finale d\u00e9pendra de ce consensus l\u2019\u00e9t\u00e9 ou \u00e0 l\u2019automne 2025.<\/p>\n<p>L\u2019UE modernise et clarifie son cadre juridique face \u00e0 des r\u00e9alit\u00e9s de transport plus complexes, tout en garantissant un meilleur \u00e9quilibre entre protection des passagers, responsabilisation des compagnies a\u00e9riennes, et efficacit\u00e9 des proc\u00e9dures.<\/p>\n<p>\t\t\t\t\t\t\t\t\t\t\t<br clear=\"all\"\/><\/p>\n<p>\t\t\t\t\t\t\t\t\t\t\t&#13;<br \/>\n\t\t\t\t\t\t\t\t\t\t\t\t\t\t\t\t\t\t\t\t\t\t<a href=\"https:\/\/www.facebook.com\/sharer.php?u=https:\/\/www.laquotidienne.fr\/droits-des-passagers-aeriens-lunion-europeenne-vient-dacter-la-revision\/&amp;t=Droits des passagers a\u00e9riens : l\u2019Union europ\u00e9enne vient d\u2019acter la r\u00e9vision\" target=\"_blank\" class=\"item\" title=\"Partagez sur Facebook\" rel=\"noopener\"><img decoding=\"async\" src=\"https:\/\/www.europesays.com\/fr\/wp-content\/uploads\/2025\/04\/fb.jpg\" style=\"box-shadow:0px 0px 10px black;\"\/><\/a><br \/>&#13;<br \/>\n\t\t\t\t\t\t\t\t\t\t\t<a href=\"https:\/\/www.facebook.com\/sharer.php?u=https:\/\/www.laquotidienne.fr\/droits-des-passagers-aeriens-lunion-europeenne-vient-dacter-la-revision\/&amp;t=Droits des passagers a\u00e9riens : l\u2019Union europ\u00e9enne vient d\u2019acter la r\u00e9vision\" target=\"_blank\" class=\"item\" title=\"Partagez sur Facebook\" rel=\"noopener\"><img decoding=\"async\" src=\"https:\/\/www.europesays.com\/fr\/wp-content\/uploads\/2025\/06\/aerien-2-resizedFile55.jpg\" style=\"width:300px;\"\/><\/a>&#13;<\/p>\n<p>&#13;\n\t\t\t\t\t\t\t\t\t\t<\/p>\n","protected":false},"excerpt":{"rendered":"Droits des passagers a\u00e9riens : l\u2019Union europ\u00e9enne vient d\u2019acter la r\u00e9vision &#13; &#13; 10 juin 2025\u00a0\u00a0&#13; &#13; R\u00e9daction\u00a0\u00a0&#13;&hellip;\n","protected":false},"author":2,"featured_media":165075,"comment_status":"","ping_status":"","sticky":false,"template":"","format":"standard","meta":{"footnotes":""},"categories":[1586],"tags":[11,1777,674,1779,1011,27,1031,4052,12,4048,4050,1404,4049,25,4053,4051,602,1778,364],"class_list":{"0":"post-165074","1":"post","2":"type-post","3":"status-publish","4":"format-standard","5":"has-post-thumbnail","7":"category-europe","8":"tag-actualites","9":"tag-eu","10":"tag-europe","11":"tag-european-union","12":"tag-fr","13":"tag-france","14":"tag-magazine","15":"tag-magazine-touristique","16":"tag-news","17":"tag-presse","18":"tag-presse-professionnelle","19":"tag-quotidien","20":"tag-quotidienne","21":"tag-republique-francaise","22":"tag-revue","23":"tag-revue-tourisme","24":"tag-tourisme","25":"tag-ue","26":"tag-union-europeenne"},"share_on_mastodon":{"url":"https:\/\/pubeurope.com\/@fr\/114657739925490637","error":""},"_links":{"self":[{"href":"https:\/\/www.europesays.com\/fr\/wp-json\/wp\/v2\/posts\/165074","targetHints":{"allow":["GET"]}}],"collection":[{"href":"https:\/\/www.europesays.com\/fr\/wp-json\/wp\/v2\/posts"}],"about":[{"href":"https:\/\/www.europesays.com\/fr\/wp-json\/wp\/v2\/types\/post"}],"author":[{"embeddable":true,"href":"https:\/\/www.europesays.com\/fr\/wp-json\/wp\/v2\/users\/2"}],"replies":[{"embeddable":true,"href":"https:\/\/www.europesays.com\/fr\/wp-json\/wp\/v2\/comments?post=165074"}],"version-history":[{"count":0,"href":"https:\/\/www.europesays.com\/fr\/wp-json\/wp\/v2\/posts\/165074\/revisions"}],"wp:featuredmedia":[{"embeddable":true,"href":"https:\/\/www.europesays.com\/fr\/wp-json\/wp\/v2\/media\/165075"}],"wp:attachment":[{"href":"https:\/\/www.europesays.com\/fr\/wp-json\/wp\/v2\/media?parent=165074"}],"wp:term":[{"taxonomy":"category","embeddable":true,"href":"https:\/\/www.europesays.com\/fr\/wp-json\/wp\/v2\/categories?post=165074"},{"taxonomy":"post_tag","embeddable":true,"href":"https:\/\/www.europesays.com\/fr\/wp-json\/wp\/v2\/tags?post=165074"}],"curies":[{"name":"wp","href":"https:\/\/api.w.org\/{rel}","templated":true}]}}