{"id":165095,"date":"2025-06-10T07:03:12","date_gmt":"2025-06-10T07:03:12","guid":{"rendered":"https:\/\/www.europesays.com\/fr\/165095\/"},"modified":"2025-06-10T07:03:12","modified_gmt":"2025-06-10T07:03:12","slug":"je-nai-peur-de-rien-je-mattaque-a-tout-a-ergue-gaberic-roger-transforme-le-metal-en-oeuvre-dart","status":"publish","type":"post","link":"https:\/\/www.europesays.com\/fr\/165095\/","title":{"rendered":"\u00ab\u00a0Je n\u2019ai peur de rien, je m\u2019attaque \u00e0 tout\u00a0\u00bb\u00a0: \u00e0 Ergu\u00e9-Gab\u00e9ric, Roger transforme le m\u00e9tal en \u0153uvre d\u2019art"},"content":{"rendered":"<p>Quand on le rencontre, on devine facilement que Roger Louet n\u2019est pas de ces personnes qui se livrent facilement. Le Gab\u00e9ricois compte plut\u00f4t dans la cat\u00e9gorie des gens timides, qui rougissent \u00e0 l\u2019id\u00e9e de parler d\u2019eux-m\u00eames. Mais dont la discr\u00e9tion, aussi persistante soit-elle, s\u2019efface lorsqu\u2019ils parlent de ce qui les passionne\u2026<\/p>\n<p>Des ann\u00e9es durant, c\u2019est lorsqu\u2019il parlait de son travail que Roger Louet sortait de sa r\u00e9serve. Le Gab\u00e9ricois de 65 ans a \u00e9t\u00e9 proth\u00e9siste dentaire, un m\u00e9tier passion qu\u2019il a exerc\u00e9 avec diligence et engouement jusqu\u2019au moment de prendre sa retraite, il y a cinq ans. Roger aurait pu profiter de ce r\u00e9pit bien m\u00e9rit\u00e9 pour se mettre au vert. Mais impossible, pour ce touche-\u00e0-tout, de rester inactif. \u00ab J\u2019ai toujours \u00e9t\u00e9 bricoleur !, expose le retrait\u00e9. Ne rien faire, ce n\u2019est pas fait pour moi ! \u00bb<\/p>\n<p><img decoding=\"async\" src=\"https:\/\/www.europesays.com\/fr\/wp-content\/uploads\/2025\/06\/6846ea66e39046112600d052.1.jpeg\" width=\"480\" height=\"300\" class=\"web_golden_m\" loading=\"lazy\" alt=\"Roger Louet a construit une vingtaine de sculptures en m\u00e9tal qu\u2019il expose chez lui et dans son jardin, \u00e0 Ergu\u00e9-Gab\u00e9ric.\"\/>Roger Louet a construit une vingtaine de sculptures en m\u00e9tal qu\u2019il expose chez lui et dans son jardin, \u00e0 Ergu\u00e9-Gab\u00e9ric. (Le T\u00e9l\u00e9gramme \/ Laura Ayad)Un sculpteur autodidacte<\/p>\n<p>Dans ces conditions, il ne fallait pas grand-chose pour que Roger se trouve une nouvelle passion. \u00ab Un jour, un ami est venu me dire qu\u2019il comptait se d\u00e9barrasser de plusieurs kilos de ferraille. Personnellement, je trouvais \u00e7a dommage de les envoyer \u00e0 la benne, alors je lui ai demand\u00e9 si je pouvais les r\u00e9cup\u00e9rer\u2026 C\u2019est de l\u00e0 que m\u2019est venue l\u2019id\u00e9e de donner une nouvelle vie \u00e0 ces mat\u00e9riaux. \u00bb <\/p>\n<p>Se laissant guider par son instinct et ses outils, Roger utilise ce premier lot de m\u00e9tal pour construire une sculpture en forme d\u2019abeille. Le r\u00e9sultat, quoique perfectible, s\u00e9duit le retrait\u00e9. Qui se lance \u00e0 pieds joints dans ce nouveau hobby. \u00ab Les toutes premi\u00e8res sculptures \u00e9taient basiques, reconna\u00eet Roger. Je me suis am\u00e9lior\u00e9 au fil des ann\u00e9es, en testant de plus en plus de techniques diff\u00e9rentes et en utilisant des pi\u00e8ces de ferraille vari\u00e9es. Je n\u2019ai peur de rien, je m\u2019attaque \u00e0 tout ! \u00bb<\/p>\n<p><img decoding=\"async\" src=\"https:\/\/www.europesays.com\/fr\/wp-content\/uploads\/2025\/06\/6846ea65163fac77e20ec074.1.jpeg\" width=\"480\" height=\"300\" class=\"web_golden_m\" loading=\"lazy\" alt=\"Roger Louet a construit une vingtaine de sculptures en m\u00e9tal qu\u2019il expose chez lui et dans son jardin, \u00e0 Ergu\u00e9-Gab\u00e9ric.\"\/>Roger Louet a construit une vingtaine de sculptures en m\u00e9tal qu\u2019il expose chez lui et dans son jardin, \u00e0 Ergu\u00e9-Gab\u00e9ric. (Le T\u00e9l\u00e9gramme \/ Laura Ayad)\u00ab Chaque sculpture est plus technique que la pr\u00e9c\u00e9dente \u00bb<\/p>\n<p>Depuis ce premier jet, Roger a con\u00e7u une vingtaine de sculptures en ferraille. De v\u00e9ritables \u0153uvres d\u2019art aux finitions soign\u00e9es, qui ont fini par attirer l\u2019\u0153il d\u2019amateurs d\u2019art. \u00ab Une de mes sculptures a \u00e9t\u00e9 expos\u00e9e au ch\u00e2teau de Tr\u00e9varez pour un No\u00ebl, se souvient Roger. Une autre est install\u00e9e dans le parc du ch\u00e2teau de Kervoazec\u2026 J\u2019ai \u00e9galement expos\u00e9 certaines pi\u00e8ces au manoir de Kerd\u00e9vot, \u00e0 Ergu\u00e9-Gab\u00e9ric. \u00bb <\/p>\n<p>Fort de ce succ\u00e8s, Roger a par ailleurs remport\u00e9 le deuxi\u00e8me prix au concours \u00ab Recyclez cr\u00e9atif \u00bb de B\u00e9nodet. \u00ab Quand je commence une sculpture, j\u2019ai du mal \u00e0 m\u2019arr\u00eater, admet le Gab\u00e9ricois. Je peux passer ma journ\u00e9e, du matin au soir, \u00e0 sculpter. Heureusement, ma femme est l\u00e0 pour me rappeler qu\u2019il est l\u2019heure de manger ! \u00bb Comment explique-t-il cet engouement pour la sculpture ? \u00ab J\u2019aime bien l\u2019id\u00e9e de cr\u00e9er quelque chose, avance Roger. Du temps o\u00f9 je travaillais, c\u2019est d\u00e9j\u00e0 un peu ce que je faisais. \u00bb<\/p>\n<blockquote><p>Chaque sculpture est plus technique que la pr\u00e9c\u00e9dente et me donne plus de fil \u00e0 retordre. Mais au fond, je crois que c\u2019est \u00e7a qui me pla\u00eet : le challenge !<\/p><\/blockquote>\n<p>Pour chaque pi\u00e8ce, Roger, perfectionniste jusqu\u2019au bout des ongles, pousse le curseur un peu loin. Une minutie perceptible dans sa derni\u00e8re sculpture, un poisson d\u2019une cinquantaine de centim\u00e8tres. \u00ab Celle-l\u00e0, j\u2019ai pass\u00e9 plus de trente heures dessus ! Chaque sculpture est plus technique que la pr\u00e9c\u00e9dente et me donne plus de fil \u00e0 retordre. Mais au fond, je crois que c\u2019est \u00e7a qui me pla\u00eet : le challenge ! \u00bb<\/p>\n","protected":false},"excerpt":{"rendered":"Quand on le rencontre, on devine facilement que Roger Louet n\u2019est pas de ces personnes qui se livrent&hellip;\n","protected":false},"author":2,"featured_media":165096,"comment_status":"","ping_status":"","sticky":false,"template":"","format":"standard","meta":{"footnotes":""},"categories":[1358],"tags":[3734,1348,1384,1385,3322,251,1386,58,3320,59,25075,3321,1011,27,3323,3319,3899],"class_list":{"0":"post-165095","1":"post","2":"type-post","3":"status-publish","4":"format-standard","5":"has-post-thumbnail","7":"category-arts-et-design","8":"tag-art","9":"tag-arts","10":"tag-arts-and-design","11":"tag-arts-et-design","12":"tag-concarneau","13":"tag-culture","14":"tag-design","15":"tag-divertissement","16":"tag-douarnenez","17":"tag-entertainment","18":"tag-ergue-gaberic","19":"tag-finistere","20":"tag-fr","21":"tag-france","22":"tag-pont-labbe","23":"tag-quimper","24":"tag-sculpture"},"share_on_mastodon":{"url":"https:\/\/pubeurope.com\/@fr\/114657794993439823","error":""},"_links":{"self":[{"href":"https:\/\/www.europesays.com\/fr\/wp-json\/wp\/v2\/posts\/165095","targetHints":{"allow":["GET"]}}],"collection":[{"href":"https:\/\/www.europesays.com\/fr\/wp-json\/wp\/v2\/posts"}],"about":[{"href":"https:\/\/www.europesays.com\/fr\/wp-json\/wp\/v2\/types\/post"}],"author":[{"embeddable":true,"href":"https:\/\/www.europesays.com\/fr\/wp-json\/wp\/v2\/users\/2"}],"replies":[{"embeddable":true,"href":"https:\/\/www.europesays.com\/fr\/wp-json\/wp\/v2\/comments?post=165095"}],"version-history":[{"count":0,"href":"https:\/\/www.europesays.com\/fr\/wp-json\/wp\/v2\/posts\/165095\/revisions"}],"wp:featuredmedia":[{"embeddable":true,"href":"https:\/\/www.europesays.com\/fr\/wp-json\/wp\/v2\/media\/165096"}],"wp:attachment":[{"href":"https:\/\/www.europesays.com\/fr\/wp-json\/wp\/v2\/media?parent=165095"}],"wp:term":[{"taxonomy":"category","embeddable":true,"href":"https:\/\/www.europesays.com\/fr\/wp-json\/wp\/v2\/categories?post=165095"},{"taxonomy":"post_tag","embeddable":true,"href":"https:\/\/www.europesays.com\/fr\/wp-json\/wp\/v2\/tags?post=165095"}],"curies":[{"name":"wp","href":"https:\/\/api.w.org\/{rel}","templated":true}]}}