{"id":165099,"date":"2025-06-10T07:05:23","date_gmt":"2025-06-10T07:05:23","guid":{"rendered":"https:\/\/www.europesays.com\/fr\/165099\/"},"modified":"2025-06-10T07:05:23","modified_gmt":"2025-06-10T07:05:23","slug":"vous-allez-devoir-vous-coucher-tres-tard-pour-voir-la-deuxieme-partie-de-soiree-ce-mardi","status":"publish","type":"post","link":"https:\/\/www.europesays.com\/fr\/165099\/","title":{"rendered":"Vous allez devoir vous coucher (tr\u00e8s) tard pour voir la deuxi\u00e8me partie de soir\u00e9e ce mardi"},"content":{"rendered":"<p>Depuis quelques semaines, Denis Brogniart donne rendez-vous aux fid\u00e8les de Koh-Lanta, La revanche des 4 terres dans un nouveau format appel\u00e9 Les secrets de Koh-Lanta. Habituellement diffus\u00e9 apr\u00e8s l&rsquo;\u00e9pisode in\u00e9dit de la semaine, le programme sera n\u00e9anmoins propos\u00e9 a un autre horaire ce 10 juin.<\/p>\n<p>C&rsquo;\u00e9tait une des grosses nouveaut\u00e9s annonc\u00e9es<a href=\"https:\/\/www.programme-tv.net\/news\/tv\/370938-koh-lanta-2025-date-de-diffusion-candidats-nouveautes-toutes-les-infos-sur-la-revanche-des-4-terres-la-nouvelle-saison-du-jeu-de-tf1\/\" data-api-deeplink=\"teleloisirs:\/\/news\/370938\" target=\"_blank\" rel=\"noopener\"> avant le lancement de cette \u00e9dition<\/a> de Koh-Lanta, La revanche des 4 terres ! Pour la premi\u00e8re fois de son histoire, le jeu de survie de la <a href=\"https:\/\/www.programme-tv.net\/news\/tv\/377176-est-ce-que-ca-vaut-le-coup-de-se-coucher-a-minuit-pour-regarder-les-secrets-de-koh-lanta-sur-tf1-notre-avis-cash\/\" data-api-deeplink=\"teleloisirs:\/\/news\/377176\" target=\"_blank\" rel=\"noopener\">Une propose aux t\u00e9l\u00e9spectateurs de d\u00e9couvrir les coulisses du tournage<\/a>. En plus de cela, le format appel\u00e9<b> <\/b><b>Les secrets de Koh-Lanta<\/b>, est surtout une \u00e9mission de plateau anim\u00e9e par Denis Brogniart, en pr\u00e9sence de Cindy et Ugo, les deux anciens aventuriers, de l&rsquo;\u00e9limin\u00e9 de chaque semaine et d&rsquo;invit\u00e9s divers et vari\u00e9s. Diffus\u00e9 apr\u00e8s chaque num\u00e9ro in\u00e9dit depuis la r\u00e9unification,<b> le programme sera n\u00e9anmoins propos\u00e9 \u00e0 un autre moment ce 10 juin<\/b>.<\/p>\n<p>Koh-Lanta : \u00e0 quelle heure sera diffus\u00e9 Les secrets de Koh-Lanta avec Denis Brogniart ce mardi 10 juin ?<\/p>\n<p>Alors que la partie en plateau, o\u00f9 les invit\u00e9s du jour se d\u00e9fient sur des quiz autour de Koh-Lanta ou s&rsquo;affrontent sur quelques \u00e9preuves, est habituellement diffus\u00e9e aux alentours de 23h40, ce ne sera pas le cas ce mardi 10 juin. D\u00e8s la fin du num\u00e9ro in\u00e9dit du jeu, <a href=\"https:\/\/www.programme-tv.net\/news\/tv\/380318-claire-koh-lanta-2025-raconte-les-coulisses-de-son-coup-de-bluff-avec-jerome-le-catalan-on-avait-peur-des-questions-de-denis-brogniart-au-conseil\/\" data-api-deeplink=\"teleloisirs:\/\/news\/380318\" target=\"_blank\" rel=\"noopener\">qui devrait normalement pr\u00e9senter la fin du \u00ab\u00a0plus grand coup de bluff de toute l&rsquo;histoire de Koh-Lanta\u00a0\u00bb<\/a>, TF1 diffusera la premi\u00e8re soir\u00e9e de<a href=\"https:\/\/www.programme-tv.net\/news\/tele-realite\/379203-date-de-lancement-retour-des-primes-decouvrez-toutes-les-infos-sur-la-nouvelle-saison-de-secret-story-2025-sur-tf1-et-tfx\/\" data-api-deeplink=\"teleloisirs:\/\/news\/379203\" target=\"_blank\" rel=\"noopener\"> la nouvelle \u00e9dition de Secret Story,<\/a> <a href=\"https:\/\/www.programme-tv.net\/news\/tele-realite\/380067-secret-story-2025-pourquoi-il-n-y-aura-pas-de-secrets-dramatiques-dans-la-nouvelle-saison-christophe-beaugrand-fait-des-revelations\/\" data-api-deeplink=\"teleloisirs:\/\/news\/380067\" target=\"_blank\" rel=\"noopener\">toujours orchestr\u00e9e par Christophe Beaugrand<\/a>. Mais que les t\u00e9l\u00e9spectateurs se rassurent (un peu) : \u00e0 2h05, le Une mettra bien ses Secrets de Koh-Lanta \u00e0 l&rsquo;antenne.<\/p>\n<p>                        Koh-Lanta, La revanche des 4 terres : quels candidats peuvent encore pr\u00e9tendre \u00e0 la victoire ?<\/p>\n<p>Le d\u00e9nouement de Koh-Lanta, La revanche des 4 terres s&rsquo;approche \u00e0 grands pas.<a href=\"https:\/\/www.programme-tv.net\/news\/tv\/370592-koh-lanta-la-revanche-des-4-terres-voici-les-24-candidats-de-la-saison-2025-photos\/\" data-api-deeplink=\"teleloisirs:\/\/news\/370592\" target=\"_blank\" rel=\"noopener\"> Alors qu&rsquo;ils \u00e9taient 24 candidats<\/a> sur la ligne de d\u00e9part de cette \u00e9dition, ils ne sont d\u00e9sormais plus que six, \u00e0 l&rsquo;heure o\u00f9 nous \u00e9crivons ces lignes : J\u00e9r\u00f4me des Landes, Ga\u00eblle, Claire, Ma\u00ebl, J\u00e9r\u00f4me le Catalan et C\u00e9line. <a href=\"https:\/\/www.programme-tv.net\/news\/tv\/380283-ils-etaient-trop-confiants-jerome-le-catalan-koh-lanta-2025-donne-son-avis-cash-sur-l-alliance-adverse\/\" data-api-deeplink=\"teleloisirs:\/\/news\/380283\" target=\"_blank\" rel=\"noopener\">Une semaine apr\u00e8s le coup de g\u00e9nie r\u00e9alis\u00e9 par les deux derniers cit\u00e9s<\/a>, les cartes sont compl\u00e8tement rabattues. Tous n&rsquo;auront s\u00fbrement qu&rsquo;une id\u00e9e en t\u00eate : <a href=\"https:\/\/www.programme-tv.net\/news\/tv\/379857-koh-lanta-2025-on-connait-la-date-de-diffusion-de-la-mythique-epreuve-d-orientation\/\" data-api-deeplink=\"teleloisirs:\/\/news\/379857\" target=\"_blank\" rel=\"noopener\">obtenir une place pour la mythique \u00e9preuve de l&rsquo;orientation<\/a>. Alors, qui seront les cinq derniers survivants de cette saison ? R\u00e9ponse ce soir sur TF1 !<\/p>\n","protected":false},"excerpt":{"rendered":"Depuis quelques semaines, Denis Brogniart donne rendez-vous aux fid\u00e8les de Koh-Lanta, La revanche des 4 terres dans un&hellip;\n","protected":false},"author":2,"featured_media":165100,"comment_status":"","ping_status":"","sticky":false,"template":"","format":"standard","meta":{"footnotes":""},"categories":[1356],"tags":[244,681,58,59,1011,27,680,29853,252,199,1364],"class_list":{"0":"post-165099","1":"post","2":"type-post","3":"status-publish","4":"format-standard","5":"has-post-thumbnail","7":"category-television","8":"tag-commentaire","9":"tag-denis-brogniart","10":"tag-divertissement","11":"tag-entertainment","12":"tag-fr","13":"tag-france","14":"tag-koh-lanta","15":"tag-les-secrets-de-koh-lanta","16":"tag-television","17":"tag-tf1","18":"tag-tv"},"share_on_mastodon":{"url":"https:\/\/pubeurope.com\/@fr\/114657802630142517","error":""},"_links":{"self":[{"href":"https:\/\/www.europesays.com\/fr\/wp-json\/wp\/v2\/posts\/165099","targetHints":{"allow":["GET"]}}],"collection":[{"href":"https:\/\/www.europesays.com\/fr\/wp-json\/wp\/v2\/posts"}],"about":[{"href":"https:\/\/www.europesays.com\/fr\/wp-json\/wp\/v2\/types\/post"}],"author":[{"embeddable":true,"href":"https:\/\/www.europesays.com\/fr\/wp-json\/wp\/v2\/users\/2"}],"replies":[{"embeddable":true,"href":"https:\/\/www.europesays.com\/fr\/wp-json\/wp\/v2\/comments?post=165099"}],"version-history":[{"count":0,"href":"https:\/\/www.europesays.com\/fr\/wp-json\/wp\/v2\/posts\/165099\/revisions"}],"wp:featuredmedia":[{"embeddable":true,"href":"https:\/\/www.europesays.com\/fr\/wp-json\/wp\/v2\/media\/165100"}],"wp:attachment":[{"href":"https:\/\/www.europesays.com\/fr\/wp-json\/wp\/v2\/media?parent=165099"}],"wp:term":[{"taxonomy":"category","embeddable":true,"href":"https:\/\/www.europesays.com\/fr\/wp-json\/wp\/v2\/categories?post=165099"},{"taxonomy":"post_tag","embeddable":true,"href":"https:\/\/www.europesays.com\/fr\/wp-json\/wp\/v2\/tags?post=165099"}],"curies":[{"name":"wp","href":"https:\/\/api.w.org\/{rel}","templated":true}]}}