{"id":165107,"date":"2025-06-10T07:10:15","date_gmt":"2025-06-10T07:10:15","guid":{"rendered":"https:\/\/www.europesays.com\/fr\/165107\/"},"modified":"2025-06-10T07:10:15","modified_gmt":"2025-06-10T07:10:15","slug":"adoptee-par-les-stars-cette-coupe-pourrait-bien-devenir-la-votre-cet-ete","status":"publish","type":"post","link":"https:\/\/www.europesays.com\/fr\/165107\/","title":{"rendered":"Adopt\u00e9e par les stars, cette coupe pourrait bien devenir la v\u00f4tre cet \u00e9t\u00e9"},"content":{"rendered":"<p class=\"ai-optimize-6 ai-optimize-introduction\">Les coupes courtes sont en train d\u2019\u00e9clipser toutes les autres sur les tapis rouges comme dans la rue. Longtemps r\u00e9serv\u00e9e aux esprits audacieux, la coupe dite \u00e0 la gar\u00e7onne revient avec \u00e9clat et s\u2019impose d\u00e9sormais comme un choix fort, \u00e9l\u00e9gant\u2026 et r\u00e9solument tendance. Du Festival de Cannes au Met Gala, les c\u00e9l\u00e9brit\u00e9s osent la m\u00e8che courte, le cr\u00e2ne d\u00e9gag\u00e9 et le style affirm\u00e9. Et cet \u00e9t\u00e9, tout laisse \u00e0 penser qu\u2019elle pourrait bien faire un raz-de-mar\u00e9e.<\/p>\n<p>La coupe qui fait fondre les tapis rouges<\/p>\n<p class=\"ai-optimize-7\">Oubli\u00e9s les chignons sophistiqu\u00e9s, les ondulations vaporeuses ou les brushing volumineux. Place \u00e0 une esth\u00e9tique plus brute et ultra styl\u00e9e. \u00c0 Cannes, le carr\u00e9 r\u00e9tro a bri\u00e8vement domin\u00e9, mais il s\u2019est rapidement fait voler la vedette par des coupes plus franches, plus marqu\u00e9es. Au Met Gala 2025, le carr\u00e9 ultra-court a remport\u00e9 tous les suffrages. C\u2019est bien la coupe dite \u00e0 la gar\u00e7onne qui, ces derniers mois, est en train de s\u2019imposer comme la coupe signature des personnalit\u00e9s qui osent casser les codes.<\/p>\n<p class=\"ai-optimize-8\">Certaines l\u2019ont toujours port\u00e9e, \u00e0 l\u2019image de Kris Jenner ou Pink, figures fid\u00e8les \u00e0 leur look. D\u2019autres l\u2019ont r\u00e9cemment adopt\u00e9e avec panache, \u00e0 commencer par Emma Stone, dont le style r\u00e9tro-minimaliste s\u00e9duit depuis plusieurs saisons. Sur les r\u00e9seaux sociaux, son allure coiff\u00e9e-d\u00e9coiff\u00e9e, toujours impeccable, fait mouche \u00e0 chaque apparition.<\/p>\n<blockquote class=\"instagram-media\" style=\"background: #FFF; border: 0; border-radius: 3px; box-shadow: 0 0 1px 0 rgba(0,0,0,0.5),0 1px 10px 0 rgba(0,0,0,0.15); margin: 1px; max-width: 540px; min-width: 326px; padding: 0; width: calc(100% - 2px);\" data-instgrm-permalink=\"https:\/\/www.instagram.com\/p\/DGOOMaVqS3W\/?utm_source=ig_embed&amp;utm_campaign=loading\" data-instgrm-version=\"14\">\n<\/blockquote>\n<p>Un engouement grandissant chez les c\u00e9l\u00e9brit\u00e9s<\/p>\n<p class=\"ai-optimize-9\">Derri\u00e8re elle, une vague de c\u00e9l\u00e9brit\u00e9s a suivi : Jourdan Dunn, Emma Chamberlain ou encore Iris Law affichent aujourd\u2019hui une coupe ultra courte qui souligne leurs traits et accentue leur pr\u00e9sence. M\u00eame les it-girls connues pour leurs longueurs glamour, comme Emily Ratajkowski, Cindy Bruna ou Carla Ginola, se sont laiss\u00e9 tenter par cette coiffure le temps d\u2019une soir\u00e9e, souvent gr\u00e2ce \u00e0 une perruque bien pens\u00e9e. M\u00eame dans ces versions temporaires, le message est clair : la coupe dite gar\u00e7onne n\u2019est plus un tabou, elle est devenue un statement.<\/p>\n<blockquote class=\"instagram-media\" style=\"background: #FFF; border: 0; border-radius: 3px; box-shadow: 0 0 1px 0 rgba(0,0,0,0.5),0 1px 10px 0 rgba(0,0,0,0.15); margin: 1px; max-width: 540px; min-width: 326px; padding: 0; width: calc(100% - 2px);\" data-instgrm-permalink=\"https:\/\/www.instagram.com\/p\/DJUb9_pRigL\/?utm_source=ig_embed&amp;utm_campaign=loading\" data-instgrm-version=\"14\">\n<\/blockquote>\n<p>Pourquoi la coupe dite gar\u00e7onne s\u00e9duit tant ?<\/p>\n<p class=\"ai-optimize-10\">Inspir\u00e9e par les ann\u00e9es 1920, cette coiffure embl\u00e9matique a longtemps repr\u00e9sent\u00e9 une forme d\u2019\u00e9mancipation et de libert\u00e9. En 2025, elle conserve cette aura tout en s\u2019adaptant aux tendances actuelles : elle peut \u00eatre androgyne selon le style, rock ou romantique selon la texture.<\/p>\n<p class=\"ai-optimize-11\">Son principal atout : elle structure le visage comme aucune autre. En d\u00e9voilant les tempes, la nuque et parfois m\u00eame le front avec une frange effil\u00e9e, elle souligne les pommettes, met en valeur les yeux et permet au maquillage de s\u2019exprimer pleinement. Id\u00e9ale pour l\u2019\u00e9t\u00e9, elle lib\u00e8re de la chaleur et donne une impression de l\u00e9g\u00e8ret\u00e9 imm\u00e9diate.<\/p>\n<p class=\"ai-optimize-12\">Autre avantage de taille : la facilit\u00e9 d\u2019entretien. Un peu de cire, de gel ou un spray texturisant suffisent \u00e0 lui donner une forme. On peut l\u2019adopter lisse et \u00e9l\u00e9gante, faussement n\u00e9glig\u00e9e pour un effet \u00ab sortie de lit \u00bb, ou encore structur\u00e9e pour une allure plus audacieuse. Et surtout, elle peut \u00eatre ajust\u00e9e \u00e0 toutes les morphologies de visage.<\/p>\n<p class=\"ai-optimize-15\">Cet \u00e9t\u00e9, la coupe dite gar\u00e7onne s\u2019impose ainsi comme bien plus qu\u2019une tendance capillaire : c\u2019est un choix de style, une affirmation de soi. Port\u00e9e par les stars, relay\u00e9e sur les r\u00e9seaux et pl\u00e9biscit\u00e9e dans les salons, elle pourrait bien devenir la coupe phare des beaux jours. Et si, vous aussi, vous osiez ?<\/p>\n<p><script async src=\"\/\/www.instagram.com\/embed.js\"><\/script><\/p>\n","protected":false},"excerpt":{"rendered":"Les coupes courtes sont en train d\u2019\u00e9clipser toutes les autres sur les tapis rouges comme dans la rue.&hellip;\n","protected":false},"author":2,"featured_media":165108,"comment_status":"","ping_status":"","sticky":false,"template":"","format":"standard","meta":{"footnotes":""},"categories":[8],"tags":[1111,11288,58,59,1011,27],"class_list":{"0":"post-165107","1":"post","2":"type-post","3":"status-publish","4":"format-standard","5":"has-post-thumbnail","7":"category-divertissement","8":"tag-actu","9":"tag-cheveux","10":"tag-divertissement","11":"tag-entertainment","12":"tag-fr","13":"tag-france"},"share_on_mastodon":{"url":"https:\/\/pubeurope.com\/@fr\/114657822425000849","error":""},"_links":{"self":[{"href":"https:\/\/www.europesays.com\/fr\/wp-json\/wp\/v2\/posts\/165107","targetHints":{"allow":["GET"]}}],"collection":[{"href":"https:\/\/www.europesays.com\/fr\/wp-json\/wp\/v2\/posts"}],"about":[{"href":"https:\/\/www.europesays.com\/fr\/wp-json\/wp\/v2\/types\/post"}],"author":[{"embeddable":true,"href":"https:\/\/www.europesays.com\/fr\/wp-json\/wp\/v2\/users\/2"}],"replies":[{"embeddable":true,"href":"https:\/\/www.europesays.com\/fr\/wp-json\/wp\/v2\/comments?post=165107"}],"version-history":[{"count":0,"href":"https:\/\/www.europesays.com\/fr\/wp-json\/wp\/v2\/posts\/165107\/revisions"}],"wp:featuredmedia":[{"embeddable":true,"href":"https:\/\/www.europesays.com\/fr\/wp-json\/wp\/v2\/media\/165108"}],"wp:attachment":[{"href":"https:\/\/www.europesays.com\/fr\/wp-json\/wp\/v2\/media?parent=165107"}],"wp:term":[{"taxonomy":"category","embeddable":true,"href":"https:\/\/www.europesays.com\/fr\/wp-json\/wp\/v2\/categories?post=165107"},{"taxonomy":"post_tag","embeddable":true,"href":"https:\/\/www.europesays.com\/fr\/wp-json\/wp\/v2\/tags?post=165107"}],"curies":[{"name":"wp","href":"https:\/\/api.w.org\/{rel}","templated":true}]}}