{"id":165139,"date":"2025-06-10T07:29:08","date_gmt":"2025-06-10T07:29:08","guid":{"rendered":"https:\/\/www.europesays.com\/fr\/165139\/"},"modified":"2025-06-10T07:29:08","modified_gmt":"2025-06-10T07:29:08","slug":"choc-entre-un-poids-lourd-et-deux-utilitaires-sur-la-4-voies","status":"publish","type":"post","link":"https:\/\/www.europesays.com\/fr\/165139\/","title":{"rendered":"choc entre un poids lourd et deux utilitaires sur la 4 voies"},"content":{"rendered":"<p>            Par<br \/>\n        <strong><br \/>\n            <a href=\"https:\/\/actu.fr\/auteur\/leo-gautret-actu-fr\" title=\"Consulter tous les articles de L\u00e9o Gautret\" rel=\"nofollow noopener\" target=\"_blank\">L\u00e9o Gautret<\/a><br \/>\n        <\/strong><\/p>\n<p>        Publi\u00e9 le<\/p>\n<p>            10 juin 2025 \u00e0 9h21        <\/p>\n<p>Les sapeurs-pompiers ont \u00e9t\u00e9 alert\u00e9s vers<b> 8\u2009h\u200930, <\/b>ce <b>mardi 10\u00a0juin<\/b> 2025, pour un <b>accident<\/b> de la circulation survenu sur la <b>RN 157,<\/b> \u00e0 <b>Noyal-sur-Vilaine<\/b> (Ille-et-Vilaine).<\/p>\n<p class=\" wall-content\">Deux <b>v\u00e9hicules utilitaires <\/b>et <b>un poids lourd <\/b>qui circulaient en direction de Rennes sont impliqu\u00e9s. Le choc s\u2019est produit \u00e0 hauteur de la <b>zone artisanale Boisini\u00e8re.<\/b><\/p>\n<p>Circulation r\u00e9duite \u00e0 une voie<\/p>\n<p class=\" wall-content\">Contact\u00e9, le Centre op\u00e9rationnel d\u00e9partemental d\u2019incendie et de secours (Codis) \u00e9carte pour le moment toute notion de gravit\u00e9 dans cet accident. Aucun bless\u00e9 grave n\u2019a \u00e9t\u00e9 signal\u00e9.<\/p>\n<p class=\" wall-content\">La <b>circulation a \u00e9t\u00e9 r\u00e9duite \u00e0 une voie<\/b>, le temps de l\u2019intervention des secours. Des ralentissements sont \u00e0 pr\u00e9voir \u00e0 proximit\u00e9 du secteur concern\u00e9.<\/p>\n<p class=\" wall-content\">Suivez toute l\u2019actualit\u00e9 de vos villes et m\u00e9dias favoris en vous inscrivant \u00e0 <a href=\"https:\/\/moncompte.actu.fr\" title=\"D\u00e9couvez Mon Actu\" rel=\"nofollow noopener\" data-trk=\"{&quot;cta&quot;:{&quot;action&quot;:&quot;https:\\\/\\\/moncompte.actu.fr&quot;,&quot;category&quot;:&quot;mon compte&quot;,&quot;from&quot;:&quot;article footer&quot;,&quot;name&quot;:&quot;Mon actu&quot;,&quot;type&quot;:&quot;cta&quot;}}\" target=\"_blank\">Mon Actu<\/a>.<\/p>\n","protected":false},"excerpt":{"rendered":"Par L\u00e9o Gautret Publi\u00e9 le 10 juin 2025 \u00e0 9h21 Les sapeurs-pompiers ont \u00e9t\u00e9 alert\u00e9s vers 8\u2009h\u200930, ce&hellip;\n","protected":false},"author":2,"featured_media":165140,"comment_status":"","ping_status":"","sticky":false,"template":"","format":"standard","meta":{"footnotes":""},"categories":[2821],"tags":[119,1111,11,829,1777,674,118,1011,27,12,584,25],"class_list":{"0":"post-165139","1":"post","2":"type-post","3":"status-publish","4":"format-standard","5":"has-post-thumbnail","7":"category-rennes","8":"tag-accident","9":"tag-actu","10":"tag-actualites","11":"tag-bretagne","12":"tag-eu","13":"tag-europe","14":"tag-faits-divers","15":"tag-fr","16":"tag-france","17":"tag-news","18":"tag-rennes","19":"tag-republique-francaise"},"share_on_mastodon":{"url":"https:\/\/pubeurope.com\/@fr\/114657896965045710","error":""},"_links":{"self":[{"href":"https:\/\/www.europesays.com\/fr\/wp-json\/wp\/v2\/posts\/165139","targetHints":{"allow":["GET"]}}],"collection":[{"href":"https:\/\/www.europesays.com\/fr\/wp-json\/wp\/v2\/posts"}],"about":[{"href":"https:\/\/www.europesays.com\/fr\/wp-json\/wp\/v2\/types\/post"}],"author":[{"embeddable":true,"href":"https:\/\/www.europesays.com\/fr\/wp-json\/wp\/v2\/users\/2"}],"replies":[{"embeddable":true,"href":"https:\/\/www.europesays.com\/fr\/wp-json\/wp\/v2\/comments?post=165139"}],"version-history":[{"count":0,"href":"https:\/\/www.europesays.com\/fr\/wp-json\/wp\/v2\/posts\/165139\/revisions"}],"wp:featuredmedia":[{"embeddable":true,"href":"https:\/\/www.europesays.com\/fr\/wp-json\/wp\/v2\/media\/165140"}],"wp:attachment":[{"href":"https:\/\/www.europesays.com\/fr\/wp-json\/wp\/v2\/media?parent=165139"}],"wp:term":[{"taxonomy":"category","embeddable":true,"href":"https:\/\/www.europesays.com\/fr\/wp-json\/wp\/v2\/categories?post=165139"},{"taxonomy":"post_tag","embeddable":true,"href":"https:\/\/www.europesays.com\/fr\/wp-json\/wp\/v2\/tags?post=165139"}],"curies":[{"name":"wp","href":"https:\/\/api.w.org\/{rel}","templated":true}]}}