{"id":165141,"date":"2025-06-10T07:30:12","date_gmt":"2025-06-10T07:30:12","guid":{"rendered":"https:\/\/www.europesays.com\/fr\/165141\/"},"modified":"2025-06-10T07:30:12","modified_gmt":"2025-06-10T07:30:12","slug":"courrier-des-lecteurs-circulations-problematiques-transports-en-commun-gratuits-cest-vous-qui-le-dites","status":"publish","type":"post","link":"https:\/\/www.europesays.com\/fr\/165141\/","title":{"rendered":"Courrier des lecteurs. Circulations probl\u00e9matiques, transports en commun gratuits&#8230; C&rsquo;est vous qui le dites"},"content":{"rendered":"<p>  <strong>\u00c0 quand l\u2019abandon du nouvel am\u00e9nagement de la rue M\u00e9lanie\u200a?<\/strong><\/p>\n<p><strong>Jean-Pierre Moniatte, Strasbourg\u2009:<\/strong><br \/>\u00ab\u2009Il y a eu, dans le pass\u00e9, d\u2019autres abandons de folies technocratiques. Gr\u00e2ce \u00e0 Napol\u00e9on Ier, le calendrier r\u00e9publicain (ou r\u00e9volutionnaire), instaur\u00e9 en 1793, a \u00e9t\u00e9 aboli \u00e0 compter du 1er\u00a0janvier 1806, par d\u00e9cret imp\u00e9rial, et reprise du calendrier instaur\u00e9 par le pape Gr\u00e9goire XIII en 1582. (Ce calendrier r\u00e9publicain comportait 12 mois de 30 jours, subdivis\u00e9s en 3 d\u00e9cades, nomm\u00e9s \u00e0 partir du syst\u00e8me agricole\u200a: fructidor,\u00a0etc.). Le peuple \u00e9tait tr\u00e8s m\u00e9content. Pour deux raisons\u200a: trop compliqu\u00e9, mais surtout repos le 10e jour et non plus le 7e. Il y a eu pire\u200a: obnubil\u00e9 par le syst\u00e8me m\u00e9trique, le d\u00e9cret (article\u00a011) instituait la division d\u00e9cimale du temps avec des jours de 10 heures, de 100 minutes chacune,\u00a0etc. Adieu les anciennes pendules et montres\u200a! Cela n\u2019a pas dur\u00e9\u200a: article supprim\u00e9 10 mois plus tard.<br \/>Pour terminer, \u00e0 quand l\u2019abandon de <a href=\"https:\/\/www.dna.fr\/politique\/2025\/06\/06\/nouveaux-travaux-annonces-rue-melanie-les-riverains-en-colere-ecrivent-a-marc-hoffsess\" target=\"_blank\" rel=\"noopener\">la nouvelle circulation rue M\u00e9lanie<\/a>\u200a?\u200a: comme Dominique Vouge (DNA du 30\u00a0mai\u00a02025), je l\u2019ai exp\u00e9riment\u00e9e. Bravo.\u200a\u00bb<\/p>\n<p><strong>Arieh Adida et Nathalie Goldberg, Strasbourg\u200a:<\/strong><br \/>\u00ab\u200a\u00c0 Strasbourg, les habitants des rues Baldung-Grien, Louis-Apffel, Strauss-Durkheim et \u00e9galement Ehrmann ont d\u00e9couvert le nouveau circuit \u201cFormule z\u00e9ro voitures\u201d qui leur a \u00e9t\u00e9 concoct\u00e9 par la mairie, jamais \u00e0 court d\u2019imagination pour compliquer la vie des riverains.Tout le monde est d\u00e9boussol\u00e9, au regard des v\u00e9hicules qui y circulent dans les deux sens depuis le changement\u200a! M\u00eame le camion poubelle a circul\u00e9 \u00e0 contresens. Il faut dire que le panneau sens interdit est fix\u00e9 du c\u00f4t\u00e9 droit, et de nombreuses voitures qui tournent \u00e0 droite venant de la rue Oberlin, ne le voient tout simplement pas.<br \/>\u00c0 cela s\u2019ajoute un panneau Zone 30 qui laisse penser aux automobilistes qu\u2019ils peuvent y circuler \u00e0 30\u00a0km\/h. Renseignements pris, ce panneau concerne\u2026 les cyclistes\u200a! Utile pour des courses cyclistes, moins le reste de l\u2019ann\u00e9e\u2026<br \/>Vous l\u2019aurez compris, Raymond Devos y retrouverait les grandes lignes de son sketch \u201cSens interdits\u201d, tellement ce panneau rattrape les riverains \u00e0 chaque coin de rue.<br \/>Ce secteur est devenu une enclave, un pi\u00e8ge \u00e0 automobilistes. C\u2019est la double peine pour les habitants, qui ont aussi vu dispara\u00eetre 42 places de parking remplac\u00e9es par des chaises, des bancs debout et quelques arbres.<br \/>Les personnes en situation de handicap regrettent \u00e9galement la disparition d\u2019une place PMR, et les complications pour rentrer chez elles. Les habitants de la rue Ehrmann sont oblig\u00e9s de faire un grand tour par la place du Qu\u00e9bec et l\u2019avenue de la Paix pour entrer dans leur rue. O\u00f9 est le gain en termes de pollution de l\u2019air s\u2019il faut tourner en rond\u200a?<br \/>Quid des d\u00e9m\u00e9nagements\/emm\u00e9nagements futurs puisque les am\u00e9nagements vont g\u00eaner l\u2019acc\u00e8s des camions et monte-charges\u200a?<br \/>Le bon sens a perdu la partie, pour une mise de 667\u200a000\u00a0euros.<br \/>Marcher sur la t\u00eate reste peut-\u00eatre la seule solution pour \u00eatre raccord avec la nouvelle donne de ce quartier.\u200a\u00bb<\/p>\n<p><strong>Claudine Koell, Ostwald\u2009:<\/strong><br \/>\u00ab\u2009Une seule question me taraude\u200a: \u00e0 l\u2019\u00e8re o\u00f9 l\u2019on pr\u00f4ne les transports en commun au nom de l\u2019\u00e9cologie, pourquoi ne pas rendre le transport CTS gratuit pour ceux qui participent aux Courses de Strasbourg en mai et \u00e0 la marche rose en octobre\u200a? Il suffirait de montrer son dossard pour preuve de participation\u2026 \ud83d\ude09<br \/>\u00c0 bon entendeur \u201cvert\u201d\u200a!\u200a\u00bb<\/p>\n","protected":false},"excerpt":{"rendered":"\u00c0 quand l\u2019abandon du nouvel am\u00e9nagement de la rue M\u00e9lanie\u200a? Jean-Pierre Moniatte, Strasbourg\u2009:\u00ab\u2009Il y a eu, dans le&hellip;\n","protected":false},"author":2,"featured_media":165142,"comment_status":"","ping_status":"","sticky":false,"template":"","format":"standard","meta":{"footnotes":""},"categories":[2820],"tags":[1111,11,2880,1777,674,1011,27,775,12,6611,25,104,640,3265,3089,2879],"class_list":{"0":"post-165141","1":"post","2":"type-post","3":"status-publish","4":"format-standard","5":"has-post-thumbnail","7":"category-strasbourg","8":"tag-actu","9":"tag-actualites","10":"tag-edition-strasbourg","11":"tag-eu","12":"tag-europe","13":"tag-fr","14":"tag-france","15":"tag-grand-est","16":"tag-news","17":"tag-ostwald","18":"tag-republique-francaise","19":"tag-societe","20":"tag-strasbourg","21":"tag-strasbourg-nord","22":"tag-strasbourg-sud","23":"tag-strasbourg-ville"},"share_on_mastodon":{"url":"https:\/\/pubeurope.com\/@fr\/114657900817140528","error":""},"_links":{"self":[{"href":"https:\/\/www.europesays.com\/fr\/wp-json\/wp\/v2\/posts\/165141","targetHints":{"allow":["GET"]}}],"collection":[{"href":"https:\/\/www.europesays.com\/fr\/wp-json\/wp\/v2\/posts"}],"about":[{"href":"https:\/\/www.europesays.com\/fr\/wp-json\/wp\/v2\/types\/post"}],"author":[{"embeddable":true,"href":"https:\/\/www.europesays.com\/fr\/wp-json\/wp\/v2\/users\/2"}],"replies":[{"embeddable":true,"href":"https:\/\/www.europesays.com\/fr\/wp-json\/wp\/v2\/comments?post=165141"}],"version-history":[{"count":0,"href":"https:\/\/www.europesays.com\/fr\/wp-json\/wp\/v2\/posts\/165141\/revisions"}],"wp:featuredmedia":[{"embeddable":true,"href":"https:\/\/www.europesays.com\/fr\/wp-json\/wp\/v2\/media\/165142"}],"wp:attachment":[{"href":"https:\/\/www.europesays.com\/fr\/wp-json\/wp\/v2\/media?parent=165141"}],"wp:term":[{"taxonomy":"category","embeddable":true,"href":"https:\/\/www.europesays.com\/fr\/wp-json\/wp\/v2\/categories?post=165141"},{"taxonomy":"post_tag","embeddable":true,"href":"https:\/\/www.europesays.com\/fr\/wp-json\/wp\/v2\/tags?post=165141"}],"curies":[{"name":"wp","href":"https:\/\/api.w.org\/{rel}","templated":true}]}}