{"id":165149,"date":"2025-06-10T07:35:27","date_gmt":"2025-06-10T07:35:27","guid":{"rendered":"https:\/\/www.europesays.com\/fr\/165149\/"},"modified":"2025-06-10T07:35:27","modified_gmt":"2025-06-10T07:35:27","slug":"une-operation-escargot-menee-par-les-vtc-attention-aux-bouchons","status":"publish","type":"post","link":"https:\/\/www.europesays.com\/fr\/165149\/","title":{"rendered":"une op\u00e9ration escargot men\u00e9e par les VTC, attention aux bouchons"},"content":{"rendered":"<p>            Par<br \/>\n        <strong><br \/>\n            <a href=\"https:\/\/actu.fr\/auteur\/thomas-bernard\" title=\"Consulter tous les articles de Thomas Bernard\" target=\"_blank\" rel=\"noopener\">Thomas Bernard<\/a><br \/>\n        <\/strong><\/p>\n<p>        Publi\u00e9 le<\/p>\n<p>            10 juin 2025 \u00e0 7h23        <\/p>\n<p>L\u2019intersyndicale (FO, Union Ind\u00e9pendants, Acil et Union des VTC) des chauffeurs VTC appelle \u00e0 une mobilisation nationale dans les grandes m\u00e9tropoles fran\u00e7aises, <strong>ce mardi 10\u00a0juin 2025<\/strong>, pour d\u00e9noncer\u2009: \u00ab\u2009la d\u00e9gradation de leurs conditions de travail\u2009\u00bb, la baisse de leurs revenus ou bien \u00ab\u2009l\u2019absence de dialogue sociale avec les plateformes\u2009\u00bb.<\/p>\n<p class=\" wall-content\">\u00c0 l\u2019instar de toute la France, les chauffeurs VTC se mobilisent \u00e0 <strong>Nantes de 7h \u00e0 17h<\/strong>. Les manifestants vont mener <strong>une op\u00e9ration escargot sur le p\u00e9riph\u00e9rique int\u00e9rieur et ext\u00e9rieur \u00e0 partir de 8h<\/strong>. Une partie du cort\u00e8ge devrait rallier les abords de <a href=\"https:\/\/actu.fr\/tag\/aeroport-de-nantes\" target=\"_blank\" rel=\"noopener\">l\u2019a\u00e9roport de Nantes<\/a>.<\/p>\n<p>Ralentissements \u00e0 la gare<\/p>\n<p class=\" wall-content\">La mobilisation devrait se d\u00e9placer \u00e0 la gare sud en fin de matin\u00e9e et d\u00e9but d\u2019apr\u00e8s-midi. Selon nos confr\u00e8res de <a href=\"https:\/\/www.ouest-france.fr\/pays-de-la-loire\/nantes-44000\/les-vtc-manifestent-a-nantes-le-peripherique-au-ralenti-ce-mardi-matin-c0e22d7c-4530-11f0-aedb-e054fec24790\" target=\"_blank\" rel=\"noopener\">Ouest-France<\/a>, les v\u00e9hicules \u00e0 l\u2019arr\u00eat filtreront la circulation dans le secteur.<\/p>\n<p class=\" wall-content\">Les chauffeurs VTC d\u00e9fileront ensuite dans le centre-ville pour ensuite s\u2019arr\u00eater devant la pr\u00e9fecture en milieu d\u2019apr\u00e8s-midi.<\/p>\n<p class=\" wall-content\">Suivez toute l\u2019actualit\u00e9 de vos villes et m\u00e9dias favoris en vous inscrivant \u00e0 <a href=\"https:\/\/moncompte.actu.fr\" title=\"D\u00e9couvez Mon Actu\" rel=\"nofollow noopener\" data-trk=\"{&quot;cta&quot;:{&quot;action&quot;:&quot;https:\\\/\\\/moncompte.actu.fr&quot;,&quot;category&quot;:&quot;mon compte&quot;,&quot;from&quot;:&quot;article footer&quot;,&quot;name&quot;:&quot;Mon actu&quot;,&quot;type&quot;:&quot;cta&quot;}}\" target=\"_blank\">Mon Actu<\/a>.<\/p>\n","protected":false},"excerpt":{"rendered":"Par Thomas Bernard Publi\u00e9 le 10 juin 2025 \u00e0 7h23 L\u2019intersyndicale (FO, Union Ind\u00e9pendants, Acil et Union des&hellip;\n","protected":false},"author":2,"featured_media":165150,"comment_status":"","ping_status":"","sticky":false,"template":"","format":"standard","meta":{"footnotes":""},"categories":[2818],"tags":[1111,11,754,1777,674,1011,27,1272,766,12,2636,4013,25,104],"class_list":{"0":"post-165149","1":"post","2":"type-post","3":"status-publish","4":"format-standard","5":"has-post-thumbnail","7":"category-nantes","8":"tag-actu","9":"tag-actualites","10":"tag-aeroport-de-nantes","11":"tag-eu","12":"tag-europe","13":"tag-fr","14":"tag-france","15":"tag-manifestations","16":"tag-nantes","17":"tag-news","18":"tag-pays-de-la-loire","19":"tag-peripherique","20":"tag-republique-francaise","21":"tag-societe"},"share_on_mastodon":{"url":"https:\/\/pubeurope.com\/@fr\/114657920485812431","error":""},"_links":{"self":[{"href":"https:\/\/www.europesays.com\/fr\/wp-json\/wp\/v2\/posts\/165149","targetHints":{"allow":["GET"]}}],"collection":[{"href":"https:\/\/www.europesays.com\/fr\/wp-json\/wp\/v2\/posts"}],"about":[{"href":"https:\/\/www.europesays.com\/fr\/wp-json\/wp\/v2\/types\/post"}],"author":[{"embeddable":true,"href":"https:\/\/www.europesays.com\/fr\/wp-json\/wp\/v2\/users\/2"}],"replies":[{"embeddable":true,"href":"https:\/\/www.europesays.com\/fr\/wp-json\/wp\/v2\/comments?post=165149"}],"version-history":[{"count":0,"href":"https:\/\/www.europesays.com\/fr\/wp-json\/wp\/v2\/posts\/165149\/revisions"}],"wp:featuredmedia":[{"embeddable":true,"href":"https:\/\/www.europesays.com\/fr\/wp-json\/wp\/v2\/media\/165150"}],"wp:attachment":[{"href":"https:\/\/www.europesays.com\/fr\/wp-json\/wp\/v2\/media?parent=165149"}],"wp:term":[{"taxonomy":"category","embeddable":true,"href":"https:\/\/www.europesays.com\/fr\/wp-json\/wp\/v2\/categories?post=165149"},{"taxonomy":"post_tag","embeddable":true,"href":"https:\/\/www.europesays.com\/fr\/wp-json\/wp\/v2\/tags?post=165149"}],"curies":[{"name":"wp","href":"https:\/\/api.w.org\/{rel}","templated":true}]}}