{"id":16516,"date":"2025-04-11T04:32:16","date_gmt":"2025-04-11T04:32:16","guid":{"rendered":"https:\/\/www.europesays.com\/fr\/16516\/"},"modified":"2025-04-11T04:32:16","modified_gmt":"2025-04-11T04:32:16","slug":"toulouse-un-immeuble-fragilise-en-centre-ville-une-rue-coupee-et-en-partie-evacuee","status":"publish","type":"post","link":"https:\/\/www.europesays.com\/fr\/16516\/","title":{"rendered":"Toulouse. Un immeuble fragilis\u00e9 en centre-ville, une rue coup\u00e9e et en partie \u00e9vacu\u00e9e"},"content":{"rendered":"<p>            Par<br \/>\n        <strong><br \/>\n            <a href=\"https:\/\/actu.fr\/auteur\/lucie-2\" title=\"Consulter tous les articles de Lucie Fraisse\" rel=\"nofollow noopener\" target=\"_blank\">Lucie Fraisse<\/a><br \/>\n        <\/strong><\/p>\n<p>        Publi\u00e9 le<\/p>\n<p>            9 avr. 2025 \u00e0 18h22<br \/>\n        ; mis \u00e0 jour le 9 avr. 2025 \u00e0 19h05    <\/p>\n<p>Mise \u00e0 jour \u00e0 19 heures<\/p>\n<p>\u00ab\u00a0Un arr\u00eat\u00e9 de p\u00e9ril imminent va \u00eatre r\u00e9dig\u00e9 par la mairie de Toulouse pour l\u2019immeuble situ\u00e9 au num\u00e9ro 10 de la rue des Filatiers\u00a0\u00bb, indique Gr\u00e9gory Fabre, commandant des pompiers. Des op\u00e9rations de consolidation avec \u00e9taiement vont \u00eatre lanc\u00e9es. Les habitants des autres immeubles de la rue vont pouvoir r\u00e9int\u00e9grer leurs logements et commerces. <br \/>La rue reste s\u00e9curis\u00e9e avec un barri\u00e8rage sur les deux tiers de son emprise.<\/p>\n<p class=\" wall-content\">Deux immeubles du centre historique de<a href=\"https:\/\/actu.fr\/toulouse\/\" rel=\"nofollow noopener\" target=\"_blank\"> Toulouse<\/a> ont \u00e9t\u00e9 \u00e9vacu\u00e9s ce mercredi 9 avril 2025, dans le<strong> quartier des Carmes<\/strong>. Il s\u2019agit des b\u00e2timents situ\u00e9s aux num\u00e9ros 8 et 10 de la<strong> rue des Filatiers<\/strong>.<\/p>\n<p>    <a href=\"https:\/\/www.google.com\/maps\/embed?pb=!1m18!1m12!1m3!1d5778.734614680802!2d1.4415417746605788!3d43.59889325594382!2m3!1f0!2f0!3f0!3m2!1i1024!2i768!4f13.1!3m3!1m2!1s0x12aebc82a5372b8d%3A0x7ca83b77986960b2!2sRue%20des%20Filatiers%2C%2031000%20Toulouse!5e0!3m2!1sfr!2sfr!4v1744212155642!5m2!1sfr!2sfr\" title=\"Ouvrie le lien\" rel=\"nofollow noopener\" target=\"_blank\">Cliquez ici pour visualiser le contenu<\/a><\/p>\n<p>Fragilit\u00e9 structurelle\u00a0<br \/>\n      <img   decoding=\"async\" loading=\"lazy\" src=\"https:\/\/www.europesays.com\/fr\/wp-content\/uploads\/2025\/04\/img-3542-960x640.jpg\" alt=\"Les pompiers sont arriv\u00e9s sur place vers 15 heures.\" width=\"960\" height=\"640\"\/><br \/>\n    Les pompiers sont arriv\u00e9s sur place vers 15 heures. (\u00a9actu.fr\/M.L.)<\/p>\n<p class=\" wall-content\">L\u2019immeuble situ\u00e9 au num\u00e9ro 10 pr\u00e9sente en effet \u00ab\u00a0des signes de fragilit\u00e9 structurelle\u00a0\u00bb, selon les mots des pompiers. Par pr\u00e9caution, il a \u00e9t\u00e9 \u00e9vacu\u00e9, tout comme le b\u00e2timent voisin, situ\u00e9 au num\u00e9ro 8. Ces deux b\u00e2timents sont sur trois niveaux, avec<strong> huit appartements et un commerce au rez-de-chauss\u00e9e<\/strong>.<\/p>\n<p>Vid\u00e9os : en ce moment sur Actu<\/p>\n<p class=\" wall-content\">\u201cL\u2019immeuble situ\u00e9 au num\u00e9ro 10 est le point de d\u00e9part de notre r\u00e9flexion, explique Gr\u00e9gory Fabre, commandant des pompiers. On a \u00e9t\u00e9 alert\u00e9 par des techniciens b\u00e2timentaires de la Ville qui menaient des investigations.\u00a0\u00bb<\/p>\n<p>Signes de fissures\u00a0<\/p>\n<p class=\" wall-content\">Les pompiers sont arriv\u00e9s sur place vers 15 heures et l\u2019\u00e9vacuation des deux b\u00e2timents a \u00e9t\u00e9 d\u00e9cid\u00e9e.<\/p>\n<blockquote class=\"ac-article-quote wall-content\">\n<p>Par pr\u00e9caution les habitants ne pourront pas rentrer chez eux. Il y a un puits de jour au 10 avec des signes probants de fissures et de fragilit\u00e9 du mur c\u00f4t\u00e9 int\u00e9rieur. Il faut finaliser les investigations pour conna\u00eetre le niveau de gravit\u00e9.<\/p>\n<p>    <strong>Gr\u00e9gory Fabre<\/strong><br \/>\n        Commandant des pompiers    <\/p><\/blockquote>\n<p>La rue en partie inaccessible\u00a0<\/p>\n<p class=\" wall-content\">Il n\u2019y avait aucun habitant pr\u00e9sent au num\u00e9ro 8, \u00e0 l\u2019arriv\u00e9e des pompiers sur place ce mercredi apr\u00e8s-midi. En fin de journ\u00e9e, une journaliste d\u2019Actu Toulouse, pr\u00e9sente rue des Filatiers, a pu croiser des locataires qui n\u2019avaient <strong>aucune possibilit\u00e9 de r\u00e9cup\u00e9rer des affaires chez eux<\/strong>.<\/p>\n<p class=\" wall-content\">La rue des Filatiers est en partie barr\u00e9e \u00e0 la circulation, tous les commerces sont ferm\u00e9s du d\u00e9but de la rue jusqu\u2019au num\u00e9ro 27, des deux c\u00f4t\u00e9s de la rue, jusqu\u2019\u00e0 la place des Carmes.<\/p>\n<p>D\u00e9j\u00e0 des immeubles \u00e9vacu\u00e9s dans cette rue en 2021\u00a0<\/p>\n<p class=\" wall-content\">Ce n\u2019est pas la premi\u00e8re fois que des b\u00e2timents de cette rue tr\u00e8s passante du centre-ville sont \u00e9vacu\u00e9s.<\/p>\n<p class=\" wall-content\">En 2021, les habitants des immeubles situ\u00e9s aux num\u00e9ros 12 et 14 de la rue des Filatiers <a href=\"https:\/\/actu.fr\/occitanie\/toulouse_31555\/toulouse-deux-immeubles-menacent-de-s-effondrer-en-ville-si-j-entends-un-bruit-je-dois-fuir_43872023.html\" rel=\"nofollow noopener\" target=\"_blank\">avaient en effet \u00e9t\u00e9 contraints de quitter leurs logements et commerces<\/a>. Le mur mitoyen entre les deux b\u00e2tis pr\u00e9sentait <strong>des signes de fragilit\u00e9<\/strong>, la mairie avait mis en \u0153uvre une proc\u00e9dure de p\u00e9ril imminent avec interdiction d\u2019habiter.\u00a0<\/p>\n<p>Mise en \u0153uvre d\u2019un plan de sauvegarde<\/p>\n<p class=\" wall-content\">Ces derniers mois, le centre-ville de Toulouse a plusieurs fois fait la une de l\u2019actualit\u00e9 pour des immeubles dont l\u2019\u00e9tat g\u00e9n\u00e9ral laisse \u00e0 d\u00e9sirer. En mars 2024, c\u2019est <a href=\"https:\/\/actu.fr\/occitanie\/toulouse_31555\/toulouse-l-immeuble-en-peril-s-est-effondre-rue-saint-rome-recherche-de-victimes-en-cours_60799485.html\" rel=\"nofollow noopener\" target=\"_blank\">un b\u00e2timent situ\u00e9 rue Saint-Rome, \u00e0 deux pas du Capitole<\/a>, qui s\u2019\u00e9tait effondr\u00e9 en pleine nuit, ne faisant, heureusement, aucune victime.\u00a0<\/p>\n<p class=\" wall-content\">Un an plus tard, Jean-Luc Moudenc, maire de Toulouse, avait d\u00e9voil\u00e9 les contours <a href=\"https:\/\/actu.fr\/occitanie\/toulouse_31555\/locations-renovations-de-logements-de-nouvelles-regles-pour-le-centre-ville-de-toulouse-ce-qui-change_62338002.html\" rel=\"nofollow noopener\" target=\"_blank\">d\u2019un Plan de Sauvegarde et de Mise en Valeur, un nouveau r\u00e8glement d\u2019urbanisme<\/a> qui s\u2019impose en centre-ville, \u00e0 l\u2019int\u00e9rieur des boulevards et au faubourg Saint-Cyprien.\u00a0<\/p>\n<p class=\" wall-content\">Un plan de sauvegarde avec plusieurs objectifs \u2009: \u00ab\u2009encourager les propri\u00e9taires \u00e0 investir tout en prot\u00e9geant le patrimoine. Ne pas mus\u00e9ifier le centre-ville et pr\u00e9venir les \u00e9v\u00e9nements que l\u2019on a pu conna\u00eetre ces derniers mois\u2009\u00bb, expliquait alors le maire de Toulouse.<\/p>\n<p class=\" wall-content\"><strong>Avec Mar\u00e9va Laville, sur place.<\/strong><\/p>\n<p class=\" wall-content\">Suivez toute l\u2019actualit\u00e9 de vos villes et m\u00e9dias favoris en vous inscrivant \u00e0 <a href=\"https:\/\/moncompte.actu.fr\" title=\"D\u00e9couvez Mon Actu\" rel=\"nofollow noopener\" data-trk=\"{&quot;cta&quot;:{&quot;action&quot;:&quot;https:\\\/\\\/moncompte.actu.fr&quot;,&quot;category&quot;:&quot;mon compte&quot;,&quot;from&quot;:&quot;article footer&quot;,&quot;name&quot;:&quot;Mon actu&quot;,&quot;type&quot;:&quot;cta&quot;}}\" target=\"_blank\">Mon Actu<\/a>.<\/p>\n","protected":false},"excerpt":{"rendered":"Par Lucie Fraisse Publi\u00e9 le 9 avr. 2025 \u00e0 18h22 ; mis \u00e0 jour le 9 avr. 2025&hellip;\n","protected":false},"author":2,"featured_media":16517,"comment_status":"","ping_status":"","sticky":false,"template":"","format":"standard","meta":{"footnotes":""},"categories":[2816],"tags":[1111,11,1777,674,118,1011,27,12,2680,1311,25,2312],"class_list":{"0":"post-16516","1":"post","2":"type-post","3":"status-publish","4":"format-standard","5":"has-post-thumbnail","7":"category-toulouse","8":"tag-actu","9":"tag-actualites","10":"tag-eu","11":"tag-europe","12":"tag-faits-divers","13":"tag-fr","14":"tag-france","15":"tag-news","16":"tag-occitanie","17":"tag-pompiers","18":"tag-republique-francaise","19":"tag-toulouse"},"share_on_mastodon":{"url":"https:\/\/pubeurope.com\/@fr\/114317462447377791","error":""},"_links":{"self":[{"href":"https:\/\/www.europesays.com\/fr\/wp-json\/wp\/v2\/posts\/16516","targetHints":{"allow":["GET"]}}],"collection":[{"href":"https:\/\/www.europesays.com\/fr\/wp-json\/wp\/v2\/posts"}],"about":[{"href":"https:\/\/www.europesays.com\/fr\/wp-json\/wp\/v2\/types\/post"}],"author":[{"embeddable":true,"href":"https:\/\/www.europesays.com\/fr\/wp-json\/wp\/v2\/users\/2"}],"replies":[{"embeddable":true,"href":"https:\/\/www.europesays.com\/fr\/wp-json\/wp\/v2\/comments?post=16516"}],"version-history":[{"count":0,"href":"https:\/\/www.europesays.com\/fr\/wp-json\/wp\/v2\/posts\/16516\/revisions"}],"wp:featuredmedia":[{"embeddable":true,"href":"https:\/\/www.europesays.com\/fr\/wp-json\/wp\/v2\/media\/16517"}],"wp:attachment":[{"href":"https:\/\/www.europesays.com\/fr\/wp-json\/wp\/v2\/media?parent=16516"}],"wp:term":[{"taxonomy":"category","embeddable":true,"href":"https:\/\/www.europesays.com\/fr\/wp-json\/wp\/v2\/categories?post=16516"},{"taxonomy":"post_tag","embeddable":true,"href":"https:\/\/www.europesays.com\/fr\/wp-json\/wp\/v2\/tags?post=16516"}],"curies":[{"name":"wp","href":"https:\/\/api.w.org\/{rel}","templated":true}]}}