{"id":165161,"date":"2025-06-10T07:42:09","date_gmt":"2025-06-10T07:42:09","guid":{"rendered":"https:\/\/www.europesays.com\/fr\/165161\/"},"modified":"2025-06-10T07:42:09","modified_gmt":"2025-06-10T07:42:09","slug":"sept-coproprietes-degradees-du-centre-ville-de-marseille-appelees-a-devenir-des-logements-sociaux","status":"publish","type":"post","link":"https:\/\/www.europesays.com\/fr\/165161\/","title":{"rendered":"Sept copropri\u00e9t\u00e9s d\u00e9grad\u00e9es du centre-ville de Marseille appel\u00e9es \u00e0 devenir des logements sociaux"},"content":{"rendered":"<p>Des blindages ont \u00e9t\u00e9 pos\u00e9s sur les portes afin d\u2019\u00e9viter les squats. Situ\u00e9 dans un quartier tranquille, au 80 rue Perrin-Solliers (6e), \u00e0 deux pas du boulevard Baille, cet immeuble de trois \u00e9tages et six logements actuellement \u00e0 l\u2019abandon devrait bient\u00f4t \u00eatre rachet\u00e9 puis r\u00e9habilit\u00e9 par un bailleur social. Depuis\u00a02007, dans le cadre d\u2019une concession <a href=\"https:\/\/www.laprovence.com\/article\/region\/125971858856115\/marseille-contre-le-mal-logement-un-numero-de-telephone-boude-par-les-habitants\" target=\"_blank\" rel=\"noopener\">d\u2019\u00e9radication de l\u2019habitat indigne<\/a> (EHI) conclue avec la Ville puis la M\u00e9tropole, Marseille Habitat acquiert des immeubles d\u00e9grad\u00e9s pour les retaper puis les revendre \u00e0 des bailleurs sociaux, et ainsi cr\u00e9er du logement social.<\/p>\n","protected":false},"excerpt":{"rendered":"Des blindages ont \u00e9t\u00e9 pos\u00e9s sur les portes afin d\u2019\u00e9viter les squats. Situ\u00e9 dans un quartier tranquille, au&hellip;\n","protected":false},"author":2,"featured_media":165162,"comment_status":"","ping_status":"","sticky":false,"template":"","format":"standard","meta":{"footnotes":""},"categories":[2814],"tags":[17,1111,11,29855,11898,29854,1446,9219,1777,674,1011,27,884,12,882,25,2559,104],"class_list":{"0":"post-165161","1":"post","2":"type-post","3":"status-publish","4":"format-standard","5":"has-post-thumbnail","7":"category-marseille","8":"tag-17","9":"tag-actu","10":"tag-actualites","11":"tag-appelees","12":"tag-centre-ville","13":"tag-coproprietes","14":"tag-dans","15":"tag-degradees","16":"tag-eu","17":"tag-europe","18":"tag-fr","19":"tag-france","20":"tag-marseille","21":"tag-news","22":"tag-provence-alpes-cote-dazur","23":"tag-republique-francaise","24":"tag-sept","25":"tag-societe"},"share_on_mastodon":{"url":"https:\/\/pubeurope.com\/@fr\/114657948019368511","error":""},"_links":{"self":[{"href":"https:\/\/www.europesays.com\/fr\/wp-json\/wp\/v2\/posts\/165161","targetHints":{"allow":["GET"]}}],"collection":[{"href":"https:\/\/www.europesays.com\/fr\/wp-json\/wp\/v2\/posts"}],"about":[{"href":"https:\/\/www.europesays.com\/fr\/wp-json\/wp\/v2\/types\/post"}],"author":[{"embeddable":true,"href":"https:\/\/www.europesays.com\/fr\/wp-json\/wp\/v2\/users\/2"}],"replies":[{"embeddable":true,"href":"https:\/\/www.europesays.com\/fr\/wp-json\/wp\/v2\/comments?post=165161"}],"version-history":[{"count":0,"href":"https:\/\/www.europesays.com\/fr\/wp-json\/wp\/v2\/posts\/165161\/revisions"}],"wp:featuredmedia":[{"embeddable":true,"href":"https:\/\/www.europesays.com\/fr\/wp-json\/wp\/v2\/media\/165162"}],"wp:attachment":[{"href":"https:\/\/www.europesays.com\/fr\/wp-json\/wp\/v2\/media?parent=165161"}],"wp:term":[{"taxonomy":"category","embeddable":true,"href":"https:\/\/www.europesays.com\/fr\/wp-json\/wp\/v2\/categories?post=165161"},{"taxonomy":"post_tag","embeddable":true,"href":"https:\/\/www.europesays.com\/fr\/wp-json\/wp\/v2\/tags?post=165161"}],"curies":[{"name":"wp","href":"https:\/\/api.w.org\/{rel}","templated":true}]}}