{"id":165165,"date":"2025-06-10T07:44:12","date_gmt":"2025-06-10T07:44:12","guid":{"rendered":"https:\/\/www.europesays.com\/fr\/165165\/"},"modified":"2025-06-10T07:44:12","modified_gmt":"2025-06-10T07:44:12","slug":"lyon-la-statue-de-jeanne-darc-sera-t-elle-restauree-a-temps","status":"publish","type":"post","link":"https:\/\/www.europesays.com\/fr\/165165\/","title":{"rendered":"Lyon. La statue de Jeanne d&rsquo;Arc sera-t-elle restaur\u00e9e \u00e0 temps ? &#8211;"},"content":{"rendered":"<p>\t\t\t\t<img fetchpriority=\"high\" decoding=\"async\" width=\"900\" height=\"609\" src=\"https:\/\/www.europesays.com\/fr\/wp-content\/uploads\/2025\/06\/01-statue-jeanne-darc.jpg\" alt=\"\" title=\"01 statue jeanne d\u2019arc\"   class=\"wp-image-160611\"\/><\/p>\n<p>Dans deux ans et demi, on f\u00eatera le centenaire de son installation, il est urgent d\u2019engager des travaux &#8211; Photo Lyon People <\/p>\n<p><strong>Texte\u00a0: Marc de Jouvencel<\/strong> \u2013 Faisant face \u00e0 l\u2019\u00e9glise de la R\u00e9demption, la statue de sainte Jeanne d\u2019Arc a \u00e9t\u00e9 r\u00e9alis\u00e9e par le sculpteur <strong>Jean Chorel<\/strong> (1875-1946), form\u00e9 l\u2019\u00e9cole des Beaux-arts de Lyon, \u00e0 sa grande \u00e9poque.<\/p>\n<p>La sainte, native de Domr\u00e9my, est repr\u00e9sent\u00e9e \u00e0 cheval, bras lev\u00e9s et yeux au ciel. Install\u00e9e sur la place Puvis de Chavannes dans le 6\u00e8me arrondissement, elle a \u00e9t\u00e9 remise \u00e0 la Ville de Lyon et inaugur\u00e9e sous la pr\u00e9sidence d\u2019<strong>Edouard Herriot<\/strong>, le 18 novembre 1928*, alors que ce dernier n\u2019\u00e9tait pas vraiment une grenouille de b\u00e9nitier.<\/p>\n<p>\u00ab\u00a0Au d\u00e9but du XXe si\u00e8cle, la France de la IIIe R\u00e9publique est l\u2019un des r\u00e9gimes les plus anticl\u00e9ricaux de l\u2019histoire. Sa loi de s\u00e9paration des Eglises et de l\u2019Etat, en 1905, heurte profond\u00e9ment une partie du pays et c\u2019est dans un souci r\u00e9ciproque de r\u00e9conciliation que le Saint-Si\u00e8ge et les gouvernants fran\u00e7ais en viennent \u00e0 accepter la b\u00e9atification de Jeanne, en 1909\u00a0\u00bb souligne l\u2019architecte historien <strong>Pierre Jourdan<\/strong>**.<\/p>\n<p><img loading=\"lazy\" decoding=\"async\" class=\"alignnone size-full wp-image-160613\" src=\"data:image\/svg+xml,%3Csvg%20xmlns=\" http:=\"\" alt=\"\" width=\"900\" height=\"593\" data-lazy- data-lazy- data-lazy-src=\"https:\/\/www.europesays.com\/fr\/wp-content\/uploads\/2025\/06\/04-place-puvis-de-chavanne-lyon.jpg\"\/><\/p>\n<p>Voil\u00e0 pour le contexte. Cent ans plus tard, alors que la Ville de Lyon envisage des projets de r\u00e9novation du square, mat\u00e9rialis\u00e9 par la pose d\u2019un panneau informatif en date du 19\/02\/2025, curieusement rien ne concerne l\u2019\u0153uvre qui en est l\u2019\u00e9picentre. Il est pr\u00e9vu de d\u00e9poser la cl\u00f4ture d\u2019enceinte, de cr\u00e9er des massifs d\u2019arbustes et d\u2019entamer \u00ab\u00a0la r\u00e9fection du stabilis\u00e9 des all\u00e9es\u00a0\u00bb.<\/p>\n<p><strong>Un oubli politique\u00a0?<\/strong><\/p>\n<p>Face \u00e0 ce programme bien incomplet, les habitants peuvent l\u00e9gitimement se poser la question. Et si l\u2019on se r\u00e9f\u00e8re au positionnement id\u00e9ologique et au dogmatisme des \u00e9lus Verts, la r\u00e9ponse ne fait gu\u00e8re de doute. Personne n\u2019a oubli\u00e9 la pitoyable com\u00e9die de (l\u2019\u00e9ph\u00e9)maire refusant de p\u00e9n\u00e9trer dans la basilique de Fourvi\u00e8re pour comm\u00e9morer le v\u0153u des \u00e9chevins.<\/p>\n<p>Ce qu\u2019ignore <strong>Gr\u00e9gory Doucet<\/strong>, c\u2019est le lien affectif que habitants de Lyon 6 et les paroissiens de la R\u00e9demption entretiennent avec elle, soit en mode culotte courte, soit en mode jeune parent ou encore grand-parent. Depuis un si\u00e8cle, elle a veill\u00e9 sur les milliers de bambins de bonne famille qui ont galop\u00e9 entre ses jambes ou des ados ayant indument grimp\u00e9 sur sa monture avant la pose des barri\u00e8res.<\/p>\n<p><img loading=\"lazy\" decoding=\"async\" aria-describedby=\"caption-attachment-160612\" class=\"size-full wp-image-160612\" src=\"data:image\/svg+xml,%3Csvg%20xmlns=\" http:=\"\" alt=\"\" width=\"900\" height=\"614\" data-lazy- data-lazy- data-lazy-src=\"https:\/\/www.europesays.com\/fr\/wp-content\/uploads\/2025\/06\/Jeanne-darc-lyon-bm.jpg\"\/><\/p>\n<p id=\"caption-attachment-160612\" class=\"wp-caption-text\">La statue photographi\u00e9e au d\u00e9but des ann\u00e9es 80 quand elle \u00e9tait encore entretenue \u2013 Photo Ren\u00e9 Dejean (1926-1999) Archives Biblioth\u00e8que municipale de Lyon<\/p>\n<p>Si son esth\u00e9tisme n\u2019\u00e9tait gu\u00e8re du go\u00fbt des dames de la paroisse (notamment la comtesse Philippe Engelhard), elle ne manquait pas pour autant d\u2019en saluer le symbole. Tout comme les vieux royalistes et autres camelots du roi qui, durant des dizaines d\u2019ann\u00e9es, sont venus en procession au mois de mai fleurir son socle \u00e0 l\u2019occasion de sa f\u00eate.<\/p>\n<p>Mais depuis 2020, le r\u00e9visionnisme historique doubl\u00e9 de wokisme est la r\u00e8gle chez les Verts qui envisagent de d\u00e9boulonner la statue du Sergent Blandan et de d\u00e9baptiser la rue du g\u00e9n\u00e9ral Bugeaud, sous les applaudissements de leur \u00e9lectorat communautaire. Dans ce contexte de d\u00e9construction mentale, comment la figure de Jeanne d\u2019Arc pourrait-elle trouver gr\u00e2ce \u00e0 leurs yeux\u00a0?<\/p>\n<p><strong>Son projet de restauration a donc \u00e9t\u00e9 propos\u00e9 par des Lyonnais <\/strong><\/p>\n<p><img loading=\"lazy\" decoding=\"async\" class=\" wp-image-160614 alignleft\" src=\"data:image\/svg+xml,%3Csvg%20xmlns=\" http:=\"\" alt=\"\" width=\"285\" height=\"334\" data-lazy-src=\"https:\/\/www.europesays.com\/fr\/wp-content\/uploads\/2025\/06\/07-statue-jeanne-darc-lyon-6.jpg\"\/>Notamment <strong>Mathieu<\/strong> qui l\u2019a inscrit dans l\u2019inventaire des projets patrimoniaux soumis au vote des Lyonnais dans le cadre du budget participatif dot\u00e9 d\u2019un budget de 12\u00a0500\u00a0000 euros. Il ne reste que 6 jours pour aller voter (anonymement) sur la plateforme num\u00e9rique cr\u00e9\u00e9e \u00e0 cet effet.<\/p>\n<p>Dans deux ans et demi, on f\u00eatera le centenaire de son installation, il est urgent d\u2019engager des travaux (estim\u00e9s \u00e0 90 000 euros). \u00ab Sa restauration incluant ses bas-reliefs et son pi\u00e9destal, permettrait de lui redonner son lustre d\u2019antan, en pr\u00e9vision du centenaire de son installation, et de r\u00e9tablir la perspective sur la place depuis la rue du Docteur Mouisset et les quais du Rh\u00f4ne \u00bb.<\/p>\n<blockquote>\n<p><strong>Vous pouvez voter et faire voter pour ce projet en vous rendant \u00e0 l\u2019adresse suivante, avant le 15 juin 2025. Le lien est ici\u00a0: <\/strong><a href=\"https:\/\/oye.participer.lyon.fr\/processes\/bp2024\/f\/372\/budgets\/4\/projects\/354\" rel=\"nofollow noopener\" target=\"_blank\">https:\/\/oye.participer.lyon.fr\/processes\/bp2024\/f\/372\/budgets\/4\/projects\/354<\/a><\/p>\n<\/blockquote>\n<p>* Source\u00a0: Le Salut public, 19 novembre 1928<br \/>** Article paru dans Lyon People \u00ab\u00a0Les secrets de Tassin\u00a0\u00bb, juin 2024<\/p>\n","protected":false},"excerpt":{"rendered":"Dans deux ans et demi, on f\u00eatera le centenaire de son installation, il est urgent d\u2019engager des travaux&hellip;\n","protected":false},"author":2,"featured_media":165166,"comment_status":"","ping_status":"","sticky":false,"template":"","format":"standard","meta":{"footnotes":""},"categories":[1889],"tags":[4257,1111,11,2430,1777,674,1011,27,2428,12,25,29856],"class_list":{"0":"post-165165","1":"post","2":"type-post","3":"status-publish","4":"format-standard","5":"has-post-thumbnail","7":"category-lyon","8":"tag-0top","9":"tag-actu","10":"tag-actualites","11":"tag-auvergne-rhone-alpes","12":"tag-eu","13":"tag-europe","14":"tag-fr","15":"tag-france","16":"tag-lyon","17":"tag-news","18":"tag-republique-francaise","19":"tag-statue-de-jeanne-darc"},"share_on_mastodon":{"url":"https:\/\/pubeurope.com\/@fr\/114657956036540336","error":""},"_links":{"self":[{"href":"https:\/\/www.europesays.com\/fr\/wp-json\/wp\/v2\/posts\/165165","targetHints":{"allow":["GET"]}}],"collection":[{"href":"https:\/\/www.europesays.com\/fr\/wp-json\/wp\/v2\/posts"}],"about":[{"href":"https:\/\/www.europesays.com\/fr\/wp-json\/wp\/v2\/types\/post"}],"author":[{"embeddable":true,"href":"https:\/\/www.europesays.com\/fr\/wp-json\/wp\/v2\/users\/2"}],"replies":[{"embeddable":true,"href":"https:\/\/www.europesays.com\/fr\/wp-json\/wp\/v2\/comments?post=165165"}],"version-history":[{"count":0,"href":"https:\/\/www.europesays.com\/fr\/wp-json\/wp\/v2\/posts\/165165\/revisions"}],"wp:featuredmedia":[{"embeddable":true,"href":"https:\/\/www.europesays.com\/fr\/wp-json\/wp\/v2\/media\/165166"}],"wp:attachment":[{"href":"https:\/\/www.europesays.com\/fr\/wp-json\/wp\/v2\/media?parent=165165"}],"wp:term":[{"taxonomy":"category","embeddable":true,"href":"https:\/\/www.europesays.com\/fr\/wp-json\/wp\/v2\/categories?post=165165"},{"taxonomy":"post_tag","embeddable":true,"href":"https:\/\/www.europesays.com\/fr\/wp-json\/wp\/v2\/tags?post=165165"}],"curies":[{"name":"wp","href":"https:\/\/api.w.org\/{rel}","templated":true}]}}