{"id":165178,"date":"2025-06-10T07:52:11","date_gmt":"2025-06-10T07:52:11","guid":{"rendered":"https:\/\/www.europesays.com\/fr\/165178\/"},"modified":"2025-06-10T07:52:11","modified_gmt":"2025-06-10T07:52:11","slug":"le-paris-saint-germain-lance-la-reedition-de-son-maillot-rouge-de-1975","status":"publish","type":"post","link":"https:\/\/www.europesays.com\/fr\/165178\/","title":{"rendered":"Le Paris Saint-Germain lance la r\u00e9\u00e9dition de son maillot rouge de 1975"},"content":{"rendered":"<p><img loading=\"lazy\" decoding=\"async\" alt=\"\u00a9 PSG - Le PSG r\u00e9\u00e9dite son maillot de 1975.\" data-zoom-src=\"https:\/\/www.europesays.com\/fr\/wp-content\/uploads\/2025\/06\/initial-maillot-psg-1975.jpg\" data-zoomable=\"\" height=\"702\" src=\"https:\/\/www.europesays.com\/fr\/wp-content\/uploads\/2025\/06\/initial-maillot-psg-1975.jpg\" width=\"1248\"\/>  <\/p>\n<p class=\"article-desc\">\u00a9 PSG &#8211; Le PSG r\u00e9\u00e9dite son maillot de 1975. <\/p>\n<p>Le <strong>Paris Saint-Germain<\/strong> a annonc\u00e9 dans un communiqu\u00e9, jeudi, la <strong>r\u00e9\u00e9dition d&rsquo;un maillot mythique<\/strong> port\u00e9 par les joueurs en 1975. Une tunique vintage rouge et bleu qui marque les premi\u00e8res ann\u00e9es du <a class=\"invalid-link\" href=\"https:\/\/mesinfos.fr\/Stade%20du%20PSG%20%C3%A0%20Poissy%20:%20Val%C3%A9rie%20P%C3%A9cresse%20pose%20ses%20conditions%20%C3%A0%20Stellantis\" rel=\"noopener nofollow\" target=\"_blank\">club parisien<\/a>, fond\u00e9 en 1970, avec la station de radio, RTL, en sponsor au centre de celle-ci. <\/p>\n<p> Un maillot imagin\u00e9 par Daniel Hechter <\/p>\n<p>Une <strong>tunique iconique <\/strong>pens\u00e9e \u00e0 l&rsquo;\u00e9poque par le <strong>couturier Daniel Hechter <\/strong>et remis au gout du jour. Un maillot r\u00e9tro d\u00e9j\u00e0 disponible sur le site de la boutique du club et les points de vente officiels.\u00a0\u00bbV\u00e9ritable t\u00e9moin de l\u2019histoire du Club, ce maillot du <a href=\"https:\/\/mesinfos.fr\/75000-paris\/le-paris-saint-germain-remporte-son-13e-trophee-des-champions-213664.html\" rel=\"noopener nofollow\" target=\"_blank\">Paris Saint-Germain<\/a> incarne bien plus qu\u2019un simple \u00e9quipement sportif. Cette r\u00e9\u00e9dition, au style r\u00e9tro et r\u00e9solument tendance, c\u00e9l\u00e8bre la transmission, le lien unique entre les g\u00e9n\u00e9rations de supporters. Entre m\u00e9moire et modernit\u00e9, elle invite \u00e0 revivre l\u2019\u00e9motion des d\u00e9buts tout en affirmant l\u2019identit\u00e9 du PSG d\u2019aujourd\u2019hui.\u00a0\u00bb, \u00e9crit le PSG dans son message.<\/p>\n<p>Un maillot port\u00e9 en premi\u00e8re division \u00e0 l&rsquo;\u00e9poque par des joueurs tels que <strong>Fran\u00e7ois M&rsquo;Pel\u00e9<\/strong>, <strong>Jean-Marc Pilorget<\/strong>, <strong>Jean-Pierre Tokoto<\/strong> ou <strong>Mustapha Dahleb<\/strong>, \u00e9ternel num\u00e9ro 11 et auteur de 98 buts avec le PSG entre 1974 et 1984. \u00ab\u00a0\u00c0 travers eux, c\u2019est tout un pan de l\u2019histoire du Paris Saint-Germain qui revit. Cette r\u00e9\u00e9dition rend hommage \u00e0 leur talent, \u00e0 leur passion, et \u00e0 une g\u00e9n\u00e9ration de supporters qui a vu na\u00eetre l\u2019ambition du Club.\u00a0\u00bb, conclut le club parisien, qui 50 ans plus tard, remporte sa premi\u00e8re <strong>Ligue des Champions<\/strong>.<\/p>\n","protected":false},"excerpt":{"rendered":"\u00a9 PSG &#8211; Le PSG r\u00e9\u00e9dite son maillot de 1975. Le Paris Saint-Germain a annonc\u00e9 dans un communiqu\u00e9,&hellip;\n","protected":false},"author":2,"featured_media":165179,"comment_status":"","ping_status":"","sticky":false,"template":"","format":"standard","meta":{"footnotes":""},"categories":[1888],"tags":[11,1777,674,1011,27,12,626,93,25],"class_list":{"0":"post-165178","1":"post","2":"type-post","3":"status-publish","4":"format-standard","5":"has-post-thumbnail","7":"category-paris","8":"tag-actualites","9":"tag-eu","10":"tag-europe","11":"tag-fr","12":"tag-france","13":"tag-news","14":"tag-paris","15":"tag-psg","16":"tag-republique-francaise"},"share_on_mastodon":{"url":"https:\/\/pubeurope.com\/@fr\/114657987387077602","error":""},"_links":{"self":[{"href":"https:\/\/www.europesays.com\/fr\/wp-json\/wp\/v2\/posts\/165178","targetHints":{"allow":["GET"]}}],"collection":[{"href":"https:\/\/www.europesays.com\/fr\/wp-json\/wp\/v2\/posts"}],"about":[{"href":"https:\/\/www.europesays.com\/fr\/wp-json\/wp\/v2\/types\/post"}],"author":[{"embeddable":true,"href":"https:\/\/www.europesays.com\/fr\/wp-json\/wp\/v2\/users\/2"}],"replies":[{"embeddable":true,"href":"https:\/\/www.europesays.com\/fr\/wp-json\/wp\/v2\/comments?post=165178"}],"version-history":[{"count":0,"href":"https:\/\/www.europesays.com\/fr\/wp-json\/wp\/v2\/posts\/165178\/revisions"}],"wp:featuredmedia":[{"embeddable":true,"href":"https:\/\/www.europesays.com\/fr\/wp-json\/wp\/v2\/media\/165179"}],"wp:attachment":[{"href":"https:\/\/www.europesays.com\/fr\/wp-json\/wp\/v2\/media?parent=165178"}],"wp:term":[{"taxonomy":"category","embeddable":true,"href":"https:\/\/www.europesays.com\/fr\/wp-json\/wp\/v2\/categories?post=165178"},{"taxonomy":"post_tag","embeddable":true,"href":"https:\/\/www.europesays.com\/fr\/wp-json\/wp\/v2\/tags?post=165178"}],"curies":[{"name":"wp","href":"https:\/\/api.w.org\/{rel}","templated":true}]}}