{"id":165188,"date":"2025-06-10T07:57:09","date_gmt":"2025-06-10T07:57:09","guid":{"rendered":"https:\/\/www.europesays.com\/fr\/165188\/"},"modified":"2025-06-10T07:57:09","modified_gmt":"2025-06-10T07:57:09","slug":"lallemagne-domine-la-production-de-vehicules-electriques-en-europe","status":"publish","type":"post","link":"https:\/\/www.europesays.com\/fr\/165188\/","title":{"rendered":"L&rsquo;Allemagne domine la production de v\u00e9hicules \u00e9lectriques en Europe"},"content":{"rendered":"<p>Alors que le march\u00e9 europ\u00e9en des v\u00e9hicules \u00e9lectriques semble red\u00e9coller en 2025, le bilan de l&rsquo;ann\u00e9e 2024 montre un tassement de la production continentale de VE de 7 %. Dans ce contexte, les plus grosses usines pourvoyeuses de ces mod\u00e8les restent en Allemagne. <\/p>\n<p>En 2024, les quatre usines qui ont produit le plus de v\u00e9hicules \u00e9lectriques en Europe \u00e9taient en Allemagne. \u00a9Volkswagen  <\/p>\n<p>Le march\u00e9 europ\u00e9en de la <a href=\"https:\/\/journalauto.com\/tag\/vehicule-electrique\/\" target=\"_blank\" rel=\"noopener\">voiture \u00e9lectrique<\/a> semble se redresser apr\u00e8s quatre mois d&rsquo;activit\u00e9 en 2025, <a href=\"https:\/\/journalauto.com\/data-center\/marche-automobile-europeen-lelectrique-senvole-tesla-coule\/\" target=\"_blank\" rel=\"noopener\">avec une hausse de 27,9 %<\/a> des immatriculations, selon les chiffres de l&rsquo;<a href=\"https:\/\/journalauto.com\/tag\/acea\/\" target=\"_blank\" rel=\"noopener\">ACEA<\/a>. Les VE totalisent ainsi 758 109 immatriculations sur le continent (UE+EFTA+UK), soit 165 574 de plus qu&rsquo;un an plus t\u00f4t.<\/p>\n<p>\u00a0<\/p>\n<p>Cette bonne trajectoire n&rsquo;\u00e9tait pas pr\u00e9sente en 2024, ann\u00e9e o\u00f9 les VE ont recul\u00e9 de 1,3 % en Europe, \u00e0 1 993 102 immatriculations. Dans le m\u00eame temps, la production de ces mod\u00e8les a recul\u00e9 de 7 %.<\/p>\n<p>\u00a0<\/p>\n<p>Dans ce contexte, l&rsquo;Allemagne arrive en t\u00eate des pays producteurs. Le pays h\u00e9berge en effet les quatre plus grosses usines de VE.<\/p>\n<p>\u00a0<\/p>\n<p>Celle de <a href=\"https:\/\/journalauto.com\/tag\/tesla\/\" target=\"_blank\" rel=\"noopener\">Tesla<\/a> \u00e0 c\u00f4t\u00e9 de Berlin a atteint, selon Inovev, 216 409 unit\u00e9s. En deuxi\u00e8me position arrive celle de <a href=\"https:\/\/journalauto.com\/tag\/volkswagen\/\" target=\"_blank\" rel=\"noopener\">Volkswagen<\/a> \u00e0 Zwickau (203 242 unit\u00e9s) et <a href=\"https:\/\/journalauto.com\/tag\/bmw\/\" target=\"_blank\" rel=\"noopener\">BMW<\/a> Dingolfing compl\u00e8te le podium (176 822). Le site VW d&rsquo;Emden est quatri\u00e8me avec 108 423 unit\u00e9s.<\/p>\n<p>\u00a0<\/p>\n<p><img loading=\"lazy\" decoding=\"async\" class=\"alignnone wp-image-207340 size-full\" src=\"data:image\/svg+xml,%3Csvg%20xmlns=\" http:=\"\" alt=\"\" width=\"599\" height=\"374\" data-lazy- data-lazy- data-lazy-src=\"https:\/\/www.europesays.com\/fr\/wp-content\/uploads\/2025\/06\/usines-BEV.jpg\" data-mwl-img-id=\"207340\"\/><\/p>\n<p>\u00a0<\/p>\n<p>\u00c0 la cinqui\u00e8me place pointe la premi\u00e8re usine fran\u00e7aise : celle de <a href=\"https:\/\/journalauto.com\/tag\/renault\/\" target=\"_blank\" rel=\"noopener\">Renault<\/a> \u00e0 Douai (59), avec 89 921 VE produits en 2024. Elle est talonn\u00e9e par <a href=\"https:\/\/journalauto.com\/tag\/skoda\/\" target=\"_blank\" rel=\"noopener\">Skoda<\/a> qui a totalis\u00e9 82 538 VE dans son usine historique de Mlada Boleslav (R\u00e9publique tch\u00e8que).<\/p>\n<p>\u00a0<\/p>\n<p>Ainsi, ces cinq usines ont repr\u00e9sent\u00e9 plus de 50 % de la production de VE en Europe. Pour l&rsquo;ann\u00e9e 2025, gageons qu&rsquo;\u00e0 l&rsquo;exception de Tesla, dont les ventes sont en chute, les autres sites europ\u00e9ens devraient \u00eatre orient\u00e9s \u00e0 la hausse.<\/p>\n<p>\u00a0<\/p>\n<p><img loading=\"lazy\" decoding=\"async\" class=\"alignnone wp-image-207341 size-full\" src=\"data:image\/svg+xml,%3Csvg%20xmlns=\" http:=\"\" alt=\"\" width=\"471\" height=\"410\" data-lazy- data-lazy- data-lazy-src=\"https:\/\/www.europesays.com\/fr\/wp-content\/uploads\/2025\/06\/BEV-Group.jpg\" data-mwl-img-id=\"207341\"\/><\/p>\n<p>\u00a0<\/p>\n<p>Si l&rsquo;on regarde, toujours pour cette ann\u00e9e 2024, la part de production des constructeurs, le groupe Volkswagen arrive largement en t\u00eate avec 29 %, devant <a href=\"https:\/\/journalauto.com\/tag\/stellantis\/\" target=\"_blank\" rel=\"noopener\">Stellantis<\/a> (18 %) et BMW (15 %).<\/p>\n<p>\u00a0<\/p>\n<p>Renault affiche seulement 8 %, mais gageons que la mont\u00e9e en puissance de la R5, puis l&rsquo;arriv\u00e9e de la R4, devraient permettre \u00e0 la marque de progresser cette ann\u00e9e.<\/p>\n<p>Vous devez activer le javacript et la gestion des cookies pour b\u00e9n\u00e9ficier de toutes les fonctionnalit\u00e9s.<\/p>\n","protected":false},"excerpt":{"rendered":"Alors que le march\u00e9 europ\u00e9en des v\u00e9hicules \u00e9lectriques semble red\u00e9coller en 2025, le bilan de l&rsquo;ann\u00e9e 2024 montre&hellip;\n","protected":false},"author":2,"featured_media":165189,"comment_status":"","ping_status":"","sticky":false,"template":"","format":"standard","meta":{"footnotes":""},"categories":[1587],"tags":[11,672,1804,1805,1803,1777,674,1801,12,8131,1802,5823],"class_list":{"0":"post-165188","1":"post","2":"type-post","3":"status-publish","4":"format-standard","5":"has-post-thumbnail","7":"category-allemagne","8":"tag-actualites","9":"tag-allemagne","10":"tag-bundesrepublik-deutschland","11":"tag-de","12":"tag-deutschland","13":"tag-eu","14":"tag-europe","15":"tag-germany","16":"tag-news","17":"tag-production","18":"tag-republique-federale-dallemagne","19":"tag-vehicule-electrique"},"share_on_mastodon":{"url":"https:\/\/pubeurope.com\/@fr\/114658007189778274","error":""},"_links":{"self":[{"href":"https:\/\/www.europesays.com\/fr\/wp-json\/wp\/v2\/posts\/165188","targetHints":{"allow":["GET"]}}],"collection":[{"href":"https:\/\/www.europesays.com\/fr\/wp-json\/wp\/v2\/posts"}],"about":[{"href":"https:\/\/www.europesays.com\/fr\/wp-json\/wp\/v2\/types\/post"}],"author":[{"embeddable":true,"href":"https:\/\/www.europesays.com\/fr\/wp-json\/wp\/v2\/users\/2"}],"replies":[{"embeddable":true,"href":"https:\/\/www.europesays.com\/fr\/wp-json\/wp\/v2\/comments?post=165188"}],"version-history":[{"count":0,"href":"https:\/\/www.europesays.com\/fr\/wp-json\/wp\/v2\/posts\/165188\/revisions"}],"wp:featuredmedia":[{"embeddable":true,"href":"https:\/\/www.europesays.com\/fr\/wp-json\/wp\/v2\/media\/165189"}],"wp:attachment":[{"href":"https:\/\/www.europesays.com\/fr\/wp-json\/wp\/v2\/media?parent=165188"}],"wp:term":[{"taxonomy":"category","embeddable":true,"href":"https:\/\/www.europesays.com\/fr\/wp-json\/wp\/v2\/categories?post=165188"},{"taxonomy":"post_tag","embeddable":true,"href":"https:\/\/www.europesays.com\/fr\/wp-json\/wp\/v2\/tags?post=165188"}],"curies":[{"name":"wp","href":"https:\/\/api.w.org\/{rel}","templated":true}]}}