{"id":165190,"date":"2025-06-10T07:58:09","date_gmt":"2025-06-10T07:58:09","guid":{"rendered":"https:\/\/www.europesays.com\/fr\/165190\/"},"modified":"2025-06-10T07:58:09","modified_gmt":"2025-06-10T07:58:09","slug":"les-grandes-ambitions-de-nox-la-compagnie-qui-veut-reinventer-le-train-de-nuit","status":"publish","type":"post","link":"https:\/\/www.europesays.com\/fr\/165190\/","title":{"rendered":"les grandes ambitions de Nox, la compagnie qui veut r\u00e9inventer le train de nuit"},"content":{"rendered":"<p>Fond\u00e9 par deux passionn\u00e9s du rail, Nox pr\u00e9voit de faire circuler son premier train en 2027 en Allemagne avant d\u2019\u00e9tendre son r\u00e9seau dans d\u2019autres pays, dont la France. \u00c0 bord, pas de compartiments partag\u00e9s, mais des cabines privatives \u00e0 partir de 79 \u20ac.<\/p>\n<p class=\"fig-paragraph\">\u00abL\u2019id\u00e9e est n\u00e9e de mes quelque 400 nuits pass\u00e9es en train de nuit \u00e0 travers l\u2019Europe et le monde. Cette exp\u00e9rience m\u2019a aid\u00e9 \u00e0 identifier les qualit\u00e9s et les d\u00e9fauts de ce mode de transport. Mon constat est qu\u2019il n\u2019est plus adapt\u00e9 aux besoins de notre temps en termes de prix, de confort et de fiabilit\u00e9\u00bb, d\u00e9taille Thibault Constant. Connu sur les r\u00e9seaux sociaux sous le pseudo de \u00abSimply Railway\u00bb (290.000 abonn\u00e9s sur YouTube), cet ancien chef de projet chez SNCF et Alstom annonce en exclusivit\u00e9 pour Le Figaro le lancement ce 10 juin de la compagnie ferroviaire Nox (\u00abnuit\u00bb en latin).<\/p>\n<p class=\"fig-paragraph\">Objectif\u00a0? D\u00e9ployer une offre de trains de nuit premium mais abordable \u00e0 travers l\u2019Europe pour r\u00e9pondre \u00e0\u00a0<a href=\"http:\/\/www.lefigaro.fr\/voyages\/un-succes-bride-par-un-manque-de-rames-voici-ce-qui-empeche-vraiment-la-relance-du-train-de-nuit-en-france-20250527\" target=\"_blank\" data-fig-type=\"Article\" rel=\"noopener\" data-gtm-custom-categorie=\"navigation\" data-gtm-custom-action=\"crossclick\" data-gtm-custom-label=\"Contextuel\" data-gtm-event=\"customEventSPE\" data-fig-domain=\"LEFIGARO\">l\u2019engouement pour ce mode de transport<\/a>. \u00abNous voulons convaincre ceux qui n\u2019ont jamais pris le train de nuit, en particulier les voyageurs d\u2019affaires qui cherchent \u00e0 optimiser leur temps sans renier sur le confort\u00bb, avance l\u2019entrepreneur de 28 ans qui s\u2019est associ\u00e9 avec Janek Smalla, l\u2019un des initiateurs de\u00a0<a href=\"http:\/\/www.lefigaro.fr\/societes\/flixbus-se-lance-sur-le-marche-tres-concurrentiel-du-tgv-20250527\" target=\"_blank\" data-fig-type=\"NewsFlash\" rel=\"noopener\" data-gtm-custom-categorie=\"navigation\" data-gtm-custom-action=\"crossclick\" data-gtm-custom-label=\"Contextuel\" data-gtm-event=\"customEventSPE\" data-fig-domain=\"LEFIGARO\">l\u2019op\u00e9rateur priv\u00e9 Flixtrain<\/a>, tr\u00e8s populaire en\u00a0<a href=\"http:\/\/www.lefigaro.fr\/voyages\/dossier\/allemagne\" target=\"_blank\" data-fig-type=\"Topic\" rel=\"noopener\" data-gtm-custom-categorie=\"navigation\" data-gtm-custom-action=\"crossclick\" data-gtm-custom-label=\"Contextuel\" data-gtm-event=\"customEventSPE\" data-fig-domain=\"LEFIGARO\">Allemagne<\/a>.<\/p>\n<p>Quelles lignes sont pr\u00e9vues\u00a0?<\/p>\n<p>    Sur le long terme, Nox pr\u00e9voit de se positionner sur 35 liaisons nationales et internationales \u00e0 travers l\u2019Europe.<br \/>\n                Nox<\/p>\n<p class=\"fig-paragraph\">Nox vise l\u2019ouverture d\u2019une premi\u00e8re ligne en Allemagne en 2027. \u00abC\u2019est un march\u00e9 relativement facile d\u2019acc\u00e8s pour les nouveaux entrants, sans compter que nos voitures sont d\u00e9j\u00e0 homologu\u00e9es pour circuler sur son r\u00e9seau, ainsi qu\u2019en\u00a0<a href=\"http:\/\/www.lefigaro.fr\/voyages\/dossier\/suisse\" target=\"_blank\" data-fig-type=\"Topic\" rel=\"noopener\" data-gtm-custom-categorie=\"navigation\" data-gtm-custom-action=\"crossclick\" data-gtm-custom-label=\"Contextuel\" data-gtm-event=\"customEventSPE\" data-fig-domain=\"LEFIGARO\">Suisse<\/a> \u00a0et en\u00a0<a href=\"http:\/\/www.lefigaro.fr\/voyages\/dossier\/autriche-de-vienne-a-salzbourg-le-guide-de-voyage-du-figaro\" target=\"_blank\" data-fig-type=\"Topic\" rel=\"noopener\" data-gtm-custom-categorie=\"navigation\" data-gtm-custom-action=\"crossclick\" data-gtm-custom-label=\"Contextuel\" data-gtm-event=\"customEventSPE\" data-fig-domain=\"LEFIGARO\">Autriche<\/a>, d\u00e9taille Thibault Constant. Nous d\u00e9terminerons la premi\u00e8re liaison selon les opportunit\u00e9s. Cela pourra \u00eatre un Hambourg-Munich ou un Berlin-Vienne, par exemple.\u00bb<\/p>\n<p class=\"fig-paragraph\">Une fois le mod\u00e8le \u00e9prouv\u00e9, la jeune compagnie ambitionne de commander des rames neuves pour acc\u00e9l\u00e9rer son expansion.\u00a0<a href=\"http:\/\/www.lefigaro.fr\/voyages\/dossier\/italie\" target=\"_blank\" data-fig-type=\"Topic\" rel=\"noopener\" data-gtm-custom-categorie=\"navigation\" data-gtm-custom-action=\"crossclick\" data-gtm-custom-label=\"Contextuel\" data-gtm-event=\"customEventSPE\" data-fig-domain=\"LEFIGARO\">Italie<\/a>,\u00a0<a href=\"http:\/\/www.lefigaro.fr\/voyages\/dossier\/espagne\" target=\"_blank\" data-fig-type=\"Topic\" rel=\"noopener\" data-gtm-custom-categorie=\"navigation\" data-gtm-custom-action=\"crossclick\" data-gtm-custom-label=\"Contextuel\" data-gtm-event=\"customEventSPE\" data-fig-domain=\"LEFIGARO\">Espagne<\/a>, Scandinavie&#8230; Sur le long terme, le projet pr\u00e9voit 35 lignes \u00e0 travers l\u2019Europe, dont plusieurs en\u00a0<a href=\"http:\/\/www.lefigaro.fr\/voyages\/dossier\/france\" target=\"_blank\" data-fig-type=\"Topic\" rel=\"noopener\" data-gtm-custom-categorie=\"navigation\" data-gtm-custom-action=\"crossclick\" data-gtm-custom-label=\"Contextuel\" data-gtm-event=\"customEventSPE\" data-fig-domain=\"LEFIGARO\">France<\/a>\u00a0(<a href=\"http:\/\/www.lefigaro.fr\/voyages\/guides\/paris-barcelone-en-train-en-avion-ou-en-bus-quel-moyen-de-transport-est-fait-pour-vous-20250515\" target=\"_blank\" data-fig-type=\"Article\" rel=\"noopener\" data-gtm-custom-categorie=\"navigation\" data-gtm-custom-action=\"crossclick\" data-gtm-custom-label=\"Contextuel\" data-gtm-event=\"customEventSPE\" data-fig-domain=\"LEFIGARO\">Paris-Barcelone<\/a>, Paris-Nice, Bruxelles-Barcelone via Lyon&#8230;). Exit les longues liaisons traversant plusieurs pays, \u00e0 l\u2019image du\u00a0<a href=\"http:\/\/www.lefigaro.fr\/voyages\/aller-a-prague-en-train-de-nuit-ce-sera-possible-des-le-printemps-prochain-20231010\" target=\"_blank\" data-fig-type=\"Article\" rel=\"noopener\" data-gtm-custom-categorie=\"navigation\" data-gtm-custom-action=\"crossclick\" data-gtm-custom-label=\"Contextuel\" data-gtm-event=\"customEventSPE\" data-fig-domain=\"LEFIGARO\">Bruxelles-Prague d\u2019European Sleeper<\/a>\u00a0ou du r\u00e9seau trop irr\u00e9aliste imagin\u00e9 par\u00a0<a href=\"http:\/\/www.lefigaro.fr\/societes\/midnight-trains-qui-voulait-lancer-des-trains-de-nuit-depuis-la-france-jette-l-eponge-20240601\" target=\"_blank\" data-fig-type=\"NewsFlash\" rel=\"noopener\" data-gtm-custom-categorie=\"navigation\" data-gtm-custom-action=\"crossclick\" data-gtm-custom-label=\"Contextuel\" data-gtm-event=\"customEventSPE\" data-fig-domain=\"LEFIGARO\">feu Midnight Trains<\/a>. Nox veut s\u2019attaquer aux liaisons de 500 \u00e0 1500 km qui n\u2019exc\u00e8dent pas 12 heures.<\/p>\n<p class=\"fig-paragraph\">En privil\u00e9giant des distances relativement \u00abcourtes\u00bb, l\u2019entreprise veut \u00e9viter l\u2019un des \u00e9cueils du train de nuit\u00a0: les retards. \u00abLa longueur des trajets, les arr\u00eats trop nombreux et les man\u0153uvres \u00e0 chaque passage aux fronti\u00e8res sont autant de sources de retards. Le train de nuit est l\u2019un des modes de transports les moins fiables en termes de ponctualit\u00e9. Ce manque de fiabilit\u00e9 est dissuasif, surtout pour les voyageurs pas encore tout \u00e0 fait convaincus par le train\u00bb, souligne l\u2019entrepreneur. \u00abNos cr\u00e9neaux horaires seront suffisamment larges pour absorber les \u00e9ventuelles perturbations. Si un train est finalement en avance, il pourra stationner plus longtemps sur une voie d\u00e9di\u00e9e afin d\u2019arriver au terminus \u00e0 une heure acceptable, entre 7 et 9 heures.\u00bb<\/p>\n<p>\u00c0 quoi ressembleront les trains\u00a0?<\/p>\n<p>    <a href=\"https:\/\/photo.lefigaro.fr\/voyages\/en-images-les-futurs-trains-de-nuit-de-la-nouvelle-compagnie-nox-20250610\" target=\"_blank\" rel=\"noopener\"><\/p>\n<p class=\"fig-slideshow__title\">\n                    En images, les futurs trains de nuit de la nouvelle compagnie Nox\n                <\/p>\n<p>Acc\u00e9der au diaporama (4)<\/p>\n<p>    <\/a><\/p>\n<p class=\"fig-paragraph\">Lors du lancement, les trajets seront assur\u00e9s par d\u2019anciennes rames Intercity (IC) de la Deutsche Bahn en cours d\u2019acquisition. Contrairement aux trains de nuit classiques comme les Nightjet d\u2019\u00d6BB, d\u00e9clin\u00e9s en wagons-lits, voitures couchettes et places assises, Nox disposera d\u2019un seul type de rame standardis\u00e9 compos\u00e9 de trois types de cabines. \u00abTraditionnellement, les compartiments sont partag\u00e9s avec jusqu\u2019\u00e0 cinq inconnus. Ce manque d\u2019intimit\u00e9 suffit \u00e0 dissuader une grande partie des voyageurs potentiels. C\u2019est pourquoi nos trains disposeront uniquement de cabines privatives pour une, deux ou trois personnes, toutes \u00e9quip\u00e9es d\u2019une chaise et d\u2019une table\u00bb, d\u00e9taille Thibault Constant.<\/p>\n<p class=\"fig-paragraph\">\u00c0 bord, pour pallier l\u2019absence d\u2019une\u00a0<a href=\"http:\/\/www.lefigaro.fr\/voyages\/40-ans-du-tgv-l-evolution-de-la-voiture-bar-en-10-images-20211022\" target=\"_blank\" data-fig-type=\"Article\" rel=\"noopener\" data-gtm-custom-categorie=\"navigation\" data-gtm-custom-action=\"crossclick\" data-gtm-custom-label=\"Contextuel\" data-gtm-event=\"customEventSPE\" data-fig-domain=\"LEFIGARO\">voiture-bar<\/a>, chaque voiture disposera d\u2019un espace d\u00e9tente avec une offre de petite restauration en libre-service. Le d\u00eener et le petit d\u00e9jeuner pourront \u00eatre command\u00e9s en ligne avant le d\u00e9part et servis \u00e0 la place. En revanche, le train ne disposera pas de douches. \u00abGr\u00e2ce \u00e0 des partenariats avec des cha\u00eenes h\u00f4teli\u00e8res, les passagers profiteront d\u2019avantages comme un acc\u00e8s aux douches et au petit d\u00e9jeuner, une arriv\u00e9e anticip\u00e9e et un d\u00e9part tardif dans certains \u00e9tablissements\u00bb, \u00e9num\u00e8re-t-il.<\/p>\n<p>Combien co\u00fbtera un billet\u00a0?<\/p>\n<p class=\"fig-paragraph\">Avec un prix d\u2019appel de 79 \u20ac pour la cabine simple (\u00abSingle Loft\u00bb) et 149 \u20ac la cabine double (\u00abDouble Loft\u00bb et \u00abDouble Vista\u00bb) sur la premi\u00e8re ligne allemande, Nox veut d\u00e9fier les compagnies a\u00e9riennes \u00e0 bas co\u00fbts. \u00abNotre objectif est de proposer un tarif \u00e9quivalent au prix d\u2019un billet d\u2019avion et d\u2019une nuit d\u2019h\u00f4tel\u00bb, assure le cofondateur.<\/p>\n<p class=\"fig-paragraph\">La compagnie appliquera le yield management, pratique commerciale largement utilis\u00e9e dans les secteurs a\u00e9rien et ferroviaire consistant \u00e0 faire varier le prix en fonction de la demande. Mais elle souhaite se diff\u00e9rencier des autres op\u00e9rateurs de transport en proposant des offres de derni\u00e8re minute\u00a0: Nox pourra les baisser quelques heures ou jours avant s\u2019il reste des possibilit\u00e9s afin de maximiser ses taux de remplissage.<\/p>\n<p class=\"fig-paragraph\"><strong>EN VID\u00c9O<\/strong> &#8211; SNCF\u00a0: si\u00e8ges, bagages, wagon bar&#8230;Les images de l\u2019int\u00e9rieur du TGV M<\/p>\n","protected":false},"excerpt":{"rendered":"Fond\u00e9 par deux passionn\u00e9s du rail, Nox pr\u00e9voit de faire circuler son premier train en 2027 en Allemagne&hellip;\n","protected":false},"author":2,"featured_media":165191,"comment_status":"","ping_status":"","sticky":false,"template":"","format":"standard","meta":{"footnotes":""},"categories":[1586],"tags":[608,607,609,610,11,604,605,603,606,1777,674,1011,27,12,25,611,926,6917],"class_list":{"0":"post-165190","1":"post","2":"type-post","3":"status-publish","4":"format-standard","5":"has-post-thumbnail","7":"category-europe","8":"tag-activite-de-plein-air","9":"tag-activite-loisirs","10":"tag-activite-plein-air-enfant","11":"tag-activites-loisirs","12":"tag-actualites","13":"tag-agenda-brocantes","14":"tag-chasse-et-peche","15":"tag-circuits-randonnees","16":"tag-decouverte-du-patrimoine","17":"tag-eu","18":"tag-europe","19":"tag-fr","20":"tag-france","21":"tag-news","22":"tag-republique-francaise","23":"tag-sorties-famille","24":"tag-train","25":"tag-transport-ferroviaire"},"share_on_mastodon":{"url":"https:\/\/pubeurope.com\/@fr\/114658011188627105","error":""},"_links":{"self":[{"href":"https:\/\/www.europesays.com\/fr\/wp-json\/wp\/v2\/posts\/165190","targetHints":{"allow":["GET"]}}],"collection":[{"href":"https:\/\/www.europesays.com\/fr\/wp-json\/wp\/v2\/posts"}],"about":[{"href":"https:\/\/www.europesays.com\/fr\/wp-json\/wp\/v2\/types\/post"}],"author":[{"embeddable":true,"href":"https:\/\/www.europesays.com\/fr\/wp-json\/wp\/v2\/users\/2"}],"replies":[{"embeddable":true,"href":"https:\/\/www.europesays.com\/fr\/wp-json\/wp\/v2\/comments?post=165190"}],"version-history":[{"count":0,"href":"https:\/\/www.europesays.com\/fr\/wp-json\/wp\/v2\/posts\/165190\/revisions"}],"wp:featuredmedia":[{"embeddable":true,"href":"https:\/\/www.europesays.com\/fr\/wp-json\/wp\/v2\/media\/165191"}],"wp:attachment":[{"href":"https:\/\/www.europesays.com\/fr\/wp-json\/wp\/v2\/media?parent=165190"}],"wp:term":[{"taxonomy":"category","embeddable":true,"href":"https:\/\/www.europesays.com\/fr\/wp-json\/wp\/v2\/categories?post=165190"},{"taxonomy":"post_tag","embeddable":true,"href":"https:\/\/www.europesays.com\/fr\/wp-json\/wp\/v2\/tags?post=165190"}],"curies":[{"name":"wp","href":"https:\/\/api.w.org\/{rel}","templated":true}]}}