{"id":165198,"date":"2025-06-10T08:04:10","date_gmt":"2025-06-10T08:04:10","guid":{"rendered":"https:\/\/www.europesays.com\/fr\/165198\/"},"modified":"2025-06-10T08:04:10","modified_gmt":"2025-06-10T08:04:10","slug":"exclusif-contrairement-aux-affirmations-du-ministre-des-armees-la-france-livre-un-flux-ininterrompu-darmes-a-israel","status":"publish","type":"post","link":"https:\/\/www.europesays.com\/fr\/165198\/","title":{"rendered":"Exclusif\u00a0: contrairement aux affirmations du ministre des Arm\u00e9es, la France livre \u00ab\u00a0un flux ininterrompu\u00a0\u00bb d&rsquo;armes \u00e0 Isra\u00ebl"},"content":{"rendered":"<p>\u00ab\u00a0Il n\u2019y a pas d\u2019armes vendues \u00e0 Isra\u00ebl\u00a0\u00bb, affirmait, vendredi dernier, S\u00e9bastien Lecornu. Ce mardi matin, lors d\u2019une conf\u00e9rence de presse \u00e0 l\u2019Assembl\u00e9e nationale, plusieurs organisations apportent au ministre des Arm\u00e9es un cinglant d\u00e9menti. Droit et Solidarit\u00e9, France Palestine, Progressive International, Attac\u2026 \u00e0 une semaine de l\u2019ouverture du<a href=\"https:\/\/www.humanite.fr\/en-debat\/armement\/non-a-la-participation-disrael-au-salon-du-bourget-2025\" target=\"_blank\" rel=\"noopener\"> salon d\u2019armement du Bourget<\/a>, une dizaine d\u2019entre elles ont uni leurs efforts pour tenter de documenter ce qui reste couvert, en France, par l\u2019\u00e9pais boisseau du secret-d\u00e9fense.\u00a0<\/p>\n<p>Depuis octobre 2023, par voie a\u00e9rienne et maritime, la&#8230;<\/p>\n","protected":false},"excerpt":{"rendered":"\u00ab\u00a0Il n\u2019y a pas d\u2019armes vendues \u00e0 Isra\u00ebl\u00a0\u00bb, affirmait, vendredi dernier, S\u00e9bastien Lecornu. Ce mardi matin, lors d\u2019une&hellip;\n","protected":false},"author":2,"featured_media":165199,"comment_status":"","ping_status":"","sticky":false,"template":"","format":"standard","meta":{"footnotes":""},"categories":[4],"tags":[11,6376,27424,1011,27,19082,12,25],"class_list":{"0":"post-165198","1":"post","2":"type-post","3":"status-publish","4":"format-standard","5":"has-post-thumbnail","7":"category-france","8":"tag-actualites","9":"tag-armes","10":"tag-armu00e9e-israu00e9lienne","11":"tag-fr","12":"tag-france","13":"tag-gu00e9nocide","14":"tag-news","15":"tag-republique-francaise"},"share_on_mastodon":{"url":"https:\/\/pubeurope.com\/@fr\/114658035007940917","error":""},"_links":{"self":[{"href":"https:\/\/www.europesays.com\/fr\/wp-json\/wp\/v2\/posts\/165198","targetHints":{"allow":["GET"]}}],"collection":[{"href":"https:\/\/www.europesays.com\/fr\/wp-json\/wp\/v2\/posts"}],"about":[{"href":"https:\/\/www.europesays.com\/fr\/wp-json\/wp\/v2\/types\/post"}],"author":[{"embeddable":true,"href":"https:\/\/www.europesays.com\/fr\/wp-json\/wp\/v2\/users\/2"}],"replies":[{"embeddable":true,"href":"https:\/\/www.europesays.com\/fr\/wp-json\/wp\/v2\/comments?post=165198"}],"version-history":[{"count":0,"href":"https:\/\/www.europesays.com\/fr\/wp-json\/wp\/v2\/posts\/165198\/revisions"}],"wp:featuredmedia":[{"embeddable":true,"href":"https:\/\/www.europesays.com\/fr\/wp-json\/wp\/v2\/media\/165199"}],"wp:attachment":[{"href":"https:\/\/www.europesays.com\/fr\/wp-json\/wp\/v2\/media?parent=165198"}],"wp:term":[{"taxonomy":"category","embeddable":true,"href":"https:\/\/www.europesays.com\/fr\/wp-json\/wp\/v2\/categories?post=165198"},{"taxonomy":"post_tag","embeddable":true,"href":"https:\/\/www.europesays.com\/fr\/wp-json\/wp\/v2\/tags?post=165198"}],"curies":[{"name":"wp","href":"https:\/\/api.w.org\/{rel}","templated":true}]}}