{"id":16520,"date":"2025-04-11T04:35:15","date_gmt":"2025-04-11T04:35:15","guid":{"rendered":"https:\/\/www.europesays.com\/fr\/16520\/"},"modified":"2025-04-11T04:35:15","modified_gmt":"2025-04-11T04:35:15","slug":"marseille-dans-cette-rue-le-stationnement-anarchique-fait-loi-du-grand-nimporte-quoi","status":"publish","type":"post","link":"https:\/\/www.europesays.com\/fr\/16520\/","title":{"rendered":"Marseille. Dans cette rue, le stationnement anarchique fait loi : \u00ab\u00a0Du grand n&rsquo;importe quoi\u00a0\u00bb"},"content":{"rendered":"<p>            Par<br \/>\n        <strong><br \/>\n            <a href=\"https:\/\/actu.fr\/auteur\/fabien-binacchi\" title=\"Consulter tous les articles de Fabien Binacchi\" target=\"_blank\" rel=\"noopener\">Fabien Binacchi<\/a><br \/>\n        <\/strong><\/p>\n<p>        Publi\u00e9 le<\/p>\n<p>            9 avr. 2025 \u00e0 13h42        <\/p>\n<p>Depuis la place de <a href=\"https:\/\/actu.fr\/tag\/la-joliette\" target=\"_blank\" rel=\"noopener\">la Joliette<\/a>, elle chemine jusqu\u2019\u00e0<a href=\"https:\/\/actu.fr\/tag\/major\" target=\"_blank\" rel=\"noopener\"> la cath\u00e9drale de la Major<\/a>, dont elle offre une vue incroyable. Dans le 2e arrondissement de <a href=\"https:\/\/actu.fr\/marseille\/\" target=\"_blank\" rel=\"noopener\">Marseille<\/a>, <strong>la rue Mazenod<\/strong>, devenue <strong>un paradis pour les pi\u00e9tons<\/strong> apr\u00e8s de longs travaux, s\u2019est aussi transform\u00e9e en un haut lieu du stationnement anarchique.<\/p>\n<p class=\" wall-content\">Au grand dam des riverains.<\/p>\n<p>Des trottoirs de 5m de large<\/p>\n<p class=\" wall-content\">Inaugur\u00e9e l\u2019an dernier, apr\u00e8s plusieurs ann\u00e9es de travaux, <a href=\"https:\/\/ampmetropole.fr\/amenagement-du-territoire\/a-marseille-la-trame-mazenod-fait-peau-neuve\/\" target=\"_blank\" rel=\"noopener\">pour pr\u00e8s de 3,5\u00a0millions d\u2019euros,<\/a> la rue Mazenod fait d\u00e9sormais la part belle aux restaurants et aux visiteurs \u00e0 pied. Avec des trottoirs de 5m de large <strong>prot\u00e9g\u00e9s par des plots r\u00e9guliers.<\/strong><\/p>\n<p class=\" wall-content\">Le chantier men\u00e9 par l\u2019\u00e9tablissement public d\u2019am\u00e9nagement Eurom\u00e9diterran\u00e9e et financ\u00e9 en grande partie par la M\u00e9tropole Aix-Marseille-Provence visait un \u00ab\u2009<strong>quartier apais\u00e9<\/strong> avec la favorisation de la circulation pi\u00e9tonne et le d\u00e9ploiement des terrasses commerciales\u2009\u00bb.<\/p>\n<p class=\" wall-content\">Sur la deuxi\u00e8me partie, les principaux int\u00e9ress\u00e9s semblent ravis.<\/p>\n<p>Vid\u00e9os : en ce moment sur Actu<\/p>\n<p class=\" wall-content\">Pour le quartier \u00ab\u2009apais\u00e9\u2009\u00bb, en revanche, on repassera, pestent des riverains. La faute \u00e0 <strong>un stationnement anarchique<\/strong> qui semble <strong>d\u00e9j\u00e0 institutionnalis\u00e9.<\/strong><\/p>\n<p>      <img   decoding=\"async\" loading=\"lazy\" src=\"https:\/\/www.europesays.com\/fr\/wp-content\/uploads\/2025\/04\/mazenod-stationnement2-960x640.jpg\" alt=\"Ce stationnement anarchique se retrouve aussi la portion comprise entre le boulevard des Dames et la place de La Joliette\" width=\"960\" height=\"640\"\/><br \/>\n    Ce stationnement anarchique se retrouve aussi la portion comprise entre le boulevard des Dames et la place de La Joliette (\u00a9Fabien Binacchi \/ actu Marseille)C\u2019est \u00ab\u2009open bar\u2009\u00bb<\/p>\n<p class=\" wall-content\">Tout le long de la rue, directement sur la chauss\u00e9e, contre les plots, <strong>une file parfois discontinue de voitures gar\u00e9es<\/strong> se forme tous les jours, comme ce mardi 8\u00a0avril.<\/p>\n<p class=\" wall-content\">L\u2019employ\u00e9 d\u2019un h\u00f4tel voit ces all\u00e9es et venues, plus du tout \u00e9tonn\u00e9\u2009: \u00ab\u2009C\u2019est du grand n\u2019importe quoi, mais c\u2019est Marseille. <strong>Ici, tout le monde fait ce qu\u2019il veut<\/strong>\u2009\u00bb.<\/p>\n<p class=\" wall-content\">Certains laissent les warnings, pour quelques minutes ou une heure. D\u2019autres, clignotants \u00e9teints, sont clairement l\u00e0 pour beaucoup plus longtemps.<\/p>\n<p class=\" wall-content\">Ne craignent-ils pas les contraventions\u2009? \u00ab\u2009Il n\u2019y a quasiment jamais de passage\u2009\u00bb, poursuit-il. Le secteur ne serait pas non plus soumis \u00e0 la vid\u00e9overbalisation. C\u2019est donc \u00ab\u2009open bar\u2009\u00bb.<\/p>\n<p>\u00ab\u2009C\u2019est un enfer de se garer dans le quartier\u2009\u00bb<\/p>\n<p class=\" wall-content\">\u00c0 quelques m\u00e8tres de l\u00e0, une jeune femme remonte dans sa Twingo, parmi les v\u00e9hicules contrevenants ce jour-l\u00e0 de la rue Mazenod. actu Marseille arrive \u00e0 sa rencontre. \u00ab<strong>\u2009Je sais que je n\u2019ai pas le droit<\/strong>, mais dans le quartier, c\u2019est un enfer de se garer\u2009\u00bb, souffle-t-elle.<\/p>\n<blockquote class=\"ac-article-quote wall-content\">\n<p>Ici, ils ont enlev\u00e9 plein de places. Alors, on fait comment ?<\/p>\n<p>    <strong>Une automobiliste gar\u00e9e anarchiquement dans la rue<\/strong>\n            <\/p><\/blockquote>\n<p class=\" wall-content\">Si le projet a permis l\u2019installation de <strong>\u00ab\u2009stationnement en autopartage\u2009\u00bb<\/strong> et de <strong>\u00ab\u2009bornes de rechargement pour v\u00e9hicule \u00e9lectrique\u2009\u00bb<\/strong>, rappelle la m\u00e9tropole Aix-Marseille-Provence, l\u2019\u00e9largissement des trottoirs a eu raison d\u2019autres espaces o\u00f9 se garer.<\/p>\n<p class=\" wall-content\">Eurom\u00e9dit\u00e9rann\u00e9e avait pourtant men\u00e9 \u00ab\u2009une enqu\u00eate aupr\u00e8s des habitants et usagers\u2009\u00bb pour \u00ab\u2009mieux comprendre les enjeux de circulation\u2009\u00bb et \u00ab\u2009de stationnement\u2009\u00bb notamment, selon des informations disponibles <a href=\"https:\/\/www.euromediterranee.fr\/concertation-trame-mazenod\" target=\"_blank\" rel=\"noopener\">sur son site Internet.<\/a><\/p>\n<p class=\" wall-content\">Les automobilistes s\u2019estimant l\u00e9s\u00e9s ont trouv\u00e9 ce plan B.<\/p>\n<p>\u00ab\u2009Tr\u00e8s fr\u00e9quent qu\u2019on soit bloqu\u00e9\u2009\u00bb<\/p>\n<p class=\" wall-content\">Au grand dam de riverains. L\u2019entr\u00e9e du parking souterrain d\u2019un immeuble cossu de la rue, au num\u00e9ro\u00a019, est<strong> r\u00e9guli\u00e8rement obstru\u00e9e.<\/strong><\/p>\n<p>      <img   decoding=\"async\" loading=\"lazy\" src=\"https:\/\/www.europesays.com\/fr\/wp-content\/uploads\/2025\/04\/mazenod-marseille-960x640.jpg\" alt=\"Le\" width=\"960\" height=\"640\"\/><br \/>\n    L\u2019entr\u00e9e dans le parking d\u2019un immeuble, au num\u00e9ro\u00a019 de la rue Mazenod est r\u00e9guli\u00e8rement obstru\u00e9e par des v\u00e9hicules en stationnement (\u00a9Fabien Binacchi \/ actu Marseille)<\/p>\n<p class=\" wall-content\">Ce jour-l\u00e0, l\u2019imposant SUV blanc d\u2019un habitant arrive tant bien que mal \u00e0 se faufiler. \u00ab\u2009Mais, c\u2019est tr\u00e8s fr\u00e9quent qu\u2019on soit bloqu\u00e9\u2009\u00bb, peste-t-il.<\/p>\n<p class=\" wall-content\">\u00ab\u2009Il m\u2019arrive d\u2019attendre 15, parfois 30\u00a0minutes \u00e0 klaxonner pour pouvoir rentrer ou sortir. Des fois, pas le choix, si je suis trop press\u00e9, <strong>je prends m\u00eame la rue en sens interdit<\/strong>\u2009\u00bb, explique-t-il encore avant une \u00e9ni\u00e8me man\u0153uvre p\u00e9rilleuse.<\/p>\n<p class=\" wall-content\">Suivez toute l\u2019actualit\u00e9 de vos villes et m\u00e9dias favoris en vous inscrivant \u00e0 <a href=\"https:\/\/moncompte.actu.fr\" title=\"D\u00e9couvez Mon Actu\" rel=\"nofollow noopener\" data-trk=\"{&quot;cta&quot;:{&quot;action&quot;:&quot;https:\\\/\\\/moncompte.actu.fr&quot;,&quot;category&quot;:&quot;mon compte&quot;,&quot;from&quot;:&quot;article footer&quot;,&quot;name&quot;:&quot;Mon actu&quot;,&quot;type&quot;:&quot;cta&quot;}}\" target=\"_blank\">Mon Actu<\/a>.<\/p>\n","protected":false},"excerpt":{"rendered":"Par Fabien Binacchi Publi\u00e9 le 9 avr. 2025 \u00e0 13h42 Depuis la place de la Joliette, elle chemine&hellip;\n","protected":false},"author":2,"featured_media":16521,"comment_status":"","ping_status":"","sticky":false,"template":"","format":"standard","meta":{"footnotes":""},"categories":[2814],"tags":[1111,11,6791,1777,674,1011,27,6792,884,12,882,25,104,6173],"class_list":{"0":"post-16520","1":"post","2":"type-post","3":"status-publish","4":"format-standard","5":"has-post-thumbnail","7":"category-marseille","8":"tag-actu","9":"tag-actualites","10":"tag-cathedrale-la-major","11":"tag-eu","12":"tag-europe","13":"tag-fr","14":"tag-france","15":"tag-la-joliette","16":"tag-marseille","17":"tag-news","18":"tag-provence-alpes-cote-dazur","19":"tag-republique-francaise","20":"tag-societe","21":"tag-stationnement"},"share_on_mastodon":{"url":"https:\/\/pubeurope.com\/@fr\/114317474088640341","error":""},"_links":{"self":[{"href":"https:\/\/www.europesays.com\/fr\/wp-json\/wp\/v2\/posts\/16520","targetHints":{"allow":["GET"]}}],"collection":[{"href":"https:\/\/www.europesays.com\/fr\/wp-json\/wp\/v2\/posts"}],"about":[{"href":"https:\/\/www.europesays.com\/fr\/wp-json\/wp\/v2\/types\/post"}],"author":[{"embeddable":true,"href":"https:\/\/www.europesays.com\/fr\/wp-json\/wp\/v2\/users\/2"}],"replies":[{"embeddable":true,"href":"https:\/\/www.europesays.com\/fr\/wp-json\/wp\/v2\/comments?post=16520"}],"version-history":[{"count":0,"href":"https:\/\/www.europesays.com\/fr\/wp-json\/wp\/v2\/posts\/16520\/revisions"}],"wp:featuredmedia":[{"embeddable":true,"href":"https:\/\/www.europesays.com\/fr\/wp-json\/wp\/v2\/media\/16521"}],"wp:attachment":[{"href":"https:\/\/www.europesays.com\/fr\/wp-json\/wp\/v2\/media?parent=16520"}],"wp:term":[{"taxonomy":"category","embeddable":true,"href":"https:\/\/www.europesays.com\/fr\/wp-json\/wp\/v2\/categories?post=16520"},{"taxonomy":"post_tag","embeddable":true,"href":"https:\/\/www.europesays.com\/fr\/wp-json\/wp\/v2\/tags?post=16520"}],"curies":[{"name":"wp","href":"https:\/\/api.w.org\/{rel}","templated":true}]}}