{"id":165207,"date":"2025-06-10T08:11:09","date_gmt":"2025-06-10T08:11:09","guid":{"rendered":"https:\/\/www.europesays.com\/fr\/165207\/"},"modified":"2025-06-10T08:11:09","modified_gmt":"2025-06-10T08:11:09","slug":"le-joueur-de-vannes-theo-costosseque-met-un-terme-a-sa-carriere-a-25-ans","status":"publish","type":"post","link":"https:\/\/www.europesays.com\/fr\/165207\/","title":{"rendered":"le joueur de Vannes, Th\u00e9o Costoss\u00e8que, met un terme \u00e0 sa carri\u00e8re \u00e0 25 ans"},"content":{"rendered":"<p>Le centre du RCV a annonc\u00e9 \u00eatre \u00abcontraint\u00bb de renoncer au rugby, sans en pr\u00e9ciser les raisons.<\/p>\n<p class=\"fig-paragraph\">Un long message sur son compte Instagram, lundi soir, pour annoncer qu\u2019il met un terme, \u00e0 25 ans, \u00e0 sa carri\u00e8re de rugbyman professionnel. Le centre du RC Vannes, Th\u00e9o Costoss\u00e8que, pass\u00e9 par le Racing 92 ou encore Bayonne, affirme y \u00eatre \u00abcontraint\u00bb, sans toutefois pr\u00e9ciser les raisons de sa d\u00e9cision.<\/p>\n<p class=\"fig-paragraph\">On peut penser que les nombreuses blessures \u2013 op\u00e9r\u00e9 de l\u2019\u00e9paule et de la hanche la saison pass\u00e9e, il avait \u00e9galement d\u00e9j\u00e0 connu des blessures au genou ou au dos \u2013 motivent son choix. Cette saison, sous le maillot du promu breton, Th\u00e9o Costoss\u00e8que n\u2019aura connu que quatre feuilles de matchs, toutes en tant que titulaire, pour un essai inscrit.<\/p>\n<p class=\"fig-paragraph\">Celui qui fut \u00e9galement international U20 \u00e0 deux reprises lors de la saison 2019-2020 d\u00e9clare dans son long message \u00abcommencer une nouvelle vie\u00bb. \u00abApr\u00e8s plus de 20 ans \u00e0 jouer avec ce ballon ovale, c\u2019est avec beaucoup d\u2019\u00e9motions que je suis contraint de mettre un terme \u00e0 ma carri\u00e8re de joueur de rugby professionnel.\u00bb<\/p>\n<p class=\"fig-paragraph\">\u00abJe pars avec des souvenirs grav\u00e9s \u00e0 jamais et une gratitude infinie pour tous ceux qui ont crois\u00e9 mon chemin. Merci \u00e0 vous tous, mes co\u00e9quipiers, mes coachs, les staffs, et \u00e9videmment les supporters. Je remercie tout particuli\u00e8rement mes proches, ma famille, ma ch\u00e9rie, et tous ceux qui ont cru en moi. Leur soutien inconditionnel a \u00e9t\u00e9 ma force et m\u2019a permis d\u2019aller toujours plus loin. Aujourd\u2019hui il faut tourner cette page et commencer une nouvelle vie, mais ce sport restera pour toujours une partie de moi.\u00bb<\/p>\n","protected":false},"excerpt":{"rendered":"Le centre du RCV a annonc\u00e9 \u00eatre \u00abcontraint\u00bb de renoncer au rugby, sans en pr\u00e9ciser les raisons. Un&hellip;\n","protected":false},"author":2,"featured_media":165208,"comment_status":"","ping_status":"","sticky":false,"template":"","format":"standard","meta":{"footnotes":""},"categories":[1412],"tags":[525,4590,1981,2313,814,1451,1452,1453,1454,1455,1011,27,955,4589,2311,3164,1980,479,2259,60,478,2310,2312],"class_list":{"0":"post-165207","1":"post","2":"type-post","3":"status-publish","4":"format-standard","5":"has-post-thumbnail","7":"category-f1","8":"tag-calendrier","9":"tag-championnat-france","10":"tag-classement","11":"tag-clermont","12":"tag-direct","13":"tag-f1","14":"tag-formula-1","15":"tag-formula1","16":"tag-formule-1","17":"tag-formule1","18":"tag-fr","19":"tag-france","20":"tag-match","21":"tag-phase-finale","22":"tag-racing","23":"tag-rc-vannes","24":"tag-resultats","25":"tag-rugby","26":"tag-score","27":"tag-sports","28":"tag-top-14","29":"tag-toulon","30":"tag-toulouse"},"share_on_mastodon":{"url":"https:\/\/pubeurope.com\/@fr\/114658062749734649","error":""},"_links":{"self":[{"href":"https:\/\/www.europesays.com\/fr\/wp-json\/wp\/v2\/posts\/165207","targetHints":{"allow":["GET"]}}],"collection":[{"href":"https:\/\/www.europesays.com\/fr\/wp-json\/wp\/v2\/posts"}],"about":[{"href":"https:\/\/www.europesays.com\/fr\/wp-json\/wp\/v2\/types\/post"}],"author":[{"embeddable":true,"href":"https:\/\/www.europesays.com\/fr\/wp-json\/wp\/v2\/users\/2"}],"replies":[{"embeddable":true,"href":"https:\/\/www.europesays.com\/fr\/wp-json\/wp\/v2\/comments?post=165207"}],"version-history":[{"count":0,"href":"https:\/\/www.europesays.com\/fr\/wp-json\/wp\/v2\/posts\/165207\/revisions"}],"wp:featuredmedia":[{"embeddable":true,"href":"https:\/\/www.europesays.com\/fr\/wp-json\/wp\/v2\/media\/165208"}],"wp:attachment":[{"href":"https:\/\/www.europesays.com\/fr\/wp-json\/wp\/v2\/media?parent=165207"}],"wp:term":[{"taxonomy":"category","embeddable":true,"href":"https:\/\/www.europesays.com\/fr\/wp-json\/wp\/v2\/categories?post=165207"},{"taxonomy":"post_tag","embeddable":true,"href":"https:\/\/www.europesays.com\/fr\/wp-json\/wp\/v2\/tags?post=165207"}],"curies":[{"name":"wp","href":"https:\/\/api.w.org\/{rel}","templated":true}]}}