{"id":165214,"date":"2025-06-10T08:15:11","date_gmt":"2025-06-10T08:15:11","guid":{"rendered":"https:\/\/www.europesays.com\/fr\/165214\/"},"modified":"2025-06-10T08:15:11","modified_gmt":"2025-06-10T08:15:11","slug":"une-villa-darchitecte-futuriste-dans-le-perche-est-a-vendre-pour-15-millions-deuros","status":"publish","type":"post","link":"https:\/\/www.europesays.com\/fr\/165214\/","title":{"rendered":"Une villa d\u2019architecte futuriste dans le Perche est \u00e0 vendre pour 1,5 millions d&rsquo;euros"},"content":{"rendered":"<p>Pass\u00e9e la large porte d\u2019entr\u00e9e en verre, la villa d\u2019apparence brutaliste d\u00e9voile un int\u00e9rieur savamment d\u00e9cor\u00e9 aux accents seventies : couleurs pop, plafond d\u2019origine en jersey rouge, et mobiliers en formica\u2026 Le hall central d\u2019environ 70 m\u00e8tres carr\u00e9s coche les crit\u00e8res d\u2019une propri\u00e9t\u00e9 californienne d\u2019antan. Pour compl\u00e9ter l\u2019esprit disco-pop de la villa, une <a href=\"https:\/\/www.admagazine.fr\/article\/maisons-piscines-a-louer-airbnb\" target=\"_blank\" rel=\"noopener\">piscine<\/a> int\u00e9rieure en forme de serrure prend vie en rez-de-jardin et est entour\u00e9e de murs en plaques de verre thermoform\u00e9e r\u00e9alis\u00e9s pour appuyer le style r\u00e9tro-futuriste. Dans la <a href=\"https:\/\/www.admagazine.fr\/article\/salon-salle-a-manger-grandes-tendances-printemps\" target=\"_blank\" rel=\"noopener\">salle \u00e0 manger<\/a> meubl\u00e9e d\u2019une table italienne des ann\u00e9es 1960, les fauteuils Tulip de Eero Saarinen proposent un espace convivial et rationnel. Le canap\u00e9 Alfa de Zanotta et les fauteuils sign\u00e9s Pierre Guariche dispos\u00e9s \u00e0 l\u2019\u00e9tage dans un espace ouvert \u00e0 360\u00b0 se fondent dans le d\u00e9cor. Accessible par un \u00ab\u00a0escalier h\u00e9lico\u00efdal am\u00e9nag\u00e9 dans un cylindre en b\u00e9ton orn\u00e9 d\u2019\u00e9pais carreaux en gr\u00e8s marron de Vallauris\u00a0\u00bb, l\u2019\u00e9tage sup\u00e9rieur se d\u00e9ploie comme une <a href=\"https:\/\/www.admagazine.fr\/article\/amenager-decorer-toit-terrasse\" target=\"_blank\" rel=\"noopener\">terrasse<\/a> suspendue offrant un panorama unique sur le parc verdoyant.<\/p>\n<p>Un jardin majestueux de 13 hectares pr\u00e8s de la for\u00eat, avec parc de sculptures et lac<\/p>\n<p>Manuel BOUGOT<\/p>\n<p>Nich\u00e9e au c\u0153ur d\u2019un parc forestier de 13 hectares, la villa de 320 m\u00e8tres carr\u00e9s r\u00e9partie sur trois niveaux offre une vue imprenable sur un lac artificiel de 900 m\u00e8tres carr\u00e9s. Entour\u00e9e d&rsquo;\u0153uvres d\u2019art et d\u2019installations contemporaines, la maison d\u2019architecte \u00e0 des airs de galeries d\u2019art dont la terrasse panoramique domine un parc de sculptures. Le havre de paix brutaliste se d\u00e9ploie dans un jardin verdoyant et luxuriant hors du commun.<\/p>\n<p>La maison d\u2019architecte futuriste est \u00e0 vendre par <a data-offer-url=\"https:\/\/www.architecturedecollection.fr\/produit\/villa-architecte-seventies-space-age-perche-gaston-pierre-dreux\/\" class=\"external-link\" data-event-click=\"{&quot;element&quot;:&quot;ExternalLink&quot;,&quot;outgoingURL&quot;:&quot;https:\/\/www.architecturedecollection.fr\/produit\/villa-architecte-seventies-space-age-perche-gaston-pierre-dreux\/&quot;}\" href=\"https:\/\/www.architecturedecollection.fr\/produit\/villa-architecte-seventies-space-age-perche-gaston-pierre-dreux\/\" rel=\"nofollow noopener\" target=\"_blank\">Architecture de Collection<\/a> pour 1 450 000 \u20ac.<\/p>\n<p>Manuel BOUGOT<\/p>\n<p>Qu&rsquo;est-ce que le mouvement Space Age ?<\/p>\n<p>Autrement nomm\u00e9 \u00c2ge atomique, le courant design Space Age est n\u00e9 dans les ann\u00e9es 1960. Alors que la g\u00e9opolitique mondiale est aux prises de tensions entre l&rsquo;Est et l&rsquo;Ouest, la bombe atomique devient un argument de plus en plus fort entre les \u00c9tats. N\u00e9 dans ce contexte sur la c\u00f4te ouest am\u00e9ricaine, le Space Age traduit \u00e0 la fois le traumatisme de la menace nucl\u00e9aire, et une mani\u00e8re pour les cr\u00e9ateurs de se la r\u00e9approprier, en y injectant de l&rsquo;humour et de la l\u00e9g\u00e8ret\u00e9, \u00e0 l&rsquo;aide de \u00ab formes vitales \u00bb. Ce terme, th\u00e9oris\u00e9 lors d&rsquo;une exposition destin\u00e9e au Space Age au Brooklyn Museum of Art (New York) en 2001, d\u00e9signe ces formes r\u00e9currentes, issues de l&rsquo;iconographie nucl\u00e9aire (mol\u00e9cules et particules atomiques) ; t\u00e9moignant de la schizophr\u00e9nie ambiante quant au nucl\u00e9aire, per\u00e7u \u00e0 la fois comme une innovation et une menace pouvant mener \u00e0 l&rsquo;extinction de l&rsquo;humanit\u00e9. Ainsi, des formes rondes, organiques et cellulaires, des motifs g\u00e9om\u00e9triques, reproduisant avec malice les principes scientifiques du nucl\u00e9aire, dessinent les contours du Space Age.<\/p>\n","protected":false},"excerpt":{"rendered":"Pass\u00e9e la large porte d\u2019entr\u00e9e en verre, la villa d\u2019apparence brutaliste d\u00e9voile un int\u00e9rieur savamment d\u00e9cor\u00e9 aux accents&hellip;\n","protected":false},"author":2,"featured_media":165215,"comment_status":"","ping_status":"","sticky":false,"template":"","format":"standard","meta":{"footnotes":""},"categories":[1358],"tags":[29857,1348,1384,1385,1386,58,59,1011,27,1965],"class_list":{"0":"post-165214","1":"post","2":"type-post","3":"status-publish","4":"format-standard","5":"has-post-thumbnail","7":"category-arts-et-design","8":"tag-a-vendre","9":"tag-arts","10":"tag-arts-and-design","11":"tag-arts-et-design","12":"tag-design","13":"tag-divertissement","14":"tag-entertainment","15":"tag-fr","16":"tag-france","17":"tag-maisons-a-vendre"},"share_on_mastodon":{"url":"https:\/\/pubeurope.com\/@fr\/114658077847845193","error":""},"_links":{"self":[{"href":"https:\/\/www.europesays.com\/fr\/wp-json\/wp\/v2\/posts\/165214","targetHints":{"allow":["GET"]}}],"collection":[{"href":"https:\/\/www.europesays.com\/fr\/wp-json\/wp\/v2\/posts"}],"about":[{"href":"https:\/\/www.europesays.com\/fr\/wp-json\/wp\/v2\/types\/post"}],"author":[{"embeddable":true,"href":"https:\/\/www.europesays.com\/fr\/wp-json\/wp\/v2\/users\/2"}],"replies":[{"embeddable":true,"href":"https:\/\/www.europesays.com\/fr\/wp-json\/wp\/v2\/comments?post=165214"}],"version-history":[{"count":0,"href":"https:\/\/www.europesays.com\/fr\/wp-json\/wp\/v2\/posts\/165214\/revisions"}],"wp:featuredmedia":[{"embeddable":true,"href":"https:\/\/www.europesays.com\/fr\/wp-json\/wp\/v2\/media\/165215"}],"wp:attachment":[{"href":"https:\/\/www.europesays.com\/fr\/wp-json\/wp\/v2\/media?parent=165214"}],"wp:term":[{"taxonomy":"category","embeddable":true,"href":"https:\/\/www.europesays.com\/fr\/wp-json\/wp\/v2\/categories?post=165214"},{"taxonomy":"post_tag","embeddable":true,"href":"https:\/\/www.europesays.com\/fr\/wp-json\/wp\/v2\/tags?post=165214"}],"curies":[{"name":"wp","href":"https:\/\/api.w.org\/{rel}","templated":true}]}}