{"id":165216,"date":"2025-06-10T08:16:09","date_gmt":"2025-06-10T08:16:09","guid":{"rendered":"https:\/\/www.europesays.com\/fr\/165216\/"},"modified":"2025-06-10T08:16:09","modified_gmt":"2025-06-10T08:16:09","slug":"pour-ses-20-ans-devore-livres-accueille-une-dizaine-dauteurs-au-parc-maureau-a-pelissanne","status":"publish","type":"post","link":"https:\/\/www.europesays.com\/fr\/165216\/","title":{"rendered":"Pour ses 20\u00a0ans, D\u00e9vore-Livres accueille une dizaine d\u2019auteurs au Parc Maureau \u00e0 P\u00e9lissanne"},"content":{"rendered":"<p>\u00ab\u00a0Cette manifestation est une fiert\u00e9 pour P\u00e9lissanne. Quand D\u00e9vore-Livres a \u00e9t\u00e9 lanc\u00e9 il y a 20\u00a0ans, on ne pensait pas que cela prendrait autant d\u2019ampleur\u00a0\u00bb, explique <a href=\"https:\/\/www.laprovence.com\/article\/region\/209052029405815\/pascal-montecot-actuel-maire-de-pelissanne-leve-le-voile-sur-une-eventuelle-candidature-en-2026\" target=\"_blank\" rel=\"noopener\">Pascal\u00a0Mont\u00e9cot<\/a>, le maire. \u00ab\u00a0La premi\u00e8re ann\u00e9e nous n\u2019avions que deux invit\u00e9s contre douze cette ann\u00e9e\u00a0\u00bb, s&rsquo;est f\u00e9licit\u00e9 l\u2019\u00e9dile. Pour cette 20e \u00e9dition de nombreuses animations sont au programme.<\/p>\n<p>Jeudi\u00a012 et vendredi 13\u00a0juin, une dizaine d\u2019auteurs et illustrateurs vont rencontrer les \u00e9coliers de P\u00e9lissanne, soit une cinquantaine de classes. L\u2019occasion pour les \u00e9l\u00e8ves de poser des questions sur leur parcours et leur travail. \u00ab\u00a0Toutes les tranches d\u2019\u00e2ge vont b\u00e9n\u00e9ficier de ces rencontres de la cr\u00e8che, du service \u00e9ducation jeunesse, \u00e9coles et coll\u00e8ge\u00a0\u00bb. <\/p>\n<p>Une exposition intitul\u00e9e \u00ab\u00a0Quelles \u00e9motions\u00a0\u00bb sera propos\u00e9e au public du mardi\u00a010 au samedi 14\u00a0juin salle Marthe Reversat. La douzaine d\u2019ouvrages publi\u00e9s aux \u00e9ditions L\u2019\u00e9cole des loisirs par <a href=\"https:\/\/www.laprovence.com\/article\/papier\/3252524\/la-mediatheque-recoit-un-illustrateur-jeunesse.html\" target=\"_blank\" rel=\"noopener\">Vincent Bourgeau <\/a>et <a href=\"https:\/\/www.laprovence.com\/article\/region\/57861524894950\/berre-letang-la-mediatheque-met-le-handicap-dans-lobjectif\" target=\"_blank\" rel=\"noopener\">C\u00e9dric Ramadier<\/a> vont \u00eatre expos\u00e9s de mani\u00e8re ludique et interactive \u00e0 destination des tout-petits.<\/p>\n<p>L\u2019association les petits d\u00e9brouillards sera pr\u00e9sente<\/p>\n<p>Samedi 14\u00a0juin le parc Maureau accueillera une rencontre avec les diff\u00e9rents auteurs pr\u00e9sents de 9h \u00e0 12h30 puis de 14h \u00e0 17h. Des ateliers, concerts, rencontres et d\u00e9dicaces avec la maison d\u2019\u00e9dition Le Grand Jardin de Velaux.<\/p>\n<p>Un spectacle musical samedi \u00e0 10h \u00e0 l\u2019auditorium de la m\u00e9diath\u00e8que Pierre Bottero par le groupe Sun Flowers qui propose un voyage inoubliable \u00e0 bord du The fantastic train pour apprendre l\u2019anglais avec des chansons. <a href=\"https:\/\/www.laprovence.com\/article\/region\/74750263786089\/manosque-les-petits-debrouillards-louverture-desprit-2-0-pour-demystifier-la-science\" target=\"_blank\" rel=\"noopener\">L\u2019association les petits d\u00e9brouillards<\/a> sera pr\u00e9sente avec son camion p\u00e9dagogique pour proposer des ateliers sur l\u2019\u00e9criture, des origines \u00e0 nos jours.<\/p>\n<p>L\u2019\u00e9quipe du service \u00e9ducation jeunesse proposera des ateliers pour les enfants dans le parc et un <a href=\"https:\/\/www.laprovence.com\/article\/sortie-loisirs\/1557019866453115\/jeu-de-piste-thriller-les-escape-games-se-multiplient-dans-les-rues-de-la-cite-phoceenne\" target=\"_blank\" rel=\"noopener\">Escape Game<\/a> sur les traces d\u2019Ewilan \u00e0 partir de 10\u00a0ans. Samedi apr\u00e8s-midi, \u00e0 14h30, un atelier d\u2019illustration pour une quinzaine d\u2019enfants d\u00e8s 7\u00a0ans sera organis\u00e9 par l\u2019illustratrice <a href=\"https:\/\/www.laprovence.com\/article\/sortie-loisirs\/79295211819573\/le-week-end-litteraire-un-des-grands-rendez-vous-pour-les-10-ans-du-mucem\" target=\"_blank\" rel=\"noopener\">Lisa Laubreaux <\/a>autour de son album Mini-Golf.<\/p>\n<p>Inauguration samedi \u00e0 11h.<\/p>\n","protected":false},"excerpt":{"rendered":"\u00ab\u00a0Cette manifestation est une fiert\u00e9 pour P\u00e9lissanne. Quand D\u00e9vore-Livres a \u00e9t\u00e9 lanc\u00e9 il y a 20\u00a0ans, on ne&hellip;\n","protected":false},"author":2,"featured_media":165217,"comment_status":"","ping_status":"","sticky":false,"template":"","format":"standard","meta":{"footnotes":""},"categories":[1357],"tags":[6873,17,7617,1379,29858,58,29859,59,1011,27,1380,2831,471,2407,96],"class_list":{"0":"post-165216","1":"post","2":"type-post","3":"status-publish","4":"format-standard","5":"has-post-thumbnail","7":"category-livres","8":"tag-20-ans","9":"tag-17","10":"tag-accueille","11":"tag-books","12":"tag-devore-livres","13":"tag-divertissement","14":"tag-dizaine","15":"tag-entertainment","16":"tag-fr","17":"tag-france","18":"tag-livres","19":"tag-loisirs-traditions","20":"tag-pour","21":"tag-ses","22":"tag-une"},"share_on_mastodon":{"url":"https:\/\/pubeurope.com\/@fr\/114658081983781882","error":""},"_links":{"self":[{"href":"https:\/\/www.europesays.com\/fr\/wp-json\/wp\/v2\/posts\/165216","targetHints":{"allow":["GET"]}}],"collection":[{"href":"https:\/\/www.europesays.com\/fr\/wp-json\/wp\/v2\/posts"}],"about":[{"href":"https:\/\/www.europesays.com\/fr\/wp-json\/wp\/v2\/types\/post"}],"author":[{"embeddable":true,"href":"https:\/\/www.europesays.com\/fr\/wp-json\/wp\/v2\/users\/2"}],"replies":[{"embeddable":true,"href":"https:\/\/www.europesays.com\/fr\/wp-json\/wp\/v2\/comments?post=165216"}],"version-history":[{"count":0,"href":"https:\/\/www.europesays.com\/fr\/wp-json\/wp\/v2\/posts\/165216\/revisions"}],"wp:featuredmedia":[{"embeddable":true,"href":"https:\/\/www.europesays.com\/fr\/wp-json\/wp\/v2\/media\/165217"}],"wp:attachment":[{"href":"https:\/\/www.europesays.com\/fr\/wp-json\/wp\/v2\/media?parent=165216"}],"wp:term":[{"taxonomy":"category","embeddable":true,"href":"https:\/\/www.europesays.com\/fr\/wp-json\/wp\/v2\/categories?post=165216"},{"taxonomy":"post_tag","embeddable":true,"href":"https:\/\/www.europesays.com\/fr\/wp-json\/wp\/v2\/tags?post=165216"}],"curies":[{"name":"wp","href":"https:\/\/api.w.org\/{rel}","templated":true}]}}