{"id":165220,"date":"2025-06-10T08:18:09","date_gmt":"2025-06-10T08:18:09","guid":{"rendered":"https:\/\/www.europesays.com\/fr\/165220\/"},"modified":"2025-06-10T08:18:09","modified_gmt":"2025-06-10T08:18:09","slug":"jeremy-frerot-emu-jusquaux-larmes-en-reecoutant-cet","status":"publish","type":"post","link":"https:\/\/www.europesays.com\/fr\/165220\/","title":{"rendered":"J\u00e9r\u00e9my Fr\u00e9rot, \u00e9mu jusqu&rsquo;aux larmes en r\u00e9\u00e9coutant cet &#8230;"},"content":{"rendered":"<p class=\"tls__ed-content__exc\">Dans En apart\u00e9 sur Canal+, J\u00e9r\u00e9my<br \/>\nFr\u00e9rot s\u00a0\u00bbest confi\u00e9 avec \u00e9motion sur son titre Adieu qui \u00e9voque sa<br \/>\nrupture avec Laure Manaudou, la m\u00e8re de ses enfants.<\/p>\n<p>EN BREF<\/p>\n<ul class=\"bloc_resume_post_list\">\n<li>En avril 2024, J\u00e9r\u00e9my Fr\u00e9rot sort le titre \u00ab\u00a0Adieu\u00a0\u00bb,<br \/>\ninspir\u00e9 de sa s\u00e9paration avec Laure Manaudou apr\u00e8s dix ans de<br \/>\nrelation et deux enfants.<\/li>\n<li>La chanson \u00ab\u00a0Adieu\u00a0\u00bb transmet un message d&rsquo;\u00e9motion et<br \/>\nd&rsquo;espoir, adress\u00e9 \u00e0 ses enfants, sur la continuit\u00e9 de la<br \/>\nparentalit\u00e9 malgr\u00e9 la s\u00e9paration.<\/li>\n<li>D\u00e9couvrez comment ce morceau est devenu un succ\u00e8s<br \/>\nuniversel, touchant un large public par sa sinc\u00e9rit\u00e9 et l&rsquo;impact<br \/>\n\u00e9motionnel qu&rsquo;il g\u00e9n\u00e8re.<\/li>\n<\/ul>\n<p>Adieu est un titre phare dans l&rsquo;album de <a href=\"https:\/\/www.telestar.fr\/actu_tv\/the-voice-tout-le-monde-nous-a-jeremy-frerot-fait-une-mise-au-point-bien-sentie-1672275\" target=\"_blank\" rel=\"noopener\"><br \/>\nJ\u00e9r\u00e9my Fr\u00e9rot<\/a>. Ce titre \u00e9voque <a href=\"https:\/\/www.telestar.fr\/people\/laure-manaudou-et-jeremy-frerot-parents-retour-sur-leur-histoire-d-amour-291756\" target=\"_blank\" rel=\"noopener\"><br \/>\nsa s\u00e9paration avec Laure Manaudou,<\/a> apr\u00e8s pr\u00e8s de dix ans de<br \/>\nrelation et deux enfants, Lou et Sacha. Sorti en avril 2024, ce<br \/>\nmorceau est devenu <strong>un v\u00e9ritable succ\u00e8s<\/strong>, touchant<br \/>\nun large public par sa sinc\u00e9rit\u00e9 et sa port\u00e9e universelle sur la<br \/>\ns\u00e9paration et la famille.<\/p>\n<p>Dans Adieu, J\u00e9r\u00e9my Fr\u00e9rot livre <strong>un message<br \/>\nempreint d\u2019\u00e9motion<\/strong> mais aussi d\u2019espoir. Le texte s\u2019adresse<br \/>\nd\u2019abord \u00e0 ses enfants, reprenant presque mot pour mot ce qu\u2019il leur<br \/>\na dit lors de l\u2019annonce de <a href=\"https:\/\/www.closermag.fr\/people\/laure-manaudou-jeremy-frerot-gene-par-une-question-sur-leur-separation-il-sen-sort-comme-il-peut-3553084\" target=\"_blank\" rel=\"noopener\"><br \/>\nla rupture avec leur m\u00e8re<\/a>. Le chanteur explique que la<br \/>\nparentalit\u00e9 demeure, m\u00eame si la structure familiale change :<br \/>\n\u00ab\u00a0Papa et maman restent amis et on va rester une \u00e9quipe. Il y a<br \/>\neu l\u2019amour qui vous a cr\u00e9\u00e9s et il y a l\u2019amour qui vous \u00e9l\u00e8ve, c\u2019est<br \/>\ndiff\u00e9rent, mais tout aussi puissant\u00a0\u00bb, chante J\u00e9r\u00e9my<br \/>\nFr\u00e9rot.<\/p>\n<p>J\u00e9r\u00e9my Fr\u00e9rot : \u00ab\u00a0Quand je l&rsquo;\u00e9coute tout seul, \u00e7a me<br \/>\ntouche\u00a0\u00bb<\/p>\n<p>J\u00e9r\u00e9my Fr\u00e9rot a insist\u00e9 sur le fait que la chanson, loin d\u2019\u00eatre<br \/>\ntriste, se veut lumineuse et positive. Dans En apart\u00e9 ce lundi 9<br \/>\njuin, l&rsquo;artiste s&rsquo;est montr\u00e9 tr\u00e8s \u00e9mu en \u00e9coutant la chanson :<br \/>\n<strong>\u00ab\u00a0Quand je l&rsquo;\u00e9coute tout seul, \u00e7a me<br \/>\ntouche\u00a0\u00bb,<\/strong> a-t-il confi\u00e9, \u00e9mu aux larmes. Et de<br \/>\npoursuivre sur la dynamique familiale : \u00ab\u00a0C&rsquo;est s\u00fbr que la team<br \/>\ndoit s&rsquo;organiser, on l&rsquo;a entendu\u00a0\u00bb.<\/p>\n<p>Le chanteur a \u00e9galement expliqu\u00e9 l&rsquo;engouement autour de son<br \/>\ntitre : \u00ab\u00a0\u00c7a a parl\u00e9 \u00e0 tellement de gens, <strong>c&rsquo;est<br \/>\ntellement universel.<\/strong> Vous vous \u00eates rendu compte de<br \/>\nl&rsquo;impact que \u00e7a avait g\u00e9n\u00e9r\u00e9 ? Oui, je m&rsquo;en suis rendu compte et je<br \/>\nme rends compte encore aujourd&rsquo;hui avec les concerts. Les gens la<br \/>\nchantent, les gens la chantent en enti\u00e8re, toutes les paroles, et<br \/>\nje les vois concern\u00e9es. Parfois en concert quand on les voit<br \/>\nchanter on sent qu&rsquo;ils la connaissent par c\u0153ur mais vraiment pour<br \/>\nm&rsquo;accompagner. L\u00e0 ils la chantent avec le c\u0153ur et je le vois dans<br \/>\nles yeux des gens et c&rsquo;est assez impressionnant. Et puis c&rsquo;est la<br \/>\npremi\u00e8re fois sur les r\u00e9seaux sociaux par exemple que je re\u00e7ois<br \/>\nautant de t\u00e9moignages de personnes qui me disent que la chanson les<br \/>\na touch\u00e9s.\u00a0\u00bb<\/p>\n<p>Un titre fort pour le chanteur<\/p>\n<p>L\u2019\u00e9criture de Adieu a \u00e9t\u00e9 un moment \u00e9prouvant pour l\u2019artiste. Il<br \/>\na confi\u00e9 avoir eu <strong>de la fi\u00e8vre et des tremblements<\/strong><br \/>\nau moment d\u2019enregistrer le titre, tant l\u2019\u00e9motion \u00e9tait forte. La<br \/>\nchanson lui a aussi permis de retrouver l\u2019inspiration pour la suite<br \/>\nde son album.<\/p>\n<p>Avant de la rendre publique, J\u00e9r\u00e9my Fr\u00e9rot a tenu \u00e0 faire<br \/>\n\u00e9couter la chanson \u00e0 Laure Manaudou, qui a <strong>donn\u00e9 son<br \/>\naccord<\/strong>. Il estimait essentiel qu\u2019elle valide ce texte, car<br \/>\nil parle de leur histoire commune et de leur famille.<\/p>\n","protected":false},"excerpt":{"rendered":"Dans En apart\u00e9 sur Canal+, J\u00e9r\u00e9my Fr\u00e9rot s\u00a0\u00bbest confi\u00e9 avec \u00e9motion sur son titre Adieu qui \u00e9voque sa&hellip;\n","protected":false},"author":2,"featured_media":165221,"comment_status":"","ping_status":"","sticky":false,"template":"","format":"standard","meta":{"footnotes":""},"categories":[1355],"tags":[548,58,59,1011,27,6882,1361,873],"class_list":{"0":"post-165220","1":"post","2":"type-post","3":"status-publish","4":"format-standard","5":"has-post-thumbnail","7":"category-musique","8":"tag-article-simple","9":"tag-divertissement","10":"tag-entertainment","11":"tag-fr","12":"tag-france","13":"tag-jeremy-frerot","14":"tag-music","15":"tag-musique"},"share_on_mastodon":{"url":"https:\/\/pubeurope.com\/@fr\/114658089614837409","error":""},"_links":{"self":[{"href":"https:\/\/www.europesays.com\/fr\/wp-json\/wp\/v2\/posts\/165220","targetHints":{"allow":["GET"]}}],"collection":[{"href":"https:\/\/www.europesays.com\/fr\/wp-json\/wp\/v2\/posts"}],"about":[{"href":"https:\/\/www.europesays.com\/fr\/wp-json\/wp\/v2\/types\/post"}],"author":[{"embeddable":true,"href":"https:\/\/www.europesays.com\/fr\/wp-json\/wp\/v2\/users\/2"}],"replies":[{"embeddable":true,"href":"https:\/\/www.europesays.com\/fr\/wp-json\/wp\/v2\/comments?post=165220"}],"version-history":[{"count":0,"href":"https:\/\/www.europesays.com\/fr\/wp-json\/wp\/v2\/posts\/165220\/revisions"}],"wp:featuredmedia":[{"embeddable":true,"href":"https:\/\/www.europesays.com\/fr\/wp-json\/wp\/v2\/media\/165221"}],"wp:attachment":[{"href":"https:\/\/www.europesays.com\/fr\/wp-json\/wp\/v2\/media?parent=165220"}],"wp:term":[{"taxonomy":"category","embeddable":true,"href":"https:\/\/www.europesays.com\/fr\/wp-json\/wp\/v2\/categories?post=165220"},{"taxonomy":"post_tag","embeddable":true,"href":"https:\/\/www.europesays.com\/fr\/wp-json\/wp\/v2\/tags?post=165220"}],"curies":[{"name":"wp","href":"https:\/\/api.w.org\/{rel}","templated":true}]}}