{"id":165225,"date":"2025-06-10T08:22:09","date_gmt":"2025-06-10T08:22:09","guid":{"rendered":"https:\/\/www.europesays.com\/fr\/165225\/"},"modified":"2025-06-10T08:22:09","modified_gmt":"2025-06-10T08:22:09","slug":"la-coach-sportive-lyonnaise-yanary-befort-est-decedee","status":"publish","type":"post","link":"https:\/\/www.europesays.com\/fr\/165225\/","title":{"rendered":"la coach sportive lyonnaise Yanary Befort est d\u00e9c\u00e9d\u00e9e"},"content":{"rendered":"<p itemprop=\"description\"><strong>Elle \u00e9tait suivie par plusieurs dizaines de milliers de personnes sur les r\u00e9seaux sociaux.<\/strong><\/p>\n<p>\u00ab\u00a0Nous annon\u00e7ons le grand voyage de Yanary Yanou alias Yanoushka avec douceur et \u00e9motion.\u00a0\u00bb C\u2019est sur le compte Instagram de <strong>Yanary Befort<\/strong> que ses proches ont fait part de la triste nouvelle il y a quelques jours.<\/p>\n<p>La coach sportive, suivie par plus de 60 000 personnes sur Instagram, est d\u00e9c\u00e9d\u00e9e le dimanche 1er juin des suites d\u2019un cancer colorectal \u00e0 l\u2019\u00e2ge de 32 ans. \u00ab\u00a0Elle tenait \u00e0 remercier chaque personne du fond du c\u0153ur et \u00e0 transmettre un dernier message qu\u2019elle jugeait essentiel. Celui de la vie, de sa beaut\u00e9 fragile, de l\u2019importance de s\u2019\u00e9merveiller des petites choses, de ces instants simples qu\u2019on oublie parfois de vivre. Elle nous rappelait que rien n\u2019est plus pr\u00e9cieux que la pr\u00e9sence, que l\u2019amour se cache souvent dans les d\u00e9tails. Comme elle le disait souvent, c\u2019est important de regarder la vie lentement, de ralentir le temps\u00a0\u00bb, peut-on \u00e9galement lire dans le post consacr\u00e9 \u00e0 sa disparition sur Instagram.<\/p>\n<p>Yanary Befort \u00e9tait originaire de la r\u00e9gion lyonnaise. C\u2019est d\u2019ailleurs l\u00e0 qu\u2019elle avait commenc\u00e9 \u00e0 donner des cours de fitness. La jeune femme ne manquait pas de partager son combat contre la maladie dans des vid\u00e9os o\u00f9 elle recevait de nombreux messages de soutien.<\/p>\n","protected":false},"excerpt":{"rendered":"Elle \u00e9tait suivie par plusieurs dizaines de milliers de personnes sur les r\u00e9seaux sociaux. \u00ab\u00a0Nous annon\u00e7ons le grand&hellip;\n","protected":false},"author":2,"featured_media":165226,"comment_status":"","ping_status":"","sticky":false,"template":"","format":"standard","meta":{"footnotes":""},"categories":[8],"tags":[1111,11,2813,2190,1109,251,1112,58,2811,59,118,1294,4651,1011,27,1922,1110,1114,2428,4903,4902,241,316,2812,517,800],"class_list":{"0":"post-165225","1":"post","2":"type-post","3":"status-publish","4":"format-standard","5":"has-post-thumbnail","7":"category-divertissement","8":"tag-actu","9":"tag-actualites","10":"tag-article","11":"tag-asvel","12":"tag-breves","13":"tag-culture","14":"tag-depeches","15":"tag-divertissement","16":"tag-economique","17":"tag-entertainment","18":"tag-faits-divers","19":"tag-femme","20":"tag-femmes","21":"tag-fr","22":"tag-france","23":"tag-info","24":"tag-informations","25":"tag-infos","26":"tag-lyon","27":"tag-lyonfemme","28":"tag-lyonfemmes","29":"tag-ol","30":"tag-politique","31":"tag-sociale","32":"tag-sport","33":"tag-transports"},"share_on_mastodon":{"url":"https:\/\/pubeurope.com\/@fr\/114658105359842411","error":""},"_links":{"self":[{"href":"https:\/\/www.europesays.com\/fr\/wp-json\/wp\/v2\/posts\/165225","targetHints":{"allow":["GET"]}}],"collection":[{"href":"https:\/\/www.europesays.com\/fr\/wp-json\/wp\/v2\/posts"}],"about":[{"href":"https:\/\/www.europesays.com\/fr\/wp-json\/wp\/v2\/types\/post"}],"author":[{"embeddable":true,"href":"https:\/\/www.europesays.com\/fr\/wp-json\/wp\/v2\/users\/2"}],"replies":[{"embeddable":true,"href":"https:\/\/www.europesays.com\/fr\/wp-json\/wp\/v2\/comments?post=165225"}],"version-history":[{"count":0,"href":"https:\/\/www.europesays.com\/fr\/wp-json\/wp\/v2\/posts\/165225\/revisions"}],"wp:featuredmedia":[{"embeddable":true,"href":"https:\/\/www.europesays.com\/fr\/wp-json\/wp\/v2\/media\/165226"}],"wp:attachment":[{"href":"https:\/\/www.europesays.com\/fr\/wp-json\/wp\/v2\/media?parent=165225"}],"wp:term":[{"taxonomy":"category","embeddable":true,"href":"https:\/\/www.europesays.com\/fr\/wp-json\/wp\/v2\/categories?post=165225"},{"taxonomy":"post_tag","embeddable":true,"href":"https:\/\/www.europesays.com\/fr\/wp-json\/wp\/v2\/tags?post=165225"}],"curies":[{"name":"wp","href":"https:\/\/api.w.org\/{rel}","templated":true}]}}