{"id":165237,"date":"2025-06-10T08:29:11","date_gmt":"2025-06-10T08:29:11","guid":{"rendered":"https:\/\/www.europesays.com\/fr\/165237\/"},"modified":"2025-06-10T08:29:11","modified_gmt":"2025-06-10T08:29:11","slug":"le-cirque-aital-sous-le-ciel-des-7-collines","status":"publish","type":"post","link":"https:\/\/www.europesays.com\/fr\/165237\/","title":{"rendered":"Le Cirque A\u00eftal sous le ciel des 7 collines"},"content":{"rendered":"<p class=\"is-style-chapo\">Pour son rendez-vous annuel de cirque, la ville de Saint-\u00c9tienne accueille une vingtaine de spectacles au festival des 7 collines dont la toute derni\u00e8re cr\u00e9ation de la compagnie A\u00eftal attendue avec impatience.<\/p>\n<p><img fetchpriority=\"high\" decoding=\"async\" width=\"1024\" height=\"576\" src=\"https:\/\/www.europesays.com\/fr\/wp-content\/uploads\/2025\/06\/2025-05-22-09-16-42_AcielouvertcirqueAtalMariodelCurto-1024x576.jpg\" alt=\"\" class=\"wp-image-79605\"  \/>A ciel ouvert \u2013 cirque A\u00eftal \u00a9Mario del Curto<\/p>\n<p>Bankal. Le coup d\u2019envoi des <a href=\"https:\/\/www.festivaldes7collines.com\/\" target=\"_blank\" rel=\"noreferrer noopener\">7 Collines<\/a> est donn\u00e9 par ce spectacle de la compagnie lyonnaise Pu\u00e9ril p\u00e9ril en plein air et gratuitement. Deux tabourets pour deux circassiens qui jouent avec l\u2019\u00e9quilibre dans ce classique de la discipline cr\u00e9\u00e9 en 2016. Puis le festival prend de l\u2019ampleur avec de plus grosses machines : celles du ma\u00eetre du jonglage Sean Gandini qui s\u2019essaye \u00e0 la magie nouvelle (Heka), le clair-obscur de Rapha\u00eblle Boitel m\u00eal\u00e9 \u00e0 la folle \u00e9nergie du Groupe acrobatique de Tanger (KA-IN) ou le trampoliniste Mathurin Bolze qui tutoie les terres glac\u00e9es (Imaqaa). <\/p>\n<p>Mais l\u2019\u00e9v\u00e9nement du festival est bien\u00a0\u00c0 ciel ouvert\u00a0(du 29 juin au 6 juillet), pas encore pr\u00e9sent\u00e9 en r\u00e9gion contrairement aux pr\u00e9-cit\u00e9s. En 2011, le porteur aux larges \u00e9paules Victor Cathala et sa compagne voltigeuse Kati Pikkarainen nous \u00e9blouissaient dans\u00a0Pour le meilleur et pour le pire\u00a0dans lequel ils racontaient une romance, la leur, \u00e0 l\u2019abri d\u2019une voiture d\u00e9zingu\u00e9e ou dans les airs.<\/p>\n<p>All\u00e8gement<\/p>\n<p>Leur technicit\u00e9 et leur interpr\u00e9tation v\u00e9hiculaient une \u00e9motion dont on se souvient encore. En 2018, ils tentaient une aventure plus collective,\u00a0Saison de cirque, dans laquelle ils se diluaient, peut-\u00eatre alourdis par l\u2019enjeu, et une distribution pl\u00e9thorique. C\u2019est peu dire que l\u2019arriv\u00e9e de ce nouveau spectacle,\u00a0\u00c0 Ciel couvert, cr\u00e9\u00e9 en mai dernier, nous r\u00e9jouit. Ils s\u2019all\u00e8gent ! Ils sont \u00e0 nouveau tous les deux sur sc\u00e8ne (accompagn\u00e9s de deux instrumentistes) et il se murmure que leurs deux enfants sont de la partie. <\/p>\n<p>De plus, ils se d\u00e9lestent du chapiteau : le public est install\u00e9 dans des caravanes dispos\u00e9es en demi-cercle. Sur cette place de village reconstitu\u00e9e o\u00f9 passe une m\u00e9nagerie \u00e0 plumes et \u00e0 poils, Kati trimbale des alv\u00e9oles \u00e0 \u0153ufs dans sa brouette au milieu du foin et d\u2019une planche \u00e0 bascule. Il ne reste plus \u00e0 qu\u2019\u00e0 d\u00e9crocher les \u00e9toiles dans ce \u00ab\u00a0ciel ouvert\u00a0\u00bb !<\/p>\n<p>Par Nadja Pobel, journaliste au <a href=\"https:\/\/www.petit-bulletin.fr\/lyon\/article-79708-le-cirque-aital-sous-le-ciel-des-7-collines.html\" target=\"_blank\" rel=\"noreferrer noopener\">Petit Bulletin<\/a>.<\/p>\n<p>Festival des 7 collines, du 22 juin au 7 juillet 2025 \u00e0 Saint-\u00c9tienne ; de 0 \u00e0 24 euros.<\/p>\n","protected":false},"excerpt":{"rendered":"Pour son rendez-vous annuel de cirque, la ville de Saint-\u00c9tienne accueille une vingtaine de spectacles au festival des&hellip;\n","protected":false},"author":2,"featured_media":165238,"comment_status":"","ping_status":"","sticky":false,"template":"","format":"standard","meta":{"footnotes":""},"categories":[9653],"tags":[1111,11,2430,23340,1777,674,29860,1011,27,12,25,4001],"class_list":{"0":"post-165237","1":"post","2":"type-post","3":"status-publish","4":"format-standard","5":"has-post-thumbnail","7":"category-saint-etienne","8":"tag-actu","9":"tag-actualites","10":"tag-auvergne-rhone-alpes","11":"tag-creatif","12":"tag-eu","13":"tag-europe","14":"tag-festival-des-7-collines","15":"tag-fr","16":"tag-france","17":"tag-news","18":"tag-republique-francaise","19":"tag-saint-etienne"},"share_on_mastodon":{"url":"https:\/\/pubeurope.com\/@fr\/114658132883549603","error":""},"_links":{"self":[{"href":"https:\/\/www.europesays.com\/fr\/wp-json\/wp\/v2\/posts\/165237","targetHints":{"allow":["GET"]}}],"collection":[{"href":"https:\/\/www.europesays.com\/fr\/wp-json\/wp\/v2\/posts"}],"about":[{"href":"https:\/\/www.europesays.com\/fr\/wp-json\/wp\/v2\/types\/post"}],"author":[{"embeddable":true,"href":"https:\/\/www.europesays.com\/fr\/wp-json\/wp\/v2\/users\/2"}],"replies":[{"embeddable":true,"href":"https:\/\/www.europesays.com\/fr\/wp-json\/wp\/v2\/comments?post=165237"}],"version-history":[{"count":0,"href":"https:\/\/www.europesays.com\/fr\/wp-json\/wp\/v2\/posts\/165237\/revisions"}],"wp:featuredmedia":[{"embeddable":true,"href":"https:\/\/www.europesays.com\/fr\/wp-json\/wp\/v2\/media\/165238"}],"wp:attachment":[{"href":"https:\/\/www.europesays.com\/fr\/wp-json\/wp\/v2\/media?parent=165237"}],"wp:term":[{"taxonomy":"category","embeddable":true,"href":"https:\/\/www.europesays.com\/fr\/wp-json\/wp\/v2\/categories?post=165237"},{"taxonomy":"post_tag","embeddable":true,"href":"https:\/\/www.europesays.com\/fr\/wp-json\/wp\/v2\/tags?post=165237"}],"curies":[{"name":"wp","href":"https:\/\/api.w.org\/{rel}","templated":true}]}}