{"id":165240,"date":"2025-06-10T08:32:12","date_gmt":"2025-06-10T08:32:12","guid":{"rendered":"https:\/\/www.europesays.com\/fr\/165240\/"},"modified":"2025-06-10T08:32:12","modified_gmt":"2025-06-10T08:32:12","slug":"meteo-jusqua-34-degres-attendus-ce-mardi-apres-midi-dans-le-var","status":"publish","type":"post","link":"https:\/\/www.europesays.com\/fr\/165240\/","title":{"rendered":"M\u00e9t\u00e9o: jusqu&rsquo;\u00e0 34 degr\u00e9s attendus ce mardi apr\u00e8s-midi dans le Var"},"content":{"rendered":"<p>Le soleil est au rendez-vous pour ce d\u00e9but de semaine et les temp\u00e9ratures sont \u00e9galement en hausse ! Le temps sera radieux sur l&rsquo;ensemble du d\u00e9partement ce mardi 10 juin.\u00a0<\/p>\n<p>C\u00f4t\u00e9 temp\u00e9ratures, il fera 34 degr\u00e9s \u00e0 Barjols, Salernes et Draguignan. Plus de 30 degr\u00e9s en moyenne dans les terres. Sur le littoral varois, on atteindra les 30 degr\u00e9s \u00e0 Saint-Tropez, Fr\u00e9jus et Hy\u00e8res, il fera 29 \u00e0 Toulon et 28 \u00e0 Rayol-Canadel-sur-Mer.<\/p>\n<p>Le vent se l\u00e8vera progressivement au fil de la journ\u00e9e avec des rafales allant jusqu&rsquo;\u00e0 45km\/h sur l&rsquo;ensemble du d\u00e9partement.\u00a0<\/p>\n<p>La r\u00e9daction vous souhaite une belle journ\u00e9e!\u00a0<\/p>\n","protected":false},"excerpt":{"rendered":"Le soleil est au rendez-vous pour ce d\u00e9but de semaine et les temp\u00e9ratures sont \u00e9galement en hausse !&hellip;\n","protected":false},"author":2,"featured_media":165241,"comment_status":"","ping_status":"","sticky":false,"template":"","format":"standard","meta":{"footnotes":""},"categories":[9619],"tags":[1111,11,1777,674,1011,27,2487,12,882,25,2310],"class_list":{"0":"post-165240","1":"post","2":"type-post","3":"status-publish","4":"format-standard","5":"has-post-thumbnail","7":"category-toulon","8":"tag-actu","9":"tag-actualites","10":"tag-eu","11":"tag-europe","12":"tag-fr","13":"tag-france","14":"tag-meteo","15":"tag-news","16":"tag-provence-alpes-cote-dazur","17":"tag-republique-francaise","18":"tag-toulon"},"share_on_mastodon":{"url":"https:\/\/pubeurope.com\/@fr\/114658144601756273","error":""},"_links":{"self":[{"href":"https:\/\/www.europesays.com\/fr\/wp-json\/wp\/v2\/posts\/165240","targetHints":{"allow":["GET"]}}],"collection":[{"href":"https:\/\/www.europesays.com\/fr\/wp-json\/wp\/v2\/posts"}],"about":[{"href":"https:\/\/www.europesays.com\/fr\/wp-json\/wp\/v2\/types\/post"}],"author":[{"embeddable":true,"href":"https:\/\/www.europesays.com\/fr\/wp-json\/wp\/v2\/users\/2"}],"replies":[{"embeddable":true,"href":"https:\/\/www.europesays.com\/fr\/wp-json\/wp\/v2\/comments?post=165240"}],"version-history":[{"count":0,"href":"https:\/\/www.europesays.com\/fr\/wp-json\/wp\/v2\/posts\/165240\/revisions"}],"wp:featuredmedia":[{"embeddable":true,"href":"https:\/\/www.europesays.com\/fr\/wp-json\/wp\/v2\/media\/165241"}],"wp:attachment":[{"href":"https:\/\/www.europesays.com\/fr\/wp-json\/wp\/v2\/media?parent=165240"}],"wp:term":[{"taxonomy":"category","embeddable":true,"href":"https:\/\/www.europesays.com\/fr\/wp-json\/wp\/v2\/categories?post=165240"},{"taxonomy":"post_tag","embeddable":true,"href":"https:\/\/www.europesays.com\/fr\/wp-json\/wp\/v2\/tags?post=165240"}],"curies":[{"name":"wp","href":"https:\/\/api.w.org\/{rel}","templated":true}]}}