{"id":165250,"date":"2025-06-10T08:39:11","date_gmt":"2025-06-10T08:39:11","guid":{"rendered":"https:\/\/www.europesays.com\/fr\/165250\/"},"modified":"2025-06-10T08:39:11","modified_gmt":"2025-06-10T08:39:11","slug":"grenoble-une-porte-dentree-incendiee-en-centre-ville","status":"publish","type":"post","link":"https:\/\/www.europesays.com\/fr\/165250\/","title":{"rendered":"Grenoble. Une porte d\u2019entr\u00e9e incendi\u00e9e en centre-ville"},"content":{"rendered":"<p>Les sapeurs-pompiers et les policiers sont intervenus mardi 10\u00a0juin, au n\u00b0\u00a01 de la rue Marcel-Deprez \u00e0 Grenoble, vers 3\u00a0h\u00a050 o\u00f9 la porte d\u2019entr\u00e9e d\u2019un appartement situ\u00e9 au 2e \u00e9tage d\u2019un immeuble d\u2019habitation \u00e9tait en feu.<\/p>\n<p>Selon les premiers \u00e9l\u00e9ments de l\u2019enqu\u00eate, l\u2019incendie serait de nature criminelle puisque du liquide inflammable aurait \u00e9t\u00e9 asperg\u00e9 sur la porte. Les sapeurs-pompiers ont rapidement ma\u00eetris\u00e9 le feu qui n\u2019a heureusement pas fait de bless\u00e9 et aucune \u00e9vacuation n\u2019a \u00e9t\u00e9 n\u00e9cessaire.<\/p>\n<p>Les policiers ont ensuite proc\u00e9d\u00e9 \u00e0 une visite de l\u2019appartement qui \u00e9tait vide de tout occupant.<\/p>\n<p>Ce contenu est bloqu\u00e9 car vous n&rsquo;avez pas accept\u00e9 les cookies et autres traceurs.<\/p>\n<p>En cliquant sur \u00ab J\u2019accepte \u00bb, les cookies et autres traceurs seront d\u00e9pos\u00e9s et vous pourrez visualiser les contenus  (<a href=\"\" class=\"consentModule_policy\" target=\"_blank\" title=\"Consulter la politique de protection des donn\u00e9es du fournisseur\">plus d&rsquo;informations<\/a>).<\/p>\n<p>En cliquant sur \u00ab J\u2019accepte tous les cookies \u00bb, vous autorisez des d\u00e9p\u00f4ts de cookies et autres traceurs pour le stockage de vos donn\u00e9es sur nos sites et applications \u00e0 des fins de personnalisation et de ciblage publicitaire.<\/p>\n<p class=\"consentModule_secondaryText\">Vous gardez la possibilit\u00e9 de retirer votre consentement \u00e0 tout moment en consultant notre <a href=\"http:\/\/www.ledauphine.com\/protection-des-donnees\" target=\"_blank\" title=\"Consulter notre politique de protection des donn\u00e9es\" rel=\"nofollow noopener\">politique de protection des donn\u00e9es<\/a>. <br \/>&#13;<br \/>\n            <a href=\"http:\/\/www.ledauphine.com\/faits-divers-justice\/2025\/06\/10\/javascript:Didomi.notice.show()\" class=\"consentModule_cmp\" rel=\"nofollow noopener\" target=\"_blank\">G\u00e9rer mes choix<\/a>&#13;\n        <\/p>\n<p>&#13;<br \/>\n                        J&rsquo;accepte&#13;<br \/>\n            J&rsquo;accepte tous les cookies&#13;\n        <\/p>\n","protected":false},"excerpt":{"rendered":"Les sapeurs-pompiers et les policiers sont intervenus mardi 10\u00a0juin, au n\u00b0\u00a01 de la rue Marcel-Deprez \u00e0 Grenoble, vers&hellip;\n","protected":false},"author":2,"featured_media":165251,"comment_status":"","ping_status":"","sticky":false,"template":"","format":"standard","meta":{"footnotes":""},"categories":[9566],"tags":[1111,11,2430,112,1777,674,274,107,1795,1011,27,2731,2732,1310,108,12,25],"class_list":{"0":"post-165250","1":"post","2":"type-post","3":"status-publish","4":"format-standard","5":"has-post-thumbnail","7":"category-grenoble","8":"tag-actu","9":"tag-actualites","10":"tag-auvergne-rhone-alpes","11":"tag-edition-grenoble-agglomeration","12":"tag-eu","13":"tag-europe","14":"tag-faits-divers-justice","15":"tag-fil-info","16":"tag-fil-web","17":"tag-fr","18":"tag-france","19":"tag-grenoble","20":"tag-grenoble-bassin","21":"tag-incendie","22":"tag-isere","23":"tag-news","24":"tag-republique-francaise"},"share_on_mastodon":{"url":"https:\/\/pubeurope.com\/@fr\/114658172238042723","error":""},"_links":{"self":[{"href":"https:\/\/www.europesays.com\/fr\/wp-json\/wp\/v2\/posts\/165250","targetHints":{"allow":["GET"]}}],"collection":[{"href":"https:\/\/www.europesays.com\/fr\/wp-json\/wp\/v2\/posts"}],"about":[{"href":"https:\/\/www.europesays.com\/fr\/wp-json\/wp\/v2\/types\/post"}],"author":[{"embeddable":true,"href":"https:\/\/www.europesays.com\/fr\/wp-json\/wp\/v2\/users\/2"}],"replies":[{"embeddable":true,"href":"https:\/\/www.europesays.com\/fr\/wp-json\/wp\/v2\/comments?post=165250"}],"version-history":[{"count":0,"href":"https:\/\/www.europesays.com\/fr\/wp-json\/wp\/v2\/posts\/165250\/revisions"}],"wp:featuredmedia":[{"embeddable":true,"href":"https:\/\/www.europesays.com\/fr\/wp-json\/wp\/v2\/media\/165251"}],"wp:attachment":[{"href":"https:\/\/www.europesays.com\/fr\/wp-json\/wp\/v2\/media?parent=165250"}],"wp:term":[{"taxonomy":"category","embeddable":true,"href":"https:\/\/www.europesays.com\/fr\/wp-json\/wp\/v2\/categories?post=165250"},{"taxonomy":"post_tag","embeddable":true,"href":"https:\/\/www.europesays.com\/fr\/wp-json\/wp\/v2\/tags?post=165250"}],"curies":[{"name":"wp","href":"https:\/\/api.w.org\/{rel}","templated":true}]}}