{"id":165252,"date":"2025-06-10T08:40:11","date_gmt":"2025-06-10T08:40:11","guid":{"rendered":"https:\/\/www.europesays.com\/fr\/165252\/"},"modified":"2025-06-10T08:40:11","modified_gmt":"2025-06-10T08:40:11","slug":"metropole-de-grenoble-un-second-homme-blesse-par-balle-dans-la-meme-soiree","status":"publish","type":"post","link":"https:\/\/www.europesays.com\/fr\/165252\/","title":{"rendered":"M\u00e9tropole de Grenoble. Un second homme bless\u00e9 par balle dans la m\u00eame soir\u00e9e"},"content":{"rendered":"<p>Lundi 9\u00a0juin, peu avant 22 heures, un homme de 20 ans, bless\u00e9 par balle au pied droit, a \u00e9t\u00e9 pris en charge par les sapeurs-pompiers au niveau d\u2019un fast-food de l\u2019avenue Edmond-Esmonin, \u00e0 \u00c9chirolles, o\u00f9 il aurait trouv\u00e9 refuge apr\u00e8s avoir \u00e9t\u00e9 pris pour cible par un ou plusieurs tireurs.<\/p>\n<p>Il a \u00e9t\u00e9 transport\u00e9 au CHU Grenoble Alpes pour y \u00eatre soign\u00e9. Son pronostic vital n\u2019\u00e9tant pas engag\u00e9.<\/p>\n<p>Ce contenu est bloqu\u00e9 car vous n&rsquo;avez pas accept\u00e9 les cookies et autres traceurs.<\/p>\n<p>En cliquant sur \u00ab J\u2019accepte \u00bb, les cookies et autres traceurs seront d\u00e9pos\u00e9s et vous pourrez visualiser les contenus  (<a href=\"\" class=\"consentModule_policy\" target=\"_blank\" title=\"Consulter la politique de protection des donn\u00e9es du fournisseur\">plus d&rsquo;informations<\/a>).<\/p>\n<p>En cliquant sur \u00ab J\u2019accepte tous les cookies \u00bb, vous autorisez des d\u00e9p\u00f4ts de cookies et autres traceurs pour le stockage de vos donn\u00e9es sur nos sites et applications \u00e0 des fins de personnalisation et de ciblage publicitaire.<\/p>\n<p class=\"consentModule_secondaryText\">Vous gardez la possibilit\u00e9 de retirer votre consentement \u00e0 tout moment en consultant notre <a href=\"https:\/\/www.ledauphine.com\/protection-des-donnees\" target=\"_blank\" title=\"Consulter notre politique de protection des donn\u00e9es\" rel=\"noopener\">politique de protection des donn\u00e9es<\/a>. <br \/>&#13;<br \/>\n            <a href=\"https:\/\/www.ledauphine.com\/faits-divers-justice\/2025\/06\/10\/javascript:Didomi.notice.show()\" class=\"consentModule_cmp\" target=\"_blank\" rel=\"noopener\">G\u00e9rer mes choix<\/a>&#13;\n        <\/p>\n<p>&#13;<br \/>\n                        J&rsquo;accepte&#13;<br \/>\n            J&rsquo;accepte tous les cookies&#13;\n        <\/p>\n<p>Une enqu\u00eate a \u00e9t\u00e9 ouverte par les policiers grenoblois pour tenter de d\u00e9terminer les circonstances dans lesquelles le jeune homme \u2013 qui ne se serait pas montr\u00e9 tr\u00e8s loquace aupr\u00e8s des enqu\u00eateurs \u2013 aurait \u00e9t\u00e9 pris pour cible et tenter d\u2019identifier le ou les auteurs de ces coups de feu.<\/p>\n<p>Des policiers qui n\u2019auraient retrouv\u00e9 aucun \u00e9tui de munitions sur place mais aupr\u00e8s de qui des riverains auraient rapport\u00e9 avoir entendu deux d\u00e9tonations peu avant la prise en charge m\u00e9dicale de la victime.<\/p>\n<p>  Un homme bless\u00e9 moins de deux heures auparavant<\/p>\n<p>Cet \u00e9v\u00e9nement est intervenu moins de deux heures apr\u00e8s des tirs qui avaient <a href=\"https:\/\/www.ledauphine.com\/faits-divers-justice\/2025\/06\/09\/un-jeune-homme-de-20-ans-blesse-par-balle-dans-le-quartier-de-la-villeneuve\" target=\"_blank\" rel=\"noopener\">bless\u00e9 un homme de 20 ans<\/a>, dans le quartier de la Villeneuve de Grenoble tout proche. Vers 20\u00a0h\u00a030, alors qu\u2019il se trouvait place du March\u00e9, cet homme avait en effet \u00e9t\u00e9 pris pour cible par un ou plusieurs tireurs et atteint par un projectile au niveau d\u2019un mollet.<\/p>\n<p>Peu de temps avant, deux hommes juch\u00e9s sur une moto auraient \u00e9t\u00e9 vus en train de tirer plusieurs coups de feu en l\u2019air \u00e0 quelques centaines de m\u00e8tres de l\u00e0, sur l\u2019avenue de l\u2019Europe.<\/p>\n<p>Par ailleurs, vers 1 heure dans la nuit de lundi \u00e0 mardi, plusieurs d\u00e9tonations pouvant s\u2019apparenter \u00e0 des coups de feu ont \u00e9t\u00e9 entendues \u00e0 proximit\u00e9 de l\u2019avenue Marie-Reynoard qui longe le quartier de la Villeneuve de Grenoble. Aucun bless\u00e9 n\u2019aurait \u00e9t\u00e9 pris en charge et aucun \u00e9tui ou projectile de munitions n\u2019aurait \u00e9t\u00e9 retrouv\u00e9 mais des t\u00e9moins auraient expliqu\u00e9 aux policiers avoir vu deux hommes juch\u00e9s sur une moto \u00e9lectrique faire usage d\u2019un fusil.<\/p>\n<p>Les enqu\u00eateurs cherchent \u00e0 \u00e9tablir si ces diff\u00e9rents \u00e9v\u00e9nements survenus en quelques heures et dans le m\u00eame secteur sont en lien.<\/p>\n","protected":false},"excerpt":{"rendered":"Lundi 9\u00a0juin, peu avant 22 heures, un homme de 20 ans, bless\u00e9 par balle au pied droit, a&hellip;\n","protected":false},"author":2,"featured_media":165253,"comment_status":"","ping_status":"","sticky":false,"template":"","format":"standard","meta":{"footnotes":""},"categories":[9566],"tags":[1111,11,2430,271,272,9852,9853,112,1777,674,274,1795,1011,27,2731,108,12,25],"class_list":{"0":"post-165252","1":"post","2":"type-post","3":"status-publish","4":"format-standard","5":"has-post-thumbnail","7":"category-grenoble","8":"tag-actu","9":"tag-actualites","10":"tag-auvergne-rhone-alpes","11":"tag-crime","12":"tag-delit-et-contravention","13":"tag-echirolles","14":"tag-echirolles-bassin","15":"tag-edition-grenoble-agglomeration","16":"tag-eu","17":"tag-europe","18":"tag-faits-divers-justice","19":"tag-fil-web","20":"tag-fr","21":"tag-france","22":"tag-grenoble","23":"tag-isere","24":"tag-news","25":"tag-republique-francaise"},"share_on_mastodon":{"url":"https:\/\/pubeurope.com\/@fr\/114658176074479754","error":""},"_links":{"self":[{"href":"https:\/\/www.europesays.com\/fr\/wp-json\/wp\/v2\/posts\/165252","targetHints":{"allow":["GET"]}}],"collection":[{"href":"https:\/\/www.europesays.com\/fr\/wp-json\/wp\/v2\/posts"}],"about":[{"href":"https:\/\/www.europesays.com\/fr\/wp-json\/wp\/v2\/types\/post"}],"author":[{"embeddable":true,"href":"https:\/\/www.europesays.com\/fr\/wp-json\/wp\/v2\/users\/2"}],"replies":[{"embeddable":true,"href":"https:\/\/www.europesays.com\/fr\/wp-json\/wp\/v2\/comments?post=165252"}],"version-history":[{"count":0,"href":"https:\/\/www.europesays.com\/fr\/wp-json\/wp\/v2\/posts\/165252\/revisions"}],"wp:featuredmedia":[{"embeddable":true,"href":"https:\/\/www.europesays.com\/fr\/wp-json\/wp\/v2\/media\/165253"}],"wp:attachment":[{"href":"https:\/\/www.europesays.com\/fr\/wp-json\/wp\/v2\/media?parent=165252"}],"wp:term":[{"taxonomy":"category","embeddable":true,"href":"https:\/\/www.europesays.com\/fr\/wp-json\/wp\/v2\/categories?post=165252"},{"taxonomy":"post_tag","embeddable":true,"href":"https:\/\/www.europesays.com\/fr\/wp-json\/wp\/v2\/tags?post=165252"}],"curies":[{"name":"wp","href":"https:\/\/api.w.org\/{rel}","templated":true}]}}